{"id":1521,"date":"2017-05-24T13:09:23","date_gmt":"2017-05-24T11:09:23","guid":{"rendered":"http:\/\/blog.nextdoor.fr\/?p=1521"},"modified":"2023-07-09T23:07:08","modified_gmt":"2023-07-09T21:07:08","slug":"fete-meres-mamans-ne-comptent-prunes","status":"publish","type":"post","link":"https:\/\/www.wojo.com\/blog\/fr\/du-bonheur-en-boite\/fete-meres-mamans-ne-comptent-prunes\/","title":{"rendered":"[F\u00eate des M\u00e8res] Les mamans ne comptent pas pour des prunes"},"content":{"rendered":"<p style=\"text-align: justify;\"><strong>Cette ann\u00e9e, la f\u00eate des M\u00e8res tombe un 28 mai. Alors soit vous \u00eates le roi ou la reine de l\u2019anticipation, et vous avez d\u00e9j\u00e0 pr\u00e9vu un petit cadeau pour votre maman. Soit vous apprenez seulement maintenant qu\u2019il vous reste quelques heures \u00e0 peine pour trouver un petit quelque chose. Derni\u00e8re option\u00a0: le 28 mai est pass\u00e9 et vous ne lui avez pas m\u00eame pass\u00e9 un coup de fil. C\u2019est moche. D\u2019autant que la f\u00eate des M\u00e8res, c\u2019est important. Vous en doutez\u00a0? On se propose de vous convaincre en 5 minutes.<\/strong><\/p>\n<h2>Moi maman, je rendrai le partage obligatoire \u00e0 tout \u00e2ge<\/h2>\n<p style=\"text-align: justify;\">Apr\u00e8s 9 mois de grossesse et plus de 12\u00a0h00 d\u2019accouchement (dur\u00e9e moyenne pour le premier enfant), la m\u00e8re d\u2019aujourd\u2019hui attend bien qu\u2019on lui montre un chouia de reconnaissance. Surtout en France, o\u00f9 le taux de natalit\u00e9 fr\u00f4le les deux enfants par femme et o\u00f9, contrairement \u00e0 l\u2019\u00e9poque de P\u00e9tain (oui, il s\u2019agit d\u2019un rappel historique), les m\u00e8res tentent jour apr\u00e8s jour de jongler entre vie de famille et vie de travail.<\/p>\n<p style=\"text-align: justify;\">Alors je vois d\u00e9j\u00e0 les cyniques qui n\u2019y voient encore qu\u2019une date commerciale, faite pour cr\u00e9er de nouveaux besoins de consommation. Amis cyniques, vous avez raison\u00a0! La f\u00eate des M\u00e8res est devenue une f\u00eate commerciale. Mais pas seulement. C\u2019est aussi l\u2019occasion de faire des rappels \u00e9vocateurs sur la place des femmes dans la soci\u00e9t\u00e9.<\/p>\n<div class=\"encart\">\n<h3 style=\"text-align: center;\">En 2016<\/h3>\n<p style=\"text-align: center;\"><strong>Les hommes gagnent 19,2\u00a0% de plus que les femmes<br \/>\n<\/strong>(non, pas d\u2019erreur de virgule)<\/p>\n<p style=\"text-align: center;\"><strong>72\u00a0% des t\u00e2ches m\u00e9nag\u00e8res sont effectu\u00e9es par des femmes<br \/>\n<\/strong>(c\u2019est que les chaussettes sales ne se lavent pas toutes seules)<\/p>\n<p style=\"text-align: center;\"><strong>Seuls 12\u00a0% des p\u00e8res se sont d\u00e9j\u00e0 arr\u00eat\u00e9s un mois pour un cong\u00e9 parental<br \/>\n<\/strong>(c\u2019est plus facile de faire des enfants que de s'en occuper ou aller les chercher \u00e0 la <a href=\"https:\/\/www.wojo.com\/blog\/fr\/la-boite-a-outils\/les-creches-dentreprise-savoir-dix-questions\/\">cr\u00e8che<\/a>\u2026)<\/p>\n<p style=\"text-align: center;\">Sources\u00a0: <span style=\"color: #000000;\"><a style=\"color: #000000;\" href=\"http:\/\/www.gouvernement.fr\/partage\/7969-12-chiffres-sur-les-inegalites-femmeshommes-en-france-sexismepasnotregenre\" target=\"_blank\" rel=\"noopener noreferrer\">Gouvernement.fr<\/a><\/span><\/p>\n<\/div>\n<p style=\"text-align: justify;\">Indesit s\u2019est m\u00eame empar\u00e9 de ces in\u00e9galit\u00e9s du quotidien pour mettre en avant une publicit\u00e9 en mode storytelling, qui a le bon go\u00fbt de faire ressortir de fa\u00e7on assez flagrante le probl\u00e8me.<\/p>\n<p><a href=\"https:\/\/www.youtube.com\/watch?v=lyNM0i6ucko\">https:\/\/www.youtube.com\/watch?v=lyNM0i6ucko<\/a><\/p>\n<p>Vous voyez le topo\u00a0?<\/p>\n<h2>Moi chef d'entreprise, je prendrai la place de Bruce Wayne (et non de Wonder Woman)<\/h2>\n<figure id=\"attachment_1528\" aria-describedby=\"caption-attachment-1528\" style=\"width: 263px\" class=\"wp-caption alignleft\"><img class=\"wp-image-1528 size-medium\" src=\"http:\/\/blog.wojo.fr\/wp-content\/uploads\/2017\/05\/Veronique-Bouton-166-e1495624152800-263x300.jpg\" alt=\"\" width=\"263\" height=\"300\" \/><figcaption id=\"caption-attachment-1528\" class=\"wp-caption-text\">V\u00e9ronique Bouton<\/figcaption><\/figure>\n<p style=\"text-align: justify;\">Dans tout ce marasme et cette stagnation de la soci\u00e9t\u00e9 qui peine encore \u00e0 \u00e9voluer, certaines femmes ont d\u00e9cid\u00e9 de faire bouger les lignes, en travaillant autrement. Elles sont entrepreneuses et fi\u00e8res de l\u2019\u00eatre. V\u00e9ronique Bouton de <a href=\"https:\/\/www.leadinov.com\/\">Leadinov<\/a> \u00e9voque avec nous la r\u00e9action de ses proches face \u00e0 sa d\u00e9cision\u00a0: <em>\u00ab\u00a0On me disait tout le temps que j\u2019\u00e9tais compl\u00e8tement inconsciente de quitter mon beau poste de salari\u00e9e pour cr\u00e9er ma soci\u00e9t\u00e9, alors que dehors c\u2019\u00e9tait la crise. Je me suis heurt\u00e9e \u00e0 l\u2019incompr\u00e9hension de la plupart des personnes de mon entourage. J\u2019ai toujours le sentiment que si j\u2019avais \u00e9t\u00e9 un homme, on aurait salu\u00e9 mon courage, plut\u00f4t qu\u2019un suppos\u00e9 coup de folie.\u00bb<\/em><\/p>\n<p style=\"text-align: justify;\">\n<figure id=\"attachment_1547\" aria-describedby=\"caption-attachment-1547\" style=\"width: 215px\" class=\"wp-caption alignright\"><img class=\"wp-image-1547\" src=\"http:\/\/blog.wojo.fr\/wp-content\/uploads\/2017\/05\/LN-pro-300x300.jpg\" alt=\"\" width=\"215\" height=\"215\" \/><figcaption id=\"caption-attachment-1547\" class=\"wp-caption-text\">H\u00e9l\u00e8ne Exbrayat<\/figcaption><\/figure>\n<p style=\"text-align: justify;\">Choisir l\u2019entrepreneuriat est un v\u00e9ritable choix de carri\u00e8re, comme nous l\u2019explique une autre r\u00e9sidente, H\u00e9l\u00e8ne Exbrayat fondatrice de <a href=\"http:\/\/www.sequoiavox.com\/\">SequoiaVox<\/a>. <em>\u00ab\u00a0J\u2019ai fait le choix de devenir dirigeante par passion de l\u2019entrepreneuriat. J\u2019ai un temp\u00e9rament de fonceuse et suis super ind\u00e9pendante.\u00a0\u00bb<\/em> Et il est vrai que de plus en plus de femmes font ce choix et se sentent libres de le faire. 40 % des Entreprises Individuelles cr\u00e9\u00e9es en 2016 l\u2019ont \u00e9t\u00e9 par des femmes par exemple (Source\u00a0: Insee). \u00c7a bouge. M\u00eame si cela correspond \u00e9galement \u00e0 une tendance globale du travail o\u00f9 entrepreneurs, ind\u00e9pendants et freelances se sont multipli\u00e9s comme des petits pains au gr\u00e9 de l\u2019explosion de la digitalisation de nombreux m\u00e9tiers (+6 % de cr\u00e9ation de nouvelles entreprises en 2016, la plus forte hausse depuis 6 ans selon l\u2019Insee).<\/p>\n<h2>Moi maman, je ferai de mon demain un jour meilleur<\/h2>\n<figure id=\"attachment_1530\" aria-describedby=\"caption-attachment-1530\" style=\"width: 300px\" class=\"wp-caption alignright\"><img class=\"size-medium wp-image-1530\" src=\"http:\/\/blog.wojo.fr\/wp-content\/uploads\/2017\/05\/Photo-Vanessa-300x222.png\" alt=\"\" width=\"300\" height=\"222\" \/><figcaption id=\"caption-attachment-1530\" class=\"wp-caption-text\">Vanessa Lavergne<\/figcaption><\/figure>\n<p style=\"text-align: justify;\">Mais nombre de femmes font aussi ce choix d\u2019ind\u00e9pendance en tant que m\u00e8re, \u00e0 l\u2019image de <a href=\"https:\/\/twitter.com\/VanLav\" target=\"_blank\" rel=\"noopener noreferrer\">Vanessa Lavergne<\/a>, conseill\u00e8re en communication\u00a0: <em>\u00ab\u00a0Apr\u00e8s la naissance de mon fils, j\u2019ai eu envie de changement. Je voulais plus de libert\u00e9, \u00e0 la fois dans mes projets, mes \u00e9quipes, mes horaires.\u00a0\u00bb<\/em> Et pour cause, dans une soci\u00e9t\u00e9 o\u00f9 les m\u00e8res ont la charge des enfants au quotidien, o\u00f9 il faut g\u00e9rer l\u2019intendance, les courses, les devoirs, les sorties de cr\u00e8che ou d\u2019\u00e9cole, les rendez-vous en urgence chez le m\u00e9decin, il est parfois plus simple d\u2019avoir une certaine souplesse sur ses horaires et son mode de travail. Et Vanessa Lavergne d\u2019ajouter\u00a0: <em>\u00ab\u00a0Pour moi, \u00eatre une femme entrepreneure est plut\u00f4t un atout. Plus de patron ind\u00e9licat pour vous demander si vous avez pris votre journ\u00e9e quand vous quittez le bureau \u00e0 18\u00a0h\u00a030 pour partir chercher votre\u00a0<\/em><em>enfant.\u00a0\u00bb<\/em><\/p>\n<figure id=\"attachment_1531\" aria-describedby=\"caption-attachment-1531\" style=\"width: 300px\" class=\"wp-caption alignright\"><img class=\"wp-image-1531\" src=\"http:\/\/blog.wojo.fr\/wp-content\/uploads\/2017\/05\/PORTRAIT-CARO-300x285.jpg\" alt=\"\" width=\"300\" height=\"285\" \/><figcaption id=\"caption-attachment-1531\" class=\"wp-caption-text\">Caroline Guillaume<\/figcaption><\/figure>\n<p style=\"text-align: justify;\">Pour Caroline Guillaume fondatrice de <a href=\"http:\/\/www.chasseurdetoit.com\/\" target=\"_blank\" rel=\"noopener noreferrer\">Chasseurs de Toit<\/a>, elle a pu faire le choix de son lieu de travail en fonction de ses imp\u00e9ratifs familiaux\u00a0: <em>\u00ab\u00a0Mon bureau se situe \u00e0 quelques minutes de notre domicile et de l\u2019\u00e9cole de nos deux enfants de 7 et 10 ans.\u00a0\u00bb\u00a0<\/em>L\u2019entrepreneuriat permet aussi aux femmes d\u2019acc\u00e9der \u00e0 des fonctions dirigeantes, sans attendre que les enfants soient enfin grands, sans encha\u00eener les grossesses en se retrouvant bien souvent mises au banc de l\u2019entreprise. Il y a bien s\u00fbr un revers \u00e0 cette m\u00e9daille. Cela veut aussi dire plus d\u2019ins\u00e9curit\u00e9, des cong\u00e9s maternit\u00e9s quasi impossibles \u00e0 prendre ou inexistants, une couverture sociale moins bonne et cet imp\u00e9ratif des m\u00e8res et des entrepreneurs : ne jamais \u00eatre malade.<\/p>\n<p style=\"text-align: justify;\">\u00catre m\u00e8re repr\u00e9sente donc de nombreux d\u00e9fis en France, au niveau personnel, comme professionnel. Oui, les m\u00e8res veulent que \u00e7a change, et elles veulent un peu de reconnaissance, au moins un jour par an. Alors si le consum\u00e9risme de cette f\u00eate devenue traditionnelle vous d\u00e9range, vous avez le droit de lui masser le dos ou les pieds \u00e0 votre m\u00e8re, de lui pr\u00e9parer un bon repas, de l\u2019\u00e9couter quand elle vous parle ou de d\u00e9crocher votre t\u00e9l\u00e9phone quand elle vous appelle. En gros, ne soyez pas ingrat, et souhaitez-lui dans les bonnes formes \u00ab\u00a0une tr\u00e8s bonne f\u00eate\u00a0\u00bb.<\/p>\n<p style=\"text-align: justify;\">PS Les jolis dessins et autres colliers de p\u00e2tes ne sont autoris\u00e9s que pour les enfants.<\/p>\n<p>\u00c0 lire aussi : <a href=\"https:\/\/www.wojo.com\/blog\/fr\/du-bonheur-en-boite\/fete-peres-as-beau-etre-papa-2-0-prends-garde-ca-va-etre-fete\/\">\u00catre un papa 2.0, pas si simple !<\/a><\/p>\n","protected":false},"excerpt":{"rendered":"<p>Cette ann\u00e9e, la f\u00eate des M\u00e8res tombe un 28 mai. Alors soit vous \u00eates le roi ou la reine de l\u2019anticipation, et vous avez d\u00e9j\u00e0 pr\u00e9vu un petit cadeau pour votre maman. Soit vous apprenez seulement maintenant qu\u2019il vous reste quelques heures \u00e0 peine pour trouver un petit quelque chose. Derni\u00e8re option\u00a0: le 28 mai [&hellip;]<\/p>\n","protected":false},"author":1,"featured_media":1527,"comment_status":"open","ping_status":"open","sticky":false,"template":"","format":"standard","meta":{"podcast_url_v2":"","footnotes":""},"categories":[14],"tags":[],"class_list":["post-1521","post","type-post","status-publish","format-standard","has-post-thumbnail","hentry","category-du-bonheur-en-boite"],"yoast_head":"<!-- This site is optimized with the Yoast SEO plugin v27.4 - https:\/\/yoast.com\/product\/yoast-seo-wordpress\/ -->\n<title>F\u00eate des m\u00e8res : les femmes en entreprise - Chiffres<\/title>\n<meta name=\"description\" content=\"Cette ann\u00e9e, la f\u00eate des M\u00e8res tombe un 28 mai. Alors soit vous \u00eates le roi ou la reine de l\u2019anticipation, et vous avez d\u00e9j\u00e0 pr\u00e9vu un petit cadeau pour\" \/>\n<meta name=\"robots\" content=\"index, follow, max-snippet:-1, max-image-preview:large, max-video-preview:-1\" \/>\n<link rel=\"canonical\" href=\"https:\/\/www.wojo.com\/blog\/fr\/du-bonheur-en-boite\/fete-meres-mamans-ne-comptent-prunes\/\" \/>\n<meta property=\"og:locale\" content=\"fr_FR\" \/>\n<meta property=\"og:type\" content=\"article\" \/>\n<meta property=\"og:title\" content=\"F\u00eate des m\u00e8res : les femmes en entreprise - Chiffres\" \/>\n<meta property=\"og:description\" content=\"Cette ann\u00e9e, la f\u00eate des M\u00e8res tombe un 28 mai. Alors soit vous \u00eates le roi ou la reine de l\u2019anticipation, et vous avez d\u00e9j\u00e0 pr\u00e9vu un petit cadeau pour\" \/>\n<meta property=\"og:url\" content=\"https:\/\/www.wojo.com\/blog\/fr\/du-bonheur-en-boite\/fete-meres-mamans-ne-comptent-prunes\/\" \/>\n<meta property=\"og:site_name\" content=\"Blog Wojo\" \/>\n<meta property=\"article:publisher\" content=\"https:\/\/www.facebook.com\/Wojo.coworking\/\" \/>\n<meta property=\"article:published_time\" content=\"2017-05-24T11:09:23+00:00\" \/>\n<meta property=\"article:modified_time\" content=\"2023-07-09T21:07:08+00:00\" \/>\n<meta property=\"og:image\" content=\"https:\/\/www.wojo.com\/blog\/wp-content\/uploads\/2017\/05\/london-scout-41032-scaled.jpg\" \/>\n\t<meta property=\"og:image:width\" content=\"2560\" \/>\n\t<meta property=\"og:image:height\" content=\"1707\" \/>\n\t<meta property=\"og:image:type\" content=\"image\/jpeg\" \/>\n<meta name=\"author\" content=\"Wojo\" \/>\n<meta name=\"twitter:card\" content=\"summary_large_image\" \/>\n<meta name=\"twitter:creator\" content=\"@Wojo_co\" \/>\n<meta name=\"twitter:site\" content=\"@Wojo_co\" \/>\n<meta name=\"twitter:label1\" content=\"\u00c9crit par\" \/>\n\t<meta name=\"twitter:data1\" content=\"Wojo\" \/>\n\t<meta name=\"twitter:label2\" content=\"Dur\u00e9e de lecture estim\u00e9e\" \/>\n\t<meta name=\"twitter:data2\" content=\"7 minutes\" \/>\n<script type=\"application\/ld+json\" class=\"yoast-schema-graph\">{\"@context\":\"https:\\\/\\\/schema.org\",\"@graph\":[{\"@type\":\"Article\",\"@id\":\"https:\\\/\\\/www.wojo.com\\\/blog\\\/fr\\\/du-bonheur-en-boite\\\/fete-meres-mamans-ne-comptent-prunes\\\/#article\",\"isPartOf\":{\"@id\":\"https:\\\/\\\/www.wojo.com\\\/blog\\\/fr\\\/du-bonheur-en-boite\\\/fete-meres-mamans-ne-comptent-prunes\\\/\"},\"author\":{\"name\":\"Wojo\",\"@id\":\"https:\\\/\\\/www.wojo.com\\\/blog\\\/#\\\/schema\\\/person\\\/52175cfaea09e0d3479bdd89e2993639\"},\"headline\":\"[F\u00eate des M\u00e8res] Les mamans ne comptent pas pour des prunes\",\"datePublished\":\"2017-05-24T11:09:23+00:00\",\"dateModified\":\"2023-07-09T21:07:08+00:00\",\"mainEntityOfPage\":{\"@id\":\"https:\\\/\\\/www.wojo.com\\\/blog\\\/fr\\\/du-bonheur-en-boite\\\/fete-meres-mamans-ne-comptent-prunes\\\/\"},\"wordCount\":1164,\"commentCount\":0,\"publisher\":{\"@id\":\"https:\\\/\\\/www.wojo.com\\\/blog\\\/#organization\"},\"image\":{\"@id\":\"https:\\\/\\\/www.wojo.com\\\/blog\\\/fr\\\/du-bonheur-en-boite\\\/fete-meres-mamans-ne-comptent-prunes\\\/#primaryimage\"},\"thumbnailUrl\":\"https:\\\/\\\/www.wojo.com\\\/blog\\\/wp-content\\\/uploads\\\/2017\\\/05\\\/london-scout-41032-scaled.jpg\",\"articleSection\":[\"Du bonheur en bo\u00eete\"],\"inLanguage\":\"fr-FR\",\"potentialAction\":[{\"@type\":\"CommentAction\",\"name\":\"Comment\",\"target\":[\"https:\\\/\\\/www.wojo.com\\\/blog\\\/fr\\\/du-bonheur-en-boite\\\/fete-meres-mamans-ne-comptent-prunes\\\/#respond\"]}]},{\"@type\":\"WebPage\",\"@id\":\"https:\\\/\\\/www.wojo.com\\\/blog\\\/fr\\\/du-bonheur-en-boite\\\/fete-meres-mamans-ne-comptent-prunes\\\/\",\"url\":\"https:\\\/\\\/www.wojo.com\\\/blog\\\/fr\\\/du-bonheur-en-boite\\\/fete-meres-mamans-ne-comptent-prunes\\\/\",\"name\":\"F\u00eate des m\u00e8res : les femmes en entreprise - Chiffres\",\"isPartOf\":{\"@id\":\"https:\\\/\\\/www.wojo.com\\\/blog\\\/#website\"},\"primaryImageOfPage\":{\"@id\":\"https:\\\/\\\/www.wojo.com\\\/blog\\\/fr\\\/du-bonheur-en-boite\\\/fete-meres-mamans-ne-comptent-prunes\\\/#primaryimage\"},\"image\":{\"@id\":\"https:\\\/\\\/www.wojo.com\\\/blog\\\/fr\\\/du-bonheur-en-boite\\\/fete-meres-mamans-ne-comptent-prunes\\\/#primaryimage\"},\"thumbnailUrl\":\"https:\\\/\\\/www.wojo.com\\\/blog\\\/wp-content\\\/uploads\\\/2017\\\/05\\\/london-scout-41032-scaled.jpg\",\"datePublished\":\"2017-05-24T11:09:23+00:00\",\"dateModified\":\"2023-07-09T21:07:08+00:00\",\"description\":\"Cette ann\u00e9e, la f\u00eate des M\u00e8res tombe un 28 mai. Alors soit vous \u00eates le roi ou la reine de l\u2019anticipation, et vous avez d\u00e9j\u00e0 pr\u00e9vu un petit cadeau pour\",\"breadcrumb\":{\"@id\":\"https:\\\/\\\/www.wojo.com\\\/blog\\\/fr\\\/du-bonheur-en-boite\\\/fete-meres-mamans-ne-comptent-prunes\\\/#breadcrumb\"},\"inLanguage\":\"fr-FR\",\"potentialAction\":[{\"@type\":\"ReadAction\",\"target\":[\"https:\\\/\\\/www.wojo.com\\\/blog\\\/fr\\\/du-bonheur-en-boite\\\/fete-meres-mamans-ne-comptent-prunes\\\/\"]}]},{\"@type\":\"ImageObject\",\"inLanguage\":\"fr-FR\",\"@id\":\"https:\\\/\\\/www.wojo.com\\\/blog\\\/fr\\\/du-bonheur-en-boite\\\/fete-meres-mamans-ne-comptent-prunes\\\/#primaryimage\",\"url\":\"https:\\\/\\\/www.wojo.com\\\/blog\\\/wp-content\\\/uploads\\\/2017\\\/05\\\/london-scout-41032-scaled.jpg\",\"contentUrl\":\"https:\\\/\\\/www.wojo.com\\\/blog\\\/wp-content\\\/uploads\\\/2017\\\/05\\\/london-scout-41032-scaled.jpg\",\"width\":2560,\"height\":1707},{\"@type\":\"BreadcrumbList\",\"@id\":\"https:\\\/\\\/www.wojo.com\\\/blog\\\/fr\\\/du-bonheur-en-boite\\\/fete-meres-mamans-ne-comptent-prunes\\\/#breadcrumb\",\"itemListElement\":[{\"@type\":\"ListItem\",\"position\":1,\"name\":\"Accueil\",\"item\":\"https:\\\/\\\/www.wojo.com\\\/blog\\\/fr\\\/\"},{\"@type\":\"ListItem\",\"position\":2,\"name\":\"Du bonheur en bo\u00eete\",\"item\":\"https:\\\/\\\/www.wojo.com\\\/blog\\\/fr\\\/category\\\/du-bonheur-en-boite\\\/\"},{\"@type\":\"ListItem\",\"position\":3,\"name\":\"[F\u00eate des M\u00e8res] Les mamans ne comptent pas pour des prunes\"}]},{\"@type\":\"WebSite\",\"@id\":\"https:\\\/\\\/www.wojo.com\\\/blog\\\/#website\",\"url\":\"https:\\\/\\\/www.wojo.com\\\/blog\\\/\",\"name\":\"Blog Wojo\",\"description\":\"Work. Share. Live.\",\"publisher\":{\"@id\":\"https:\\\/\\\/www.wojo.com\\\/blog\\\/#organization\"},\"potentialAction\":[{\"@type\":\"SearchAction\",\"target\":{\"@type\":\"EntryPoint\",\"urlTemplate\":\"https:\\\/\\\/www.wojo.com\\\/blog\\\/?s={search_term_string}\"},\"query-input\":{\"@type\":\"PropertyValueSpecification\",\"valueRequired\":true,\"valueName\":\"search_term_string\"}}],\"inLanguage\":\"fr-FR\"},{\"@type\":\"Organization\",\"@id\":\"https:\\\/\\\/www.wojo.com\\\/blog\\\/#organization\",\"name\":\"Wojo\",\"url\":\"https:\\\/\\\/www.wojo.com\\\/blog\\\/\",\"logo\":{\"@type\":\"ImageObject\",\"inLanguage\":\"fr-FR\",\"@id\":\"https:\\\/\\\/www.wojo.com\\\/blog\\\/#\\\/schema\\\/logo\\\/image\\\/\",\"url\":\"\",\"contentUrl\":\"\",\"caption\":\"Wojo\"},\"image\":{\"@id\":\"https:\\\/\\\/www.wojo.com\\\/blog\\\/#\\\/schema\\\/logo\\\/image\\\/\"},\"sameAs\":[\"https:\\\/\\\/www.facebook.com\\\/Wojo.coworking\\\/\",\"https:\\\/\\\/x.com\\\/Wojo_co\",\"https:\\\/\\\/instagram.com\\\/wojo_co\\\/\",\"https:\\\/\\\/www.linkedin.com\\\/company\\\/wojo-co\\\/\",\"https:\\\/\\\/www.youtube.com\\\/channel\\\/UCorVBPUgSsTQ3zUR9CYSp8Q\"]},{\"@type\":\"Person\",\"@id\":\"https:\\\/\\\/www.wojo.com\\\/blog\\\/#\\\/schema\\\/person\\\/52175cfaea09e0d3479bdd89e2993639\",\"name\":\"Wojo\"}]}<\/script>\n<!-- \/ Yoast SEO plugin. -->","yoast_head_json":{"title":"F\u00eate des m\u00e8res : les femmes en entreprise - Chiffres","description":"Cette ann\u00e9e, la f\u00eate des M\u00e8res tombe un 28 mai. Alors soit vous \u00eates le roi ou la reine de l\u2019anticipation, et vous avez d\u00e9j\u00e0 pr\u00e9vu un petit cadeau pour","robots":{"index":"index","follow":"follow","max-snippet":"max-snippet:-1","max-image-preview":"max-image-preview:large","max-video-preview":"max-video-preview:-1"},"canonical":"https:\/\/www.wojo.com\/blog\/fr\/du-bonheur-en-boite\/fete-meres-mamans-ne-comptent-prunes\/","og_locale":"fr_FR","og_type":"article","og_title":"F\u00eate des m\u00e8res : les femmes en entreprise - Chiffres","og_description":"Cette ann\u00e9e, la f\u00eate des M\u00e8res tombe un 28 mai. Alors soit vous \u00eates le roi ou la reine de l\u2019anticipation, et vous avez d\u00e9j\u00e0 pr\u00e9vu un petit cadeau pour","og_url":"https:\/\/www.wojo.com\/blog\/fr\/du-bonheur-en-boite\/fete-meres-mamans-ne-comptent-prunes\/","og_site_name":"Blog Wojo","article_publisher":"https:\/\/www.facebook.com\/Wojo.coworking\/","article_published_time":"2017-05-24T11:09:23+00:00","article_modified_time":"2023-07-09T21:07:08+00:00","og_image":[{"width":2560,"height":1707,"url":"https:\/\/www.wojo.com\/blog\/wp-content\/uploads\/2017\/05\/london-scout-41032-scaled.jpg","type":"image\/jpeg"}],"author":"Wojo","twitter_card":"summary_large_image","twitter_creator":"@Wojo_co","twitter_site":"@Wojo_co","twitter_misc":{"\u00c9crit par":"Wojo","Dur\u00e9e de lecture estim\u00e9e":"7 minutes"},"schema":{"@context":"https:\/\/schema.org","@graph":[{"@type":"Article","@id":"https:\/\/www.wojo.com\/blog\/fr\/du-bonheur-en-boite\/fete-meres-mamans-ne-comptent-prunes\/#article","isPartOf":{"@id":"https:\/\/www.wojo.com\/blog\/fr\/du-bonheur-en-boite\/fete-meres-mamans-ne-comptent-prunes\/"},"author":{"name":"Wojo","@id":"https:\/\/www.wojo.com\/blog\/#\/schema\/person\/52175cfaea09e0d3479bdd89e2993639"},"headline":"[F\u00eate des M\u00e8res] Les mamans ne comptent pas pour des prunes","datePublished":"2017-05-24T11:09:23+00:00","dateModified":"2023-07-09T21:07:08+00:00","mainEntityOfPage":{"@id":"https:\/\/www.wojo.com\/blog\/fr\/du-bonheur-en-boite\/fete-meres-mamans-ne-comptent-prunes\/"},"wordCount":1164,"commentCount":0,"publisher":{"@id":"https:\/\/www.wojo.com\/blog\/#organization"},"image":{"@id":"https:\/\/www.wojo.com\/blog\/fr\/du-bonheur-en-boite\/fete-meres-mamans-ne-comptent-prunes\/#primaryimage"},"thumbnailUrl":"https:\/\/www.wojo.com\/blog\/wp-content\/uploads\/2017\/05\/london-scout-41032-scaled.jpg","articleSection":["Du bonheur en bo\u00eete"],"inLanguage":"fr-FR","potentialAction":[{"@type":"CommentAction","name":"Comment","target":["https:\/\/www.wojo.com\/blog\/fr\/du-bonheur-en-boite\/fete-meres-mamans-ne-comptent-prunes\/#respond"]}]},{"@type":"WebPage","@id":"https:\/\/www.wojo.com\/blog\/fr\/du-bonheur-en-boite\/fete-meres-mamans-ne-comptent-prunes\/","url":"https:\/\/www.wojo.com\/blog\/fr\/du-bonheur-en-boite\/fete-meres-mamans-ne-comptent-prunes\/","name":"F\u00eate des m\u00e8res : les femmes en entreprise - Chiffres","isPartOf":{"@id":"https:\/\/www.wojo.com\/blog\/#website"},"primaryImageOfPage":{"@id":"https:\/\/www.wojo.com\/blog\/fr\/du-bonheur-en-boite\/fete-meres-mamans-ne-comptent-prunes\/#primaryimage"},"image":{"@id":"https:\/\/www.wojo.com\/blog\/fr\/du-bonheur-en-boite\/fete-meres-mamans-ne-comptent-prunes\/#primaryimage"},"thumbnailUrl":"https:\/\/www.wojo.com\/blog\/wp-content\/uploads\/2017\/05\/london-scout-41032-scaled.jpg","datePublished":"2017-05-24T11:09:23+00:00","dateModified":"2023-07-09T21:07:08+00:00","description":"Cette ann\u00e9e, la f\u00eate des M\u00e8res tombe un 28 mai. Alors soit vous \u00eates le roi ou la reine de l\u2019anticipation, et vous avez d\u00e9j\u00e0 pr\u00e9vu un petit cadeau pour","breadcrumb":{"@id":"https:\/\/www.wojo.com\/blog\/fr\/du-bonheur-en-boite\/fete-meres-mamans-ne-comptent-prunes\/#breadcrumb"},"inLanguage":"fr-FR","potentialAction":[{"@type":"ReadAction","target":["https:\/\/www.wojo.com\/blog\/fr\/du-bonheur-en-boite\/fete-meres-mamans-ne-comptent-prunes\/"]}]},{"@type":"ImageObject","inLanguage":"fr-FR","@id":"https:\/\/www.wojo.com\/blog\/fr\/du-bonheur-en-boite\/fete-meres-mamans-ne-comptent-prunes\/#primaryimage","url":"https:\/\/www.wojo.com\/blog\/wp-content\/uploads\/2017\/05\/london-scout-41032-scaled.jpg","contentUrl":"https:\/\/www.wojo.com\/blog\/wp-content\/uploads\/2017\/05\/london-scout-41032-scaled.jpg","width":2560,"height":1707},{"@type":"BreadcrumbList","@id":"https:\/\/www.wojo.com\/blog\/fr\/du-bonheur-en-boite\/fete-meres-mamans-ne-comptent-prunes\/#breadcrumb","itemListElement":[{"@type":"ListItem","position":1,"name":"Accueil","item":"https:\/\/www.wojo.com\/blog\/fr\/"},{"@type":"ListItem","position":2,"name":"Du bonheur en bo\u00eete","item":"https:\/\/www.wojo.com\/blog\/fr\/category\/du-bonheur-en-boite\/"},{"@type":"ListItem","position":3,"name":"[F\u00eate des M\u00e8res] Les mamans ne comptent pas pour des prunes"}]},{"@type":"WebSite","@id":"https:\/\/www.wojo.com\/blog\/#website","url":"https:\/\/www.wojo.com\/blog\/","name":"Blog Wojo","description":"Work. Share. Live.","publisher":{"@id":"https:\/\/www.wojo.com\/blog\/#organization"},"potentialAction":[{"@type":"SearchAction","target":{"@type":"EntryPoint","urlTemplate":"https:\/\/www.wojo.com\/blog\/?s={search_term_string}"},"query-input":{"@type":"PropertyValueSpecification","valueRequired":true,"valueName":"search_term_string"}}],"inLanguage":"fr-FR"},{"@type":"Organization","@id":"https:\/\/www.wojo.com\/blog\/#organization","name":"Wojo","url":"https:\/\/www.wojo.com\/blog\/","logo":{"@type":"ImageObject","inLanguage":"fr-FR","@id":"https:\/\/www.wojo.com\/blog\/#\/schema\/logo\/image\/","url":"","contentUrl":"","caption":"Wojo"},"image":{"@id":"https:\/\/www.wojo.com\/blog\/#\/schema\/logo\/image\/"},"sameAs":["https:\/\/www.facebook.com\/Wojo.coworking\/","https:\/\/x.com\/Wojo_co","https:\/\/instagram.com\/wojo_co\/","https:\/\/www.linkedin.com\/company\/wojo-co\/","https:\/\/www.youtube.com\/channel\/UCorVBPUgSsTQ3zUR9CYSp8Q"]},{"@type":"Person","@id":"https:\/\/www.wojo.com\/blog\/#\/schema\/person\/52175cfaea09e0d3479bdd89e2993639","name":"Wojo"}]}},"_links":{"self":[{"href":"https:\/\/www.wojo.com\/blog\/wp-json\/wp\/v2\/posts\/1521","targetHints":{"allow":["GET"]}}],"collection":[{"href":"https:\/\/www.wojo.com\/blog\/wp-json\/wp\/v2\/posts"}],"about":[{"href":"https:\/\/www.wojo.com\/blog\/wp-json\/wp\/v2\/types\/post"}],"author":[{"embeddable":true,"href":"https:\/\/www.wojo.com\/blog\/wp-json\/wp\/v2\/users\/1"}],"replies":[{"embeddable":true,"href":"https:\/\/www.wojo.com\/blog\/wp-json\/wp\/v2\/comments?post=1521"}],"version-history":[{"count":0,"href":"https:\/\/www.wojo.com\/blog\/wp-json\/wp\/v2\/posts\/1521\/revisions"}],"wp:featuredmedia":[{"embeddable":true,"href":"https:\/\/www.wojo.com\/blog\/wp-json\/wp\/v2\/media\/1527"}],"wp:attachment":[{"href":"https:\/\/www.wojo.com\/blog\/wp-json\/wp\/v2\/media?parent=1521"}],"wp:term":[{"taxonomy":"category","embeddable":true,"href":"https:\/\/www.wojo.com\/blog\/wp-json\/wp\/v2\/categories?post=1521"},{"taxonomy":"post_tag","embeddable":true,"href":"https:\/\/www.wojo.com\/blog\/wp-json\/wp\/v2\/tags?post=1521"}],"curies":[{"name":"wp","href":"https:\/\/api.w.org\/{rel}","templated":true}]}}