{"id":16176,"date":"2020-09-24T10:15:32","date_gmt":"2020-09-24T08:15:32","guid":{"rendered":"https:\/\/www.wojo.com\/blog\/?p=16176"},"modified":"2023-08-01T19:44:15","modified_gmt":"2023-08-01T17:44:15","slug":"politique-rse-la-repenser-pour-preparer-lapres-crise-sanitaire","status":"publish","type":"post","link":"https:\/\/www.wojo.com\/blog\/fr\/la-boite-du-futur\/politique-rse-la-repenser-pour-preparer-lapres-crise-sanitaire\/","title":{"rendered":"Politique RSE : pr\u00e9parez le monde d'apr\u00e8s !"},"content":{"rendered":"<p><!-- wp:paragraph --><\/p>\n<p><strong>Apr\u00e8s l\u2019\u00e9lectrochoc de la crise sanitaire, les entreprises ont l\u2019opportunit\u00e9 de (re)construire leur politique RSE pour s\u2019adapter aux nouvelles attentes de leurs salari\u00e9s, et plus largement, de la soci\u00e9t\u00e9. Voici cinq pistes pour orienter votre r\u00e9flexion et votre engagement RSE.<\/strong><\/p>\n<p><!-- \/wp:paragraph --><\/p>\n<p><!-- wp:paragraph --><\/p>\n<p>Depuis le printemps 2020, on ne sait plus o\u00f9 donner de la<br \/>\nt\u00eate tant les bouleversements sont nombreux. Le t\u00e9l\u00e9travail a fait une entr\u00e9e<br \/>\nfracassante dans de nombreuses entreprises, y compris les plus r\u00e9ticentes \u00e0<br \/>\ncette organisation du travail. Les salari\u00e9s ont appris dans l\u2019urgence \u00e0<br \/>\nutiliser de nouveaux outils et \u00e0 travailler \u00e0 distance, tout en g\u00e9rant leur vie<br \/>\npersonnelle et professionnelle dans un espace restreint. <\/p>\n<p><!-- \/wp:paragraph --><\/p>\n<p><!-- wp:paragraph --><\/p>\n<p>La soci\u00e9t\u00e9 a pu constater les cons\u00e9quences de la surconsommation et les limites de notre mode de vie. M\u00eame si l\u2019on est encore loin du monde d\u2019apr\u00e8s, les consciences se sont \u00e9veill\u00e9es, et les entreprises ont un r\u00f4le cl\u00e9 \u00e0 jouer dans leur politique RSE pour accompagner des transformations que l\u2019on esp\u00e8re durables. <\/p>\n<p><!-- \/wp:paragraph --><\/p>\n<p><!-- wp:buttons --><\/p>\n<div class=\"wp-block-buttons\"><!-- wp:button {\"backgroundColor\":\"vivid-cyan-blue\",\"className\":\"is-style-fill aligncenter\"} --><\/p>\n<div class=\"wp-block-button is-style-fill aligncenter\"><a class=\"wp-block-button__link has-vivid-cyan-blue-background-color has-background wp-element-button\" href=\"https:\/\/www.wojo.com\/landing\/fr\/rse\/\" target=\"_blank\" rel=\"noreferrer noopener\">D\u00e9couvrir les engagements RSE de Wojo<\/a><\/div>\n<p><!-- \/wp:button --><\/div>\n<p><!-- \/wp:buttons --><\/p>\n<p><!-- wp:heading --><\/p>\n<h2 class=\"wp-block-heading\">1 \u2013 Faire entendre sa voix pour montrer la voie de la RSE<\/h2>\n<p><!-- \/wp:heading --><\/p>\n<p><!-- wp:paragraph --><\/p>\n<p>La p\u00e9riode qui s\u2019ouvre est d\u00e9terminante pour les<br \/>\nd\u00e9partements RSE. Dans les entreprises mises \u00e0 mal par la crise, il faudra sans<br \/>\ndoute se battre pour d\u00e9fendre des investissements dans des modes de production<br \/>\nplus responsables, parler d\u2019\u00e9co-conception, de changement de mod\u00e8le, sans<br \/>\noublier de prioriser le bien-\u00eatre des salari\u00e9s pour renforcer leur engagement. <\/p>\n<p><!-- \/wp:paragraph --><\/p>\n<p><!-- wp:paragraph --><\/p>\n<p>C\u2019est pourtant le moment d\u2019affirmer la l\u00e9gitimit\u00e9 et<br \/>\nl\u2019importance d\u2019une politique RSE sinc\u00e8re. La crise a montr\u00e9 les limites de la<br \/>\nd\u00e9localisation, l\u2019importance des comportements citoyens et de la participation<br \/>\n\u00e0 l\u2019effort collectif. Selon une \u00e9tude Kantar men\u00e9e pendant le confinement <sup>(1),<\/sup><br \/>\n<strong>78% des clients attendaient des marques qu\u2019elles les aident dans leur vie<br \/>\nquotidienne&nbsp;<\/strong>: c\u2019est le moment de r\u00e9fl\u00e9chir \u00e0 la mani\u00e8re de p\u00e9renniser<br \/>\ncertaines actions solidaires imagin\u00e9es pendant cette p\u00e9riode exceptionnelle et<br \/>\nde les inscrire dans l\u2019ADN de l\u2019entreprise.<\/p>\n<p><!-- \/wp:paragraph --><\/p>\n<p><!-- wp:paragraph --><\/p>\n<p><em>\u00c0 lire aussi&nbsp;: <\/em><a rel=\"noreferrer noopener\" aria-label=\" (s\u2019ouvre dans un nouvel onglet)\" href=\"https:\/\/www.wojo.com\/blog\/la-boite-du-futur\/2017\/06\/01\/rse-demarche-devenue-incontournable-entreprises-lessayer-cest-ladopter\/\" target=\"_blank\"><em>La RSE, une d\u00e9marche devenue incontournable pour les entreprises.<\/em><\/a><\/p>\n<p><!-- \/wp:paragraph --><\/p>\n<p><!-- wp:heading --><\/p>\n<h2 class=\"wp-block-heading\">2 \u2013 Encourager le d\u00e9veloppement d\u2019un num\u00e9rique responsable par une<br \/>\npolitique RSE forte<\/h2>\n<p><!-- \/wp:heading --><\/p>\n<p><!-- wp:paragraph --><\/p>\n<p>Avec l\u2019adoption massive du travail \u00e0 distance depuis le mois de mars 2020, les outils digitaux sont devenus les piliers du fonctionnement des entreprises, qui associent d\u00e9sormais digital \u00e0 continuit\u00e9 d\u2019activit\u00e9. C\u2019est bien s\u00fbr un socle essentiel \u00e0 conforter en pr\u00e9vision de futures crises, tout en gardant \u00e0 l\u2019esprit que le num\u00e9rique a un impact environnemental non n\u00e9gligeable. <\/p>\n<p><!-- \/wp:paragraph --><\/p>\n<p><!-- wp:paragraph --><\/p>\n<p>Selon le collectif d\u2019experts Green IT, <strong>l\u2019empreinte<br \/>\nenvironnementale du num\u00e9rique correspond \u00e0 un continent de 2 \u00e0 5 fois la taille<br \/>\nde la France<\/strong> <sup>(2)<\/sup>. L\u2019extraction des mat\u00e9riaux, la production des<br \/>\nterminaux, des r\u00e9seaux de communication, et l\u2019\u00e9nergie n\u00e9cessaire pour leur utilisation<br \/>\nest responsable de 3,8% des \u00e9missions de gaz \u00e0 effet de serre au niveau mondial<br \/>\n<sup>(3)<\/sup>, un chiffre qui grimpe de mani\u00e8re exponentielle. Une politique<br \/>\nRSE digne de ce nom doit donc int\u00e9grer un usage raisonn\u00e9 du num\u00e9rique dans sa<br \/>\nr\u00e9flexion, et tirer le meilleur parti des innovations tout en gardant un \u0153il<br \/>\nsur leurs impacts \u00e0 long terme. <\/p>\n<p><!-- \/wp:paragraph --><\/p>\n<p><!-- wp:paragraph --><\/p>\n<p><em>\u00c0 lire aussi&nbsp;: <\/em><a href=\"https:\/\/www.wojo.com\/blog\/la-boite-du-futur\/2019\/12\/10\/5-bonnes-pratiques-pour-reduire-votre-impact-environnemental-numerique\/\" target=\"_blank\" rel=\"noreferrer noopener\" aria-label=\" (s\u2019ouvre dans un nouvel onglet)\"><em>5 bonnes pratiques pour r\u00e9duire votre impact environnemental num\u00e9rique<\/em><\/a><\/p>\n<p><!-- \/wp:paragraph --><\/p>\n<p><!-- wp:heading --><\/p>\n<h2 class=\"wp-block-heading\">3 \u2013 Construire un mod\u00e8le d\u2019entreprise citoyenne<\/h2>\n<p><!-- \/wp:heading --><\/p>\n<p><!-- wp:paragraph --><\/p>\n<p>C\u2019est aussi le moment de r\u00e9fl\u00e9chir aux impacts positifs que <a href=\"https:\/\/www.wojo.com\/blog\/fr\/podcast\/entreprise-contributive-rse-developpement-durable-en-entreprise\/\" target=\"_blank\" rel=\"noreferrer noopener\">peut avoir l\u2019entreprise sur la soci\u00e9t\u00e9<\/a>. Comment r\u00e9duire les in\u00e9galit\u00e9s\u00a0? Accompagner les plus fragiles\u00a0? Impulser le changement \u00e0 un niveau plus global\u00a0? <a href=\"https:\/\/www.wojo.com\/blog\/fr\/la-boite-du-futur\/enjeux-rse-6-fondamentaux-management-durable-responsable\/\" target=\"_blank\" rel=\"noreferrer noopener\">Sensibiliser ses employ\u00e9s <\/a>? Cela peut passer par des dons \u00e0 des associations qui \u0153uvrent sur le terrain, des partenariats avec des acteurs engag\u00e9s, la mise \u00e0 disposition de ressources (espaces de travail, tutorat, etc.) pour accompagner ceux qui en ont besoin. <\/p>\n<p>Dans cet esprit, Wojo a lanc\u00e9 le programme Wojo For Impact, destin\u00e9 aux organisations \u00e0 impact positif ainsi qu\u2019aux entreprises mises \u00e0 mal par la crise \u00e9conomique cons\u00e9cutive au confinement. Wojo For Impact leur propose, \u00e0 des prix cass\u00e9s, les m\u00b2 inutilis\u00e9s dans ses b\u00e2timents, afin de les aider \u00e0 faire grandir leurs projets dans un environnement propice.<\/p>\n<p><!-- \/wp:paragraph --><\/p>\n<p><!-- wp:button {\"backgroundColor\":\"vivid-cyan-blue\",\"className\":\"aligncenter\"} --><\/p>\n<div class=\"wp-block-button aligncenter\"><a class=\"wp-block-button__link has-vivid-cyan-blue-background-color has-background wp-element-button\" href=\"https:\/\/www.wojo.com\/landing\/wojo-for-impact\/\">D\u00e9couvrez Wojo for Impact<\/a><\/div>\n<p><!-- \/wp:button --><\/p>\n<p><!-- wp:heading --><\/p>\n<h2 class=\"wp-block-heading\">4 \u2013 Organiser\u2026 la nouvelle organisation du travail<\/h2>\n<p><!-- \/wp:heading --><\/p>\n<p><!-- wp:paragraph --><\/p>\n<p>Alors que les salari\u00e9s ont d\u00e9montr\u00e9 leur efficacit\u00e9 en t\u00e9l\u00e9travail, et leur capacit\u00e9 \u00e0 s\u2019organiser de mani\u00e8re autonome, la politique RSE des entreprises doit int\u00e9grer ce nouveau paradigme. <strong>84% des salari\u00e9s <sup>(4)<\/sup> souhaitent poursuivre le t\u00e9l\u00e9travail sur une base r\u00e9guli\u00e8re, tout en soulignant pour 45% d\u2019entre eux que cette situation a d\u00e9grad\u00e9 la qualit\u00e9 de leur position de travail<\/strong>. <\/p>\n<p><!-- \/wp:paragraph --><\/p>\n<p><!-- wp:paragraph --><\/p>\n<p>Alors comment r\u00e9pondre \u00e0 ce souhait d\u2019autonomie, tout en<br \/>\nassurant de bonnes conditions de travail \u00e0 ses salari\u00e9s&nbsp;? <\/p>\n<p><!-- \/wp:paragraph --><\/p>\n<p><!-- wp:paragraph --><\/p>\n<p>En proposant <strong>un \u00e0 deux jours de t\u00e9l\u00e9travail par semaine,<br \/>\nid\u00e9alement dans des tiers-lieux proches du domicile des salari\u00e9s<\/strong>, leur<br \/>\npermettant ainsi de bien s\u00e9parer vies professionnelle et personnelle, tout en<br \/>\nb\u00e9n\u00e9ficiant d\u2019un cadre adapt\u00e9 au travail. Pour ceux qui doivent jongler avec<br \/>\ndes contraintes familiales, ou qui prennent les transports pour venir au<br \/>\nbureau, en ouvrant <strong>la possibilit\u00e9 des horaires d\u00e9cal\u00e9s<\/strong>, avec des points<br \/>\nd\u2019\u00e9change organis\u00e9s dans la journ\u00e9e. <\/p>\n<p><!-- \/wp:paragraph --><\/p>\n<p><!-- wp:button {\"backgroundColor\":\"vivid-cyan-blue\",\"className\":\"aligncenter\"} --><\/p>\n<div class=\"wp-block-button aligncenter\"><a class=\"wp-block-button__link has-vivid-cyan-blue-background-color has-background wp-element-button\" href=\"https:\/\/www.wojo.com\/\">D\u00e9couvrir les +300 espaces Wojo en France<\/a><\/div>\n<p><!-- \/wp:button --><\/p>\n<p><!-- wp:heading --><\/p>\n<h2 class=\"wp-block-heading\">5 \u2013 Prendre soin de ses salari\u00e9s, un engagement RSE central<\/h2>\n<p><!-- \/wp:heading --><\/p>\n<p><!-- wp:paragraph --><\/p>\n<p>Les \u00e9quipes ont plus que jamais besoin d\u2019\u00eatre entour\u00e9es. Les<br \/>\nconditions sanitaires compliqu\u00e9es, la crainte d\u2019un \u00e9ventuel re-confinement, le<br \/>\nport du masque g\u00e9n\u00e9ralis\u00e9 p\u00e8sent sur le moral des salari\u00e9s. Les parents doivent<br \/>\nde surcro\u00eet faire face \u00e0 l\u2019incertitude li\u00e9e aux possibles fermetures d\u2019\u00e9coles<br \/>\nou de cr\u00e8ches. Toutes ces donn\u00e9es doivent \u00eatre prises en compte pour comprendre<br \/>\nleur \u00e9ventuelle d\u00e9motivation ou manque de concentration, et les accompagner<br \/>\ndans cette p\u00e9riode compliqu\u00e9e. <\/p>\n<p><!-- \/wp:paragraph --><\/p>\n<p><!-- wp:paragraph --><\/p>\n<p>La mise en place de services de conciergerie pour r\u00e9pondre \u00e0 leurs urgences du quotidien (cr\u00e8che d\u2019urgence, aide \u00e0 domicile, r\u00e9paration de v\u00e9los au bureau, etc.) apporte un pr\u00e9cieux soulagement dans leur quotidien, qui se ressentira sur leur implication. <\/p>\n<p><!-- \/wp:paragraph --><\/p>\n<p><!-- wp:paragraph --><\/p>\n<p>\u00c0 lire aussi&nbsp;: <a href=\"https:\/\/www.wojo.com\/blog\/fr\/du-bonheur-en-boite\/climatisation-au-bureau-comment-eviter-la-guerre-du-thermostat-dans-lopen-space\/\" target=\"_blank\" rel=\"noreferrer noopener\">Climatisation au bureau, comment \u00e9viter la guerre du thermostat&nbsp;?<\/a><\/p>\n<p><!-- \/wp:paragraph --><\/p>\n<p><!-- wp:paragraph --><\/p>\n<p><strong>Dans tous les secteurs d\u2019activit\u00e9, la recherche de sens, de solidarit\u00e9 et de sinc\u00e9rit\u00e9 dans l\u2019\u00e9laboration de votre politique RSE vous offre l\u2019occasion d\u2019ouvrir un nouveau chapitre de l\u2019histoire de votre entreprise. La rentabilit\u00e9 compte, bien s\u00fbr, mais la crise nous a montr\u00e9 que pour durer, elle a besoin de l\u2019engagement des collaborateurs, de leur adh\u00e9sion et celle de vos clients \u00e0 vos valeurs. Bonne r\u00e9flexion sur l\u2019avenir que vous avez envie d\u2019\u00e9crire&nbsp;!<\/strong><\/p>\n<p>\u00c0 lire aussi : <a href=\"https:\/\/www.wojo.com\/blog\/fr\/la-boite-du-futur\/faillite-manageriale-et-innvovation-manageriale-cest-quoi\/\" target=\"_blank\" rel=\"noreferrer noopener\">Faillite manag\u00e9riale : r\u00e9pondre par l'innovation manag\u00e9riale<\/a><\/p>\n<p><!-- \/wp:paragraph --><\/p>\n<p><!-- wp:paragraph --><\/p>\n<p>1 \u2013 Source <a aria-label=\" (s\u2019ouvre dans un nouvel onglet)\" href=\"https:\/\/www.marketingweek.com\/brands-advertising-coronavirus-crisis\/\" target=\"_blank\" rel=\"noreferrer noopener\">\u00c9tude Kantar<\/a>, 25 mars 2020.<br \/>2 - Source Green It, <a aria-label=\" (s\u2019ouvre dans un nouvel onglet)\" href=\"https:\/\/www.greenit.fr\/2019\/10\/22\/12982\/\" target=\"_blank\" rel=\"noreferrer noopener\">L\u2019impact du num\u00e9rique<\/a>, octobre 2019.<br \/>3 - Source Shift Project, Rapport <a aria-label=\" (s\u2019ouvre dans un nouvel onglet)\" href=\"https:\/\/theshiftproject.org\/wp-content\/uploads\/2018\/11\/Rapport-final-v8-WEB.pdf\" target=\"_blank\" rel=\"noreferrer noopener\">Pour une sobri\u00e9t\u00e9 num\u00e9rique<\/a>, octobre 2018.<br \/>4 \u2013 Source <a aria-label=\" (s\u2019ouvre dans un nouvel onglet)\" href=\"https:\/\/newsroom.malakoffhumanis.com\/actualites\/malakoff-humanis-decrypte-limpact-de-la-crise-sur-lorganisation-du-travail-et-la-sante-des-salaries-a-travers-les-resultats-de-ses-etudes-teletravail1-et-absenteisme2-realisees-en-mai-2020-40ce-63a59.html\" target=\"_blank\" rel=\"noreferrer noopener\">\u00e9tude CSA pour Malakoff Humanis<\/a>, 25 juin 2020.<\/p>\n<p><!-- \/wp:paragraph --><\/p>\n","protected":false},"excerpt":{"rendered":"<p>Apr\u00e8s l\u2019\u00e9lectrochoc de la crise sanitaire, les entreprises ont l\u2019opportunit\u00e9 de (re)construire leur politique RSE pour s\u2019adapter aux nouvelles attentes de leurs salari\u00e9s, et plus largement, de la soci\u00e9t\u00e9. Voici cinq pistes pour orienter votre r\u00e9flexion et votre engagement RSE. Depuis le printemps 2020, on ne sait plus o\u00f9 donner de la t\u00eate tant les [&hellip;]<\/p>\n","protected":false},"author":1,"featured_media":16177,"comment_status":"closed","ping_status":"open","sticky":false,"template":"","format":"standard","meta":{"podcast_url_v2":"","footnotes":""},"categories":[13],"tags":[285,249,299],"class_list":["post-16176","post","type-post","status-publish","format-standard","has-post-thumbnail","hentry","category-la-boite-du-futur","tag-qvt","tag-livre-blanc-strategie-rse-fr","tag-rh-fr"],"yoast_head":"<!-- This site is optimized with the Yoast SEO plugin v27.4 - https:\/\/yoast.com\/product\/yoast-seo-wordpress\/ -->\n<title>Politique RSE : comment la repenser pour pr\u00e9parer l\u2019apr\u00e8s Covid ?<\/title>\n<meta name=\"description\" content=\"Face aux bouleversements induits par le Covid-19, quels sont les leviers \u00e0 prioriser dans votre politique RSE pour anticiper de futures crises ?\" \/>\n<meta name=\"robots\" content=\"index, follow, max-snippet:-1, max-image-preview:large, max-video-preview:-1\" \/>\n<link rel=\"canonical\" href=\"https:\/\/www.wojo.com\/blog\/fr\/la-boite-du-futur\/politique-rse-la-repenser-pour-preparer-lapres-crise-sanitaire\/\" \/>\n<meta property=\"og:locale\" content=\"fr_FR\" \/>\n<meta property=\"og:type\" content=\"article\" \/>\n<meta property=\"og:title\" content=\"Politique RSE : comment la repenser pour pr\u00e9parer l\u2019apr\u00e8s Covid ?\" \/>\n<meta property=\"og:description\" content=\"Face aux bouleversements induits par le Covid-19, quels sont les leviers \u00e0 prioriser dans votre politique RSE pour anticiper de futures crises ?\" \/>\n<meta property=\"og:url\" content=\"https:\/\/www.wojo.com\/blog\/fr\/la-boite-du-futur\/politique-rse-la-repenser-pour-preparer-lapres-crise-sanitaire\/\" \/>\n<meta property=\"og:site_name\" content=\"Blog Wojo\" \/>\n<meta property=\"article:publisher\" content=\"https:\/\/www.facebook.com\/Wojo.coworking\/\" \/>\n<meta property=\"article:published_time\" content=\"2020-09-24T08:15:32+00:00\" \/>\n<meta property=\"article:modified_time\" content=\"2023-08-01T17:44:15+00:00\" \/>\n<meta property=\"og:image\" content=\"https:\/\/www.wojo.com\/blog\/wp-content\/uploads\/2020\/09\/pexels-skitterphoto-63901.jpg\" \/>\n\t<meta property=\"og:image:width\" content=\"1920\" \/>\n\t<meta property=\"og:image:height\" content=\"1302\" \/>\n\t<meta property=\"og:image:type\" content=\"image\/jpeg\" \/>\n<meta name=\"author\" content=\"Wojo\" \/>\n<meta name=\"twitter:card\" content=\"summary_large_image\" \/>\n<meta name=\"twitter:creator\" content=\"@Wojo_co\" \/>\n<meta name=\"twitter:site\" content=\"@Wojo_co\" \/>\n<meta name=\"twitter:label1\" content=\"\u00c9crit par\" \/>\n\t<meta name=\"twitter:data1\" content=\"Wojo\" \/>\n\t<meta name=\"twitter:label2\" content=\"Dur\u00e9e de lecture estim\u00e9e\" \/>\n\t<meta name=\"twitter:data2\" content=\"6 minutes\" \/>\n<script type=\"application\/ld+json\" class=\"yoast-schema-graph\">{\"@context\":\"https:\\\/\\\/schema.org\",\"@graph\":[{\"@type\":\"Article\",\"@id\":\"https:\\\/\\\/www.wojo.com\\\/blog\\\/fr\\\/la-boite-du-futur\\\/politique-rse-la-repenser-pour-preparer-lapres-crise-sanitaire\\\/#article\",\"isPartOf\":{\"@id\":\"https:\\\/\\\/www.wojo.com\\\/blog\\\/fr\\\/la-boite-du-futur\\\/politique-rse-la-repenser-pour-preparer-lapres-crise-sanitaire\\\/\"},\"author\":{\"name\":\"Wojo\",\"@id\":\"https:\\\/\\\/www.wojo.com\\\/blog\\\/#\\\/schema\\\/person\\\/52175cfaea09e0d3479bdd89e2993639\"},\"headline\":\"Politique RSE : pr\u00e9parez le monde d'apr\u00e8s !\",\"datePublished\":\"2020-09-24T08:15:32+00:00\",\"dateModified\":\"2023-08-01T17:44:15+00:00\",\"mainEntityOfPage\":{\"@id\":\"https:\\\/\\\/www.wojo.com\\\/blog\\\/fr\\\/la-boite-du-futur\\\/politique-rse-la-repenser-pour-preparer-lapres-crise-sanitaire\\\/\"},\"wordCount\":1190,\"publisher\":{\"@id\":\"https:\\\/\\\/www.wojo.com\\\/blog\\\/#organization\"},\"image\":{\"@id\":\"https:\\\/\\\/www.wojo.com\\\/blog\\\/fr\\\/la-boite-du-futur\\\/politique-rse-la-repenser-pour-preparer-lapres-crise-sanitaire\\\/#primaryimage\"},\"thumbnailUrl\":\"https:\\\/\\\/www.wojo.com\\\/blog\\\/wp-content\\\/uploads\\\/2020\\\/09\\\/pexels-skitterphoto-63901.jpg\",\"keywords\":[\"QVT\",\"Ressource - strat\u00e9gie RSE\",\"RH - FR\"],\"articleSection\":[\"La bo\u00eete du futur\"],\"inLanguage\":\"fr-FR\"},{\"@type\":\"WebPage\",\"@id\":\"https:\\\/\\\/www.wojo.com\\\/blog\\\/fr\\\/la-boite-du-futur\\\/politique-rse-la-repenser-pour-preparer-lapres-crise-sanitaire\\\/\",\"url\":\"https:\\\/\\\/www.wojo.com\\\/blog\\\/fr\\\/la-boite-du-futur\\\/politique-rse-la-repenser-pour-preparer-lapres-crise-sanitaire\\\/\",\"name\":\"Politique RSE : comment la repenser pour pr\u00e9parer l\u2019apr\u00e8s Covid ?\",\"isPartOf\":{\"@id\":\"https:\\\/\\\/www.wojo.com\\\/blog\\\/#website\"},\"primaryImageOfPage\":{\"@id\":\"https:\\\/\\\/www.wojo.com\\\/blog\\\/fr\\\/la-boite-du-futur\\\/politique-rse-la-repenser-pour-preparer-lapres-crise-sanitaire\\\/#primaryimage\"},\"image\":{\"@id\":\"https:\\\/\\\/www.wojo.com\\\/blog\\\/fr\\\/la-boite-du-futur\\\/politique-rse-la-repenser-pour-preparer-lapres-crise-sanitaire\\\/#primaryimage\"},\"thumbnailUrl\":\"https:\\\/\\\/www.wojo.com\\\/blog\\\/wp-content\\\/uploads\\\/2020\\\/09\\\/pexels-skitterphoto-63901.jpg\",\"datePublished\":\"2020-09-24T08:15:32+00:00\",\"dateModified\":\"2023-08-01T17:44:15+00:00\",\"description\":\"Face aux bouleversements induits par le Covid-19, quels sont les leviers \u00e0 prioriser dans votre politique RSE pour anticiper de futures crises ?\",\"breadcrumb\":{\"@id\":\"https:\\\/\\\/www.wojo.com\\\/blog\\\/fr\\\/la-boite-du-futur\\\/politique-rse-la-repenser-pour-preparer-lapres-crise-sanitaire\\\/#breadcrumb\"},\"inLanguage\":\"fr-FR\",\"potentialAction\":[{\"@type\":\"ReadAction\",\"target\":[\"https:\\\/\\\/www.wojo.com\\\/blog\\\/fr\\\/la-boite-du-futur\\\/politique-rse-la-repenser-pour-preparer-lapres-crise-sanitaire\\\/\"]}]},{\"@type\":\"ImageObject\",\"inLanguage\":\"fr-FR\",\"@id\":\"https:\\\/\\\/www.wojo.com\\\/blog\\\/fr\\\/la-boite-du-futur\\\/politique-rse-la-repenser-pour-preparer-lapres-crise-sanitaire\\\/#primaryimage\",\"url\":\"https:\\\/\\\/www.wojo.com\\\/blog\\\/wp-content\\\/uploads\\\/2020\\\/09\\\/pexels-skitterphoto-63901.jpg\",\"contentUrl\":\"https:\\\/\\\/www.wojo.com\\\/blog\\\/wp-content\\\/uploads\\\/2020\\\/09\\\/pexels-skitterphoto-63901.jpg\",\"width\":1920,\"height\":1302,\"caption\":\"Wojo Politique RSE pr\u00e9parer l'apr\u00e8s\"},{\"@type\":\"BreadcrumbList\",\"@id\":\"https:\\\/\\\/www.wojo.com\\\/blog\\\/fr\\\/la-boite-du-futur\\\/politique-rse-la-repenser-pour-preparer-lapres-crise-sanitaire\\\/#breadcrumb\",\"itemListElement\":[{\"@type\":\"ListItem\",\"position\":1,\"name\":\"Accueil\",\"item\":\"https:\\\/\\\/www.wojo.com\\\/blog\\\/fr\\\/\"},{\"@type\":\"ListItem\",\"position\":2,\"name\":\"La bo\u00eete du futur\",\"item\":\"https:\\\/\\\/www.wojo.com\\\/blog\\\/fr\\\/category\\\/la-boite-du-futur\\\/\"},{\"@type\":\"ListItem\",\"position\":3,\"name\":\"Politique RSE : pr\u00e9parez le monde d'apr\u00e8s !\"}]},{\"@type\":\"WebSite\",\"@id\":\"https:\\\/\\\/www.wojo.com\\\/blog\\\/#website\",\"url\":\"https:\\\/\\\/www.wojo.com\\\/blog\\\/\",\"name\":\"Blog Wojo\",\"description\":\"Work. Share. Live.\",\"publisher\":{\"@id\":\"https:\\\/\\\/www.wojo.com\\\/blog\\\/#organization\"},\"potentialAction\":[{\"@type\":\"SearchAction\",\"target\":{\"@type\":\"EntryPoint\",\"urlTemplate\":\"https:\\\/\\\/www.wojo.com\\\/blog\\\/?s={search_term_string}\"},\"query-input\":{\"@type\":\"PropertyValueSpecification\",\"valueRequired\":true,\"valueName\":\"search_term_string\"}}],\"inLanguage\":\"fr-FR\"},{\"@type\":\"Organization\",\"@id\":\"https:\\\/\\\/www.wojo.com\\\/blog\\\/#organization\",\"name\":\"Wojo\",\"url\":\"https:\\\/\\\/www.wojo.com\\\/blog\\\/\",\"logo\":{\"@type\":\"ImageObject\",\"inLanguage\":\"fr-FR\",\"@id\":\"https:\\\/\\\/www.wojo.com\\\/blog\\\/#\\\/schema\\\/logo\\\/image\\\/\",\"url\":\"\",\"contentUrl\":\"\",\"caption\":\"Wojo\"},\"image\":{\"@id\":\"https:\\\/\\\/www.wojo.com\\\/blog\\\/#\\\/schema\\\/logo\\\/image\\\/\"},\"sameAs\":[\"https:\\\/\\\/www.facebook.com\\\/Wojo.coworking\\\/\",\"https:\\\/\\\/x.com\\\/Wojo_co\",\"https:\\\/\\\/instagram.com\\\/wojo_co\\\/\",\"https:\\\/\\\/www.linkedin.com\\\/company\\\/wojo-co\\\/\",\"https:\\\/\\\/www.youtube.com\\\/channel\\\/UCorVBPUgSsTQ3zUR9CYSp8Q\"]},{\"@type\":\"Person\",\"@id\":\"https:\\\/\\\/www.wojo.com\\\/blog\\\/#\\\/schema\\\/person\\\/52175cfaea09e0d3479bdd89e2993639\",\"name\":\"Wojo\"}]}<\/script>\n<!-- \/ Yoast SEO plugin. -->","yoast_head_json":{"title":"Politique RSE : comment la repenser pour pr\u00e9parer l\u2019apr\u00e8s Covid ?","description":"Face aux bouleversements induits par le Covid-19, quels sont les leviers \u00e0 prioriser dans votre politique RSE pour anticiper de futures crises ?","robots":{"index":"index","follow":"follow","max-snippet":"max-snippet:-1","max-image-preview":"max-image-preview:large","max-video-preview":"max-video-preview:-1"},"canonical":"https:\/\/www.wojo.com\/blog\/fr\/la-boite-du-futur\/politique-rse-la-repenser-pour-preparer-lapres-crise-sanitaire\/","og_locale":"fr_FR","og_type":"article","og_title":"Politique RSE : comment la repenser pour pr\u00e9parer l\u2019apr\u00e8s Covid ?","og_description":"Face aux bouleversements induits par le Covid-19, quels sont les leviers \u00e0 prioriser dans votre politique RSE pour anticiper de futures crises ?","og_url":"https:\/\/www.wojo.com\/blog\/fr\/la-boite-du-futur\/politique-rse-la-repenser-pour-preparer-lapres-crise-sanitaire\/","og_site_name":"Blog Wojo","article_publisher":"https:\/\/www.facebook.com\/Wojo.coworking\/","article_published_time":"2020-09-24T08:15:32+00:00","article_modified_time":"2023-08-01T17:44:15+00:00","og_image":[{"width":1920,"height":1302,"url":"https:\/\/www.wojo.com\/blog\/wp-content\/uploads\/2020\/09\/pexels-skitterphoto-63901.jpg","type":"image\/jpeg"}],"author":"Wojo","twitter_card":"summary_large_image","twitter_creator":"@Wojo_co","twitter_site":"@Wojo_co","twitter_misc":{"\u00c9crit par":"Wojo","Dur\u00e9e de lecture estim\u00e9e":"6 minutes"},"schema":{"@context":"https:\/\/schema.org","@graph":[{"@type":"Article","@id":"https:\/\/www.wojo.com\/blog\/fr\/la-boite-du-futur\/politique-rse-la-repenser-pour-preparer-lapres-crise-sanitaire\/#article","isPartOf":{"@id":"https:\/\/www.wojo.com\/blog\/fr\/la-boite-du-futur\/politique-rse-la-repenser-pour-preparer-lapres-crise-sanitaire\/"},"author":{"name":"Wojo","@id":"https:\/\/www.wojo.com\/blog\/#\/schema\/person\/52175cfaea09e0d3479bdd89e2993639"},"headline":"Politique RSE : pr\u00e9parez le monde d'apr\u00e8s !","datePublished":"2020-09-24T08:15:32+00:00","dateModified":"2023-08-01T17:44:15+00:00","mainEntityOfPage":{"@id":"https:\/\/www.wojo.com\/blog\/fr\/la-boite-du-futur\/politique-rse-la-repenser-pour-preparer-lapres-crise-sanitaire\/"},"wordCount":1190,"publisher":{"@id":"https:\/\/www.wojo.com\/blog\/#organization"},"image":{"@id":"https:\/\/www.wojo.com\/blog\/fr\/la-boite-du-futur\/politique-rse-la-repenser-pour-preparer-lapres-crise-sanitaire\/#primaryimage"},"thumbnailUrl":"https:\/\/www.wojo.com\/blog\/wp-content\/uploads\/2020\/09\/pexels-skitterphoto-63901.jpg","keywords":["QVT","Ressource - strat\u00e9gie RSE","RH - FR"],"articleSection":["La bo\u00eete du futur"],"inLanguage":"fr-FR"},{"@type":"WebPage","@id":"https:\/\/www.wojo.com\/blog\/fr\/la-boite-du-futur\/politique-rse-la-repenser-pour-preparer-lapres-crise-sanitaire\/","url":"https:\/\/www.wojo.com\/blog\/fr\/la-boite-du-futur\/politique-rse-la-repenser-pour-preparer-lapres-crise-sanitaire\/","name":"Politique RSE : comment la repenser pour pr\u00e9parer l\u2019apr\u00e8s Covid ?","isPartOf":{"@id":"https:\/\/www.wojo.com\/blog\/#website"},"primaryImageOfPage":{"@id":"https:\/\/www.wojo.com\/blog\/fr\/la-boite-du-futur\/politique-rse-la-repenser-pour-preparer-lapres-crise-sanitaire\/#primaryimage"},"image":{"@id":"https:\/\/www.wojo.com\/blog\/fr\/la-boite-du-futur\/politique-rse-la-repenser-pour-preparer-lapres-crise-sanitaire\/#primaryimage"},"thumbnailUrl":"https:\/\/www.wojo.com\/blog\/wp-content\/uploads\/2020\/09\/pexels-skitterphoto-63901.jpg","datePublished":"2020-09-24T08:15:32+00:00","dateModified":"2023-08-01T17:44:15+00:00","description":"Face aux bouleversements induits par le Covid-19, quels sont les leviers \u00e0 prioriser dans votre politique RSE pour anticiper de futures crises ?","breadcrumb":{"@id":"https:\/\/www.wojo.com\/blog\/fr\/la-boite-du-futur\/politique-rse-la-repenser-pour-preparer-lapres-crise-sanitaire\/#breadcrumb"},"inLanguage":"fr-FR","potentialAction":[{"@type":"ReadAction","target":["https:\/\/www.wojo.com\/blog\/fr\/la-boite-du-futur\/politique-rse-la-repenser-pour-preparer-lapres-crise-sanitaire\/"]}]},{"@type":"ImageObject","inLanguage":"fr-FR","@id":"https:\/\/www.wojo.com\/blog\/fr\/la-boite-du-futur\/politique-rse-la-repenser-pour-preparer-lapres-crise-sanitaire\/#primaryimage","url":"https:\/\/www.wojo.com\/blog\/wp-content\/uploads\/2020\/09\/pexels-skitterphoto-63901.jpg","contentUrl":"https:\/\/www.wojo.com\/blog\/wp-content\/uploads\/2020\/09\/pexels-skitterphoto-63901.jpg","width":1920,"height":1302,"caption":"Wojo Politique RSE pr\u00e9parer l'apr\u00e8s"},{"@type":"BreadcrumbList","@id":"https:\/\/www.wojo.com\/blog\/fr\/la-boite-du-futur\/politique-rse-la-repenser-pour-preparer-lapres-crise-sanitaire\/#breadcrumb","itemListElement":[{"@type":"ListItem","position":1,"name":"Accueil","item":"https:\/\/www.wojo.com\/blog\/fr\/"},{"@type":"ListItem","position":2,"name":"La bo\u00eete du futur","item":"https:\/\/www.wojo.com\/blog\/fr\/category\/la-boite-du-futur\/"},{"@type":"ListItem","position":3,"name":"Politique RSE : pr\u00e9parez le monde d'apr\u00e8s !"}]},{"@type":"WebSite","@id":"https:\/\/www.wojo.com\/blog\/#website","url":"https:\/\/www.wojo.com\/blog\/","name":"Blog Wojo","description":"Work. Share. Live.","publisher":{"@id":"https:\/\/www.wojo.com\/blog\/#organization"},"potentialAction":[{"@type":"SearchAction","target":{"@type":"EntryPoint","urlTemplate":"https:\/\/www.wojo.com\/blog\/?s={search_term_string}"},"query-input":{"@type":"PropertyValueSpecification","valueRequired":true,"valueName":"search_term_string"}}],"inLanguage":"fr-FR"},{"@type":"Organization","@id":"https:\/\/www.wojo.com\/blog\/#organization","name":"Wojo","url":"https:\/\/www.wojo.com\/blog\/","logo":{"@type":"ImageObject","inLanguage":"fr-FR","@id":"https:\/\/www.wojo.com\/blog\/#\/schema\/logo\/image\/","url":"","contentUrl":"","caption":"Wojo"},"image":{"@id":"https:\/\/www.wojo.com\/blog\/#\/schema\/logo\/image\/"},"sameAs":["https:\/\/www.facebook.com\/Wojo.coworking\/","https:\/\/x.com\/Wojo_co","https:\/\/instagram.com\/wojo_co\/","https:\/\/www.linkedin.com\/company\/wojo-co\/","https:\/\/www.youtube.com\/channel\/UCorVBPUgSsTQ3zUR9CYSp8Q"]},{"@type":"Person","@id":"https:\/\/www.wojo.com\/blog\/#\/schema\/person\/52175cfaea09e0d3479bdd89e2993639","name":"Wojo"}]}},"_links":{"self":[{"href":"https:\/\/www.wojo.com\/blog\/wp-json\/wp\/v2\/posts\/16176","targetHints":{"allow":["GET"]}}],"collection":[{"href":"https:\/\/www.wojo.com\/blog\/wp-json\/wp\/v2\/posts"}],"about":[{"href":"https:\/\/www.wojo.com\/blog\/wp-json\/wp\/v2\/types\/post"}],"author":[{"embeddable":true,"href":"https:\/\/www.wojo.com\/blog\/wp-json\/wp\/v2\/users\/1"}],"replies":[{"embeddable":true,"href":"https:\/\/www.wojo.com\/blog\/wp-json\/wp\/v2\/comments?post=16176"}],"version-history":[{"count":0,"href":"https:\/\/www.wojo.com\/blog\/wp-json\/wp\/v2\/posts\/16176\/revisions"}],"wp:featuredmedia":[{"embeddable":true,"href":"https:\/\/www.wojo.com\/blog\/wp-json\/wp\/v2\/media\/16177"}],"wp:attachment":[{"href":"https:\/\/www.wojo.com\/blog\/wp-json\/wp\/v2\/media?parent=16176"}],"wp:term":[{"taxonomy":"category","embeddable":true,"href":"https:\/\/www.wojo.com\/blog\/wp-json\/wp\/v2\/categories?post=16176"},{"taxonomy":"post_tag","embeddable":true,"href":"https:\/\/www.wojo.com\/blog\/wp-json\/wp\/v2\/tags?post=16176"}],"curies":[{"name":"wp","href":"https:\/\/api.w.org\/{rel}","templated":true}]}}