{"id":231093,"date":"2025-01-30T13:20:43","date_gmt":"2025-01-30T12:20:43","guid":{"rendered":"https:\/\/www.wojo.com\/blog\/?p=231093"},"modified":"2025-10-22T14:27:12","modified_gmt":"2025-10-22T12:27:12","slug":"fatigue-informationnelle-comprendre-et-agir","status":"publish","type":"post","link":"https:\/\/www.wojo.com\/blog\/fr\/du-bonheur-en-boite\/fatigue-informationnelle-comprendre-et-agir\/","title":{"rendered":"Fatigue informationnelle : la comprendre et agir au quotidien"},"content":{"rendered":"<p><!-- wp:paragraph --><\/p>\n<p><strong>Notifications incessantes, articles en rafale, flux de posts sur les r\u00e9seaux sociaux\u2026 Chaque jour, nous sommes expos\u00e9s \u00e0 une quantit\u00e9 colossale d\u2019informations et de contenus : presse en ligne, TV, radio, newsletters, fils d\u2019actualit\u00e9s et groupes de discussion\u2026 au risque d\u2019arriver \u00e0 saturation. Selon une \u00e9tude de la Fondation Jean-Jaur\u00e8s, 53% des Fran\u00e7ais d\u00e9clarent souffrir de fatigue informationnelle, et 38% en souffrent \u00ab beaucoup \u00bb.<\/strong><\/p>\n<p><!-- \/wp:paragraph --><\/p>\n<p><!-- wp:paragraph --><\/p>\n<p>Cette \u00ab&nbsp;infob\u00e9sit\u00e9&nbsp;\u00bb, touche toutes les cat\u00e9gories de population. Mais qu\u2019est-ce que la fatigue informationnelle au juste ? Comment se manifeste-t-elle et pourquoi s\u2019est-elle intensifi\u00e9e ces derni\u00e8res ann\u00e9es ? D\u00e9cryptage des causes et des cons\u00e9quences de cette surcharge cognitive, et conseils pour mieux g\u00e9rer son rapport \u00e0 l\u2019information.<\/p>\n<p><!-- \/wp:paragraph --><\/p>\n<p><!-- wp:heading --><\/p>\n<h2 class=\"wp-block-heading\">Qu'est-ce que la fatigue informationnelle ?<\/h2>\n<p><!-- \/wp:heading --><\/p>\n<p><!-- wp:paragraph --><\/p>\n<p>Le concept de <strong>fatigue informationnelle<\/strong> n\u2019est pas nouveau. D\u00e9j\u00e0 dans les ann\u00e9es 1970, le sociologue et philosophe Edgar Morin \u00e9voquait \u00ab l\u2019exc\u00e8s qui \u00e9touffe l\u2019information \u00bb. \u00c0 l\u2019\u00e9poque, l\u2019essor des m\u00e9dias de masse commen\u00e7ait \u00e0 poser des questions sur la surcharge cognitive. Aujourd\u2019hui, avec l\u2019\u00e8re num\u00e9rique et l\u2019hyperconnectivit\u00e9, cette surcharge a atteint un niveau critique.<\/p>\n<p><!-- \/wp:paragraph --><\/p>\n<p><!-- wp:heading {\"level\":3} --><\/p>\n<h3 class=\"wp-block-heading\">D\u00e9finition et manifestations<\/h3>\n<p><!-- \/wp:heading --><\/p>\n<p><!-- wp:paragraph --><\/p>\n<p>La <strong>fatigue informationnelle<\/strong> d\u00e9signe un <strong>\u00e9tat de lassitude et d\u2019\u00e9puisement mental<\/strong> face \u00e0 un afflux constant d\u2019informations. Contrairement \u00e0 un \u00ab&nbsp;simple&nbsp;\u00bb surmenage ponctuel, elle s\u2019installe progressivement et impacte aussi bien la concentration que la sant\u00e9 mentale.<\/p>\n<p><!-- \/wp:paragraph --><\/p>\n<p><!-- wp:paragraph --><\/p>\n<p>Les signes caract\u00e9ristiques incluent :<\/p>\n<p><!-- \/wp:paragraph --><\/p>\n<p><!-- wp:list --><\/p>\n<ul class=\"wp-block-list\"><!-- wp:list-item --><\/p>\n<li><strong>Difficult\u00e9 \u00e0 trier l\u2019information<\/strong> : sensation d\u2019\u00eatre submerg\u00e9.e, incapacit\u00e9 \u00e0 distinguer ce qui est essentiel de ce qui est accessoire.<\/li>\n<p><!-- \/wp:list-item --><\/p>\n<p><!-- wp:list-item --><\/p>\n<li><strong>Perte de concentration<\/strong> : difficult\u00e9 \u00e0 se focaliser sur une t\u00e2che prolong\u00e9e, interruptions fr\u00e9quentes.<\/li>\n<p><!-- \/wp:list-item --><\/p>\n<p><!-- wp:list-item --><\/p>\n<li><strong>Stress et anxi\u00e9t\u00e9<\/strong> : impression d\u2019\u00eatre oppress\u00e9.e par l\u2019actualit\u00e9, peur de \"manquer quelque chose\" (<strong>FOMO \u2013 Fear of Missing Out<\/strong>).<\/li>\n<p><!-- \/wp:list-item --><\/p>\n<p><!-- wp:list-item --><\/p>\n<li><strong>D\u00e9fiance croissante envers les m\u00e9dias<\/strong> : une consommation excessive d\u2019information peut paradoxalement renforcer un rejet des contenus m\u00e9diatiques.<\/li>\n<p><!-- \/wp:list-item --><\/p>\n<p><!-- wp:list-item --><\/p>\n<li><strong>\u00c9puisement mental<\/strong> : besoin de \"couper\" avec l\u2019information apr\u00e8s une journ\u00e9e de travail ou une p\u00e9riode d\u2019actualit\u00e9 intense.<\/li>\n<p><!-- \/wp:list-item --><\/ul>\n<p><!-- \/wp:list --><\/p>\n<p><!-- wp:heading {\"level\":3} --><\/p>\n<h3 class=\"wp-block-heading\">Fatigue informationnelle ou infob\u00e9sit\u00e9 ?<\/h3>\n<p><!-- \/wp:heading --><\/p>\n<p><!-- wp:paragraph --><\/p>\n<p>On parle parfois d\u2019<strong>infob\u00e9sit\u00e9<\/strong>, un terme popularis\u00e9 par le journaliste am\u00e9ricain David Shenk. L\u2019infob\u00e9sit\u00e9 renvoie sp\u00e9cifiquement \u00e0 <strong>l\u2019accumulation excessive d\u2019informations<\/strong>, qui peut provoquer un stress, allant jusqu\u2019\u00e0 une paralysie d\u00e9cisionnelle.<\/p>\n<p><!-- \/wp:paragraph --><\/p>\n<p><!-- wp:paragraph --><\/p>\n<p>Si l'on r\u00e9sume les diff\u00e9rences entre les deux termes, on retient : <\/p>\n<p><!-- \/wp:paragraph --><\/p>\n<p><!-- wp:list --><\/p>\n<ul class=\"wp-block-list\"><!-- wp:list-item --><\/p>\n<li><strong>Fatigue informationnelle<\/strong> = <strong>\u00e9tat psychologique<\/strong> de lassitude face \u00e0 l\u2019information.<\/li>\n<p><!-- \/wp:list-item --><\/p>\n<p><!-- wp:list-item --><\/p>\n<li><strong>Infob\u00e9sit\u00e9<\/strong> = <strong>quantit\u00e9 excessive<\/strong> d\u2019informations, ind\u00e9pendamment de l\u2019impact psychologique.<\/li>\n<p><!-- \/wp:list-item --><\/ul>\n<p><!-- \/wp:list --><\/p>\n<p><!-- wp:paragraph --><\/p>\n<p>Les deux ph\u00e9nom\u00e8nes sont li\u00e9s. Plus on consomme d\u2019informations, plus on risque de ressentir une fatigue cognitive, d\u2019o\u00f9 l\u2019importance de r\u00e9guler sa consommation.<\/p>\n<p><!-- \/wp:paragraph --><\/p>\n<p><!-- wp:heading {\"level\":3} --><\/p>\n<h3 class=\"wp-block-heading\">Un ph\u00e9nom\u00e8ne en hausse, confirm\u00e9 par les chiffres<\/h3>\n<p><!-- \/wp:heading --><\/p>\n<p><!-- wp:paragraph --><\/p>\n<p>Plusieurs \u00e9tudes mettent en \u00e9vidence la mont\u00e9e de cette surcharge informationnelle :<\/p>\n<p><!-- \/wp:paragraph --><\/p>\n<p><!-- wp:list --><\/p>\n<ul class=\"wp-block-list\"><!-- wp:list-item --><\/p>\n<li><strong>53% des Fran\u00e7ais se disent fatigu\u00e9s de l\u2019information<\/strong>, dont <strong>38% \"beaucoup\"<\/strong> (<a href=\"https:\/\/www.jean-jaures.org\/publication\/les-francais-et-la-fatigue-informationnelle-mutations-et-tensions-dans-notre-rapport-a-linformation\/\" target=\"_blank\" rel=\"noreferrer noopener\">Fondation Jean-Jaur\u00e8s<\/a>, 2022).<\/li>\n<p><!-- \/wp:list-item --><\/p>\n<p><!-- wp:list-item --><\/p>\n<li><strong>54% des Fran\u00e7ais estiment que l\u2019actualit\u00e9 est \"trop anxiog\u00e8ne\"<\/strong>, les poussant \u00e0 s\u2019en d\u00e9tourner, selon la m\u00eame \u00e9tude.<\/li>\n<p><!-- \/wp:list-item --><\/p>\n<p><!-- wp:list-item --><\/p>\n<li><strong>En entreprise, <\/strong>un employ\u00e9 passe en moyenne <strong>8,8 heures par semaine \u00e0 lire et r\u00e9diger des e-mails<\/strong>, combin\u00e9 \u00e0 7,5 heures de r\u00e9unions virtuelles. Cela repr\u00e9sente un total de plus de 16 heures par semaine consacr\u00e9es \u00e0 des activit\u00e9s de prise d\u2019information <strong>&nbsp;<\/strong>(\u00e9tude <a href=\"https:\/\/www.helloworkplace.fr\/entreprise-surcharge-numerique-etude\/\">Microsoft<\/a>, 2023), contribuant \u00e0 un \u00e9puisement cognitif.<\/li>\n<p><!-- \/wp:list-item --><\/ul>\n<p><!-- \/wp:list --><\/p>\n<p><!-- wp:paragraph --><\/p>\n<p>Le constat&nbsp;? La fatigue informationnelle ne touche pas seulement les grands consommateurs de nouvelles. Elle concerne aussi les professionnels, les \u00e9tudiants... Et toute personne confront\u00e9e \u00e0 une surcharge d\u2019informations dans son quotidien.<\/p>\n<p><!-- \/wp:paragraph --><\/p>\n<p><!-- wp:heading --><\/p>\n<h2 class=\"wp-block-heading\">Quelle sont les principales causes de la surcharge informationnelle&nbsp;?<\/h2>\n<p><!-- \/wp:heading --><\/p>\n<p><!-- wp:paragraph --><\/p>\n<p>La fatigue informationnelle ne surgit pas du jour au lendemain. Elle r\u00e9sulte de plusieurs facteurs qui se sont intensifi\u00e9s ces derni\u00e8res ann\u00e9es, avec la mont\u00e9e en puissance du num\u00e9rique et des r\u00e9seaux sociaux. D\u00e9cryptons les m\u00e9canismes qui alimentent cette surcharge cognitive.<\/p>\n<p><!-- \/wp:paragraph --><\/p>\n<p><!-- wp:heading {\"level\":3} --><\/p>\n<h3 class=\"wp-block-heading\">1. Une explosion des canaux d\u2019information<\/h3>\n<p><!-- \/wp:heading --><\/p>\n<p><!-- wp:paragraph --><\/p>\n<p>Il y a encore 20 ans, la majorit\u00e9 des Fran\u00e7ais s\u2019informaient via la t\u00e9l\u00e9vision, la radio et la presse \u00e9crite. Aujourd\u2019hui, les sources d\u2019information se sont d\u00e9multipli\u00e9es, en France comme ailleurs :<\/p>\n<p><!-- \/wp:paragraph --><\/p>\n<p><!-- wp:list --><\/p>\n<ul class=\"wp-block-list\"><!-- wp:list-item --><\/p>\n<li><strong>Presse en ligne et blogs sp\u00e9cialis\u00e9s<\/strong> : accessibles 24h\/24, publiant du contenu en continu.<\/li>\n<p><!-- \/wp:list-item --><\/p>\n<p><!-- wp:list-item --><\/p>\n<li><strong>R\u00e9seaux sociaux<\/strong> : Facebook, Twitter, LinkedIn et TikTok, o\u00f9 actualit\u00e9 et opinions se m\u00ealent... obligeant l\u2019utilisateur de ces r\u00e9seaux \u00e0 faire du fact checking constant pour s\u2019assurer de la qualit\u00e9 de l\u2019information diffus\u00e9e.<\/li>\n<p><!-- \/wp:list-item --><\/p>\n<p><!-- wp:list-item --><\/p>\n<li><strong>Newsletters et podcasts<\/strong> : formats de plus en plus populaires, qui ajoutent \u00e0 la charge cognitive.<\/li>\n<p><!-- \/wp:list-item --><\/p>\n<p><!-- wp:list-item --><\/p>\n<li><strong>M\u00e9dias traditionnels (TV, radio)<\/strong> : toujours influents mais d\u00e9sormais en concurrence avec le num\u00e9rique.<\/li>\n<p><!-- \/wp:list-item --><\/ul>\n<p><!-- \/wp:list --><\/p>\n<p><!-- wp:paragraph --><\/p>\n<p>R\u00e9sultat ? Un <strong>brouhaha informationnel permanent<\/strong>, o\u00f9 chaque canal tente d\u2019attirer notre attention, cr\u00e9ant une pression constante \u00e0 consommer toujours plus d\u2019informations.<\/p>\n<p><!-- \/wp:paragraph --><\/p>\n<p><!-- wp:paragraph --><\/p>\n<p>\u00c0 lire aussi\u00a0: <a href=\"https:\/\/www.wojo.com\/blog\/fr\/du-bonheur-en-boite\/cohrence-cardiaque-reduire-le-stress-au-travail\/\" target=\"_blank\" rel=\"noreferrer noopener\">Simple et efficace, r\u00e9duisez votre stress en pratiquant la coh\u00e9rence cardiaque<\/a><\/p>\n<p><!-- \/wp:paragraph --><\/p>\n<p><!-- wp:heading {\"level\":3} --><\/p>\n<h3 class=\"wp-block-heading\">2. Une soci\u00e9t\u00e9 de l\u2019imm\u00e9diatet\u00e9 et du \"toujours plus\"<\/h3>\n<p><!-- \/wp:heading --><\/p>\n<p><!-- wp:paragraph --><\/p>\n<p>L\u2019essor du num\u00e9rique a profond\u00e9ment transform\u00e9 notre <strong>rapport au temps et \u00e0 l\u2019actualit\u00e9<\/strong>. Aujourd\u2019hui, l\u2019information circule \u00e0 une vitesse fulgurante, cr\u00e9ant une pression omnipr\u00e9sente sur notre r\u00e9activit\u00e9.<\/p>\n<p><!-- \/wp:paragraph --><\/p>\n<p><!-- wp:list --><\/p>\n<ul class=\"wp-block-list\"><!-- wp:list-item --><\/p>\n<li><strong>Actualit\u00e9 en continu<\/strong> &#x1f680; : cha\u00eenes d\u2019info, nouvelles \u00e0 toute heure du jour et de la nuit, push notifications et breaking news cr\u00e9ent un sentiment d\u2019urgence permanent.<\/li>\n<p><!-- \/wp:list-item --><\/p>\n<p><!-- wp:list-item --><\/p>\n<li><strong>Le \"scroll infini\" des r\u00e9seaux sociaux<\/strong> &#x1f504;  : con\u00e7u pour maximiser le temps pass\u00e9 en ligne, il entretient une consommation passive et compulsive de l\u2019information.<\/li>\n<p><!-- \/wp:list-item --><\/p>\n<p><!-- wp:list-item --><\/p>\n<li><strong>Surcharge de mails professionnels<\/strong> &#x1f4e7; : en entreprise, les salari\u00e9s re\u00e7oivent en moyenne 121 e-mails par jour selon <a href=\"https:\/\/www.helloworkplace.fr\/entreprise-surcharge-numerique-etude\/\" target=\"_blank\" rel=\"noreferrer noopener\">l\u2019\u00e9tude Microsoft<\/a> cit\u00e9e plus haut.<\/li>\n<p><!-- \/wp:list-item --><\/ul>\n<p><!-- \/wp:list --><\/p>\n<p><!-- wp:heading {\"level\":3} --><\/p>\n<h3 class=\"wp-block-heading\">3. La d\u00e9fiance envers les m\u00e9dias et l\u2019effet de saturation<\/h3>\n<p><!-- \/wp:heading --><\/p>\n<p><!-- wp:paragraph --><\/p>\n<p>Si nous sommes submerg\u00e9s d\u2019informations, c\u2019est aussi parce que nous avons du mal \u00e0 faire confiance aux sources. Cette d\u00e9fiance pousse \u00e0 multiplier les consultations pour v\u00e9rifier une information, ce qui renforce la surcharge cognitive.<\/p>\n<p><!-- \/wp:paragraph --><\/p>\n<p><!-- wp:paragraph --><\/p>\n<p>&#x1f4ca; <strong>60% des Fran\u00e7ais estiment que les m\u00e9dias \"n\u2019expliquent pas suffisamment bien l\u2019actualit\u00e9\"<\/strong> (Fondation Jean Jaur\u00e8s, 2022).<br \/>&#x1f4ca; <strong>36% des Fran\u00e7ais \u00e9vitent parfois ou souvent activement l'actualit\u00e9, <\/strong>selon le Digital News Report 2023 du Reuters Institute.<\/p>\n<p><!-- \/wp:paragraph --><\/p>\n<p><!-- wp:paragraph --><\/p>\n<p>Ce paradoxe est frappant. D\u2019un c\u00f4t\u00e9, nous avons besoin d\u2019\u00eatre inform\u00e9s. De l\u2019autre, nous rejetons une information jug\u00e9e trop anxiog\u00e8ne ou biais\u00e9e. R\u00e9sultat ? Une <strong>consommation fragment\u00e9e et r\u00e9p\u00e9titive<\/strong>, qui alimente l\u2019\u00e9puisement informationnel.<\/p>\n<p><!-- \/wp:paragraph --><\/p>\n<p><!-- wp:heading {\"level\":3} --><\/p>\n<h3 class=\"wp-block-heading\">4. Une illusion de contr\u00f4le qui nous pousse \u00e0 l\u2019exc\u00e8s<\/h3>\n<p><!-- \/wp:heading --><\/p>\n<p><!-- wp:paragraph --><\/p>\n<p>Enfin, nous avons tendance \u00e0 surestimer notre capacit\u00e9 \u00e0 \"g\u00e9rer\" l\u2019information. Nous pensons pouvoir jongler entre plusieurs sources et absorber une quantit\u00e9 illimit\u00e9e de contenus, alors qu\u2019en r\u00e9alit\u00e9 :<\/p>\n<p><!-- \/wp:paragraph --><\/p>\n<p><!-- wp:heading {\"level\":4} --><\/p>\n<h4 class=\"wp-block-heading\">Notre cerveau est limit\u00e9<\/h4>\n<p><!-- \/wp:heading --><\/p>\n<p><!-- wp:paragraph --><\/p>\n<p>Le mod\u00e8le de la m\u00e9moire de travail, d\u00e9velopp\u00e9 par Baddeley et Hitch en 1974, soulignait d\u00e9j\u00e0 qu\u2019un \u00eatre humain ne peut retenir que 3 \u00e0 5 \u00e9l\u00e9ments simultan\u00e9s. Ensuite, il entre en surcharge cognitive. Une th\u00e9orie qui fait consensus depuis.<\/p>\n<p><!-- \/wp:paragraph --><\/p>\n<p><!-- wp:heading {\"level\":4} --><\/p>\n<h4 class=\"wp-block-heading\">Les algorithmes fa\u00e7onnent nos habitude<\/h4>\n<p><!-- \/wp:heading --><\/p>\n<p><!-- wp:paragraph --><\/p>\n<p>Les recommandations des r\u00e9seaux sociaux nous enferment dans des bulles d\u2019information, nous poussant \u00e0 consommer toujours plus de contenus similaires.<\/p>\n<p><!-- \/wp:paragraph --><\/p>\n<p><!-- wp:heading {\"level\":4} --><\/p>\n<h4 class=\"wp-block-heading\">L\u2019accumulation d\u2019informations bloque la prise de d\u00e9cision<\/h4>\n<p><!-- \/wp:heading --><\/p>\n<p><!-- wp:paragraph --><\/p>\n<p>Plus on lit d\u2019articles sur un sujet complexe, plus il devient difficile de trancher &#x1f92f;.<\/p>\n<p><!-- \/wp:paragraph --><\/p>\n<p><!-- wp:paragraph --><\/p>\n<p>Moralit\u00e9 ? L\u2019infob\u00e9sit\u00e9 est un pi\u00e8ge dans lequel nous tombons souvent inconsciemment. Nous pensons que consommer plus d\u2019information revient \u00e0 \u00eatre mieux inform\u00e9.e\u2026 Alors qu\u2019en r\u00e9alit\u00e9, cet exc\u00e8s nous emp\u00eache de penser clairement.<\/p>\n<p><!-- \/wp:paragraph --><\/p>\n<p><!-- wp:heading {\"level\":3} --><\/p>\n<h3 class=\"wp-block-heading\">Bilan de cet \u00e9tat des lieux&nbsp;?&nbsp;<\/h3>\n<p><!-- \/wp:heading --><\/p>\n<p><!-- wp:paragraph --><\/p>\n<p>Nous vivons dans une \u00e9poque o\u00f9 l\u2019information est omnipr\u00e9sente, imm\u00e9diate et souvent anxiog\u00e8ne. Cette situation cr\u00e9e une fatigue cognitive g\u00e9n\u00e9ralis\u00e9e, renforc\u00e9e par la pression sociale et professionnelle \u00e0 \u00eatre constamment \u00e0 jour. Alors, comment cette surcharge informationnelle impacte-t-elle notre bien-\u00eatre mental et notre productivit\u00e9&nbsp;? <\/p>\n<p><!-- \/wp:paragraph --><\/p>\n<p><!-- wp:heading --><\/p>\n<h2 class=\"wp-block-heading\">Quels sont les impacts de la fatigue informationnelle sur la productivit\u00e9&nbsp;?<\/h2>\n<p><!-- \/wp:heading --><\/p>\n<p><!-- wp:paragraph --><\/p>\n<p>La surcharge informationnelle a des r\u00e9percussions directes sur notre capacit\u00e9 \u00e0 travailler efficacement, \u00e0 prendre des d\u00e9cisions et \u00e0 maintenir une bonne sant\u00e9 mentale.<\/p>\n<p><!-- \/wp:paragraph --><\/p>\n<p><!-- wp:heading {\"level\":3} --><\/p>\n<h3 class=\"wp-block-heading\">1. Une concentration mise \u00e0 mal par l\u2019infob\u00e9sit\u00e9<\/h3>\n<p><!-- \/wp:heading --><\/p>\n<p><!-- wp:paragraph --><\/p>\n<p>L\u2019un des effets les plus visibles de la fatigue informationnelle est la diminution de la capacit\u00e9 de concentration. Dans un environnement o\u00f9 les sollicitations sont constantes \u2013 emails, notifications, r\u00e9unions virtuelles, r\u00e9seaux sociaux \u2013 notre attention est fragment\u00e9e en permanence, ce qui emp\u00eache d\u2019atteindre un \u00e9tat de concentration profonde.<\/p>\n<p><!-- \/wp:paragraph --><\/p>\n<p><!-- wp:paragraph --><\/p>\n<p>&#x1f4cc; Exemple&nbsp;: un employ\u00e9 de bureau est interrompu en moyenne toutes les 11 minutes. Il lui faut ensuite 23 minutes pour retrouver un \u00e9tat de concentration optimal, selon une <a href=\"https:\/\/www.ics.uci.edu\/~gmark\/chi08-mark.pdf\" target=\"_blank\" rel=\"noreferrer noopener\">\u00e9tude men\u00e9e par la chercheuse am\u00e9ricaine<\/a> Gloria Mark. Cons\u00e9quence ? Une perte de productivit\u00e9 massive, o\u00f9 les travailleurs passent plus de temps \u00e0 g\u00e9rer des interruptions qu\u2019\u00e0 avancer efficacement sur leurs t\u00e2ches.<\/p>\n<p><!-- \/wp:paragraph --><\/p>\n<p><!-- wp:heading {\"level\":3} --><\/p>\n<h3 class=\"wp-block-heading\">2. Une surcharge cognitive qui bloque la prise de d\u00e9cision<\/h3>\n<p><!-- \/wp:heading --><\/p>\n<p><!-- wp:paragraph --><\/p>\n<p>Lorsque le cerveau humain est submerg\u00e9 par l\u2019information, il peine \u00e0 prendre des d\u00e9cisions claires et rapides. Ce ph\u00e9nom\u00e8ne, appel\u00e9 paralysie d\u00e9cisionnelle, est particuli\u00e8rement visible dans les environnements professionnels o\u00f9 l\u2019analyse d\u2019un trop grand nombre de donn\u00e9es peut freiner l\u2019action.<\/p>\n<p><!-- \/wp:paragraph --><\/p>\n<p><!-- wp:paragraph --><\/p>\n<p>Le sociologue Alvin Toffler a introduit dans les ann\u00e9es 70 (d\u00e9j\u00e0&nbsp;!) le concept de surcharge de choix (ou overchoice), dans son ouvrage <em>Le choc du futur<\/em>. Il d\u00e9crit comment une abondance d\u2019options complique le processus d\u00e9cisionnel et diminue la satisfaction.<\/p>\n<p><!-- \/wp:paragraph --><\/p>\n<p><!-- wp:heading {\"level\":4} --><\/p>\n<h4 class=\"wp-block-heading\">&#x1f6a8; Cas typique dans l\u2019univers professionnel : la gestion des emails<\/h4>\n<p><!-- \/wp:heading --><\/p>\n<p><!-- wp:paragraph --><\/p>\n<p>Prenons le cas du salari\u00e9 moyen cit\u00e9 plus haut, qui re\u00e7oit ses 121 mails quotidiens. Soit autant d\u2019informations, d\u2019avis, d\u2019injonctions\u2026 tant\u00f4t compl\u00e9mentaires, tant\u00f4t contradictoires. Imaginez l\u2019effort que doit accomplir notre cerveau pour analyser et hi\u00e9rarchiser tout cela&nbsp;! En r\u00e9alit\u00e9, ce flux continu d\u2019informations cr\u00e9e surtout un <strong>sentiment d\u2019urgence permanent<\/strong>. Souvent sans r\u00e9elle valeur ajout\u00e9e, il r\u00e9duit le temps consacr\u00e9 aux t\u00e2ches strat\u00e9giques.<\/p>\n<p><!-- \/wp:paragraph --><\/p>\n<p><!-- wp:paragraph --><\/p>\n<p>&#x1f449; Cons\u00e9quence : plus on a d\u2019informations, plus il devient difficile d\u2019agir, ce qui freine la r\u00e9activit\u00e9 et la productivit\u00e9.<\/p>\n<p><!-- \/wp:paragraph --><\/p>\n<p><!-- wp:heading {\"level\":3} --><\/p>\n<h3 class=\"wp-block-heading\">3. Un impact direct sur la sant\u00e9 mentale des travailleurs<\/h3>\n<p><!-- \/wp:heading --><\/p>\n<p><!-- wp:paragraph --><\/p>\n<p>La fatigue informationnelle ne se limite pas \u00e0 une simple g\u00eane cognitive. Elle a des effets profonds sur le bien-\u00eatre mental. L\u2019exc\u00e8s d\u2019informations peut g\u00e9n\u00e9rer du stress, de l\u2019anxi\u00e9t\u00e9, l\u2019ensemble pouvant conduire au burn out.<\/p>\n<p><!-- \/wp:paragraph --><\/p>\n<p><!-- wp:heading {\"level\":4} --><\/p>\n<h4 class=\"wp-block-heading\">Les principales manifestations psychologiques de la fatigue informationnelle au travail&nbsp;?<\/h4>\n<p><!-- \/wp:heading --><\/p>\n<p><!-- wp:list --><\/p>\n<ul class=\"wp-block-list\"><!-- wp:list-item --><\/p>\n<li>Augmentation du stress &#x1f4a5;et de l\u2019anxi\u00e9t\u00e9 face \u00e0 la n\u00e9cessit\u00e9 de \"tout suivre.<\/li>\n<p><!-- \/wp:list-item --><\/p>\n<p><!-- wp:list-item --><\/p>\n<li>Sentiment d\u2019oppression &#x1f92f; face aux mails et r\u00e9unions constantes<\/li>\n<p><!-- \/wp:list-item --><\/p>\n<p><!-- wp:list-item --><\/p>\n<li>Fatigue mentale chronique &#x1f630;, qui se traduit par une perte de motivation.<\/li>\n<p><!-- \/wp:list-item --><\/p>\n<p><!-- wp:list-item --><\/p>\n<li>D\u00e9connexion progressive &#x1f636;&#x200d;&#x1f32b;&#xfe0f;  : certains employ\u00e9s finissent par ne plus lire leurs emails et par \u00e9viter l\u2019actualit\u00e9, une forme d\u2019autoprotection.<\/li>\n<p><!-- \/wp:list-item --><\/ul>\n<p><!-- \/wp:list --><\/p>\n<p><!-- wp:paragraph --><\/p>\n<p><strong>&#x1f449; <\/strong>Cons\u00e9quence :<strong> <\/strong>au-del\u00e0 d\u2019une simple fatigue, la surcharge informationnelle peut provoquer une d\u00e9tresse psychologique s\u00e9rieuse et un d\u00e9sengagement professionnel.<\/p>\n<p><!-- \/wp:paragraph --><\/p>\n<p><!-- wp:heading {\"level\":3} --><\/p>\n<h3 class=\"wp-block-heading\">4. L\u2019illusion de la productivit\u00e9 : \u00eatre connect\u00e9.e ne signifie pas \u00eatre efficace<\/h3>\n<p><!-- \/wp:heading --><\/p>\n<p><!-- wp:paragraph --><\/p>\n<p>Un autre effet pervers de la surcharge informationnelle est <strong>l\u2019illusion de la productivit\u00e9<\/strong>. Plus on consulte d\u2019informations, plus on a l\u2019impression d\u2019\u00eatre actif et performant. En r\u00e9alit\u00e9, \u00eatre en permanence connect\u00e9.e ne signifie pas mieux travailler. Toujours selon l\u2019\u00e9tude men\u00e9e par Gloria Mark, les personnes travaillant sans interruption sont plus productives que celles constamment sollicit\u00e9es par des emails et notifications. Voil\u00e0 qui invite \u00e0 r\u00e9fl\u00e9chir. Par ailleurs, le multit\u00e2che, qui consiste \u00e0 jongler entre plusieurs t\u00e2ches, est un ennemi de la productivit\u00e9 et un ami des erreurs.<\/p>\n<p><!-- \/wp:paragraph --><\/p>\n<p><!-- wp:paragraph --><\/p>\n<p>&#x1f449; \u00c0 retenir : un travailleur connect\u00e9 en permanence est souvent moins efficace et plus \u00e9puis\u00e9 qu\u2019un travailleur qui s\u2019astreint \u00e0 filtrer l\u2019information.<\/p>\n<p><!-- \/wp:paragraph --><\/p>\n<p><!-- wp:paragraph --><\/p>\n<p>La fatigue informationnelle n\u2019est pas un simple d\u00e9sagr\u00e9ment. Elle impacte la concentration, la prise de d\u00e9cision, le stress et la productivit\u00e9. Les salari\u00e9s passent un temps disproportionn\u00e9 \u00e0 g\u00e9rer des e-mails et des flux d\u2019information, au d\u00e9triment des t\u00e2ches r\u00e9ellement strat\u00e9giques. Cette illusion de productivit\u00e9 pousse \u00e0 une hyper-connexion toxique, entra\u00eenant stress, anxi\u00e9t\u00e9 et burn-out.<\/p>\n<p><!-- \/wp:paragraph --><\/p>\n<p><!-- wp:paragraph --><\/p>\n<p>Maintenant qu\u2019on a dit tout \u00e7a, que faire pour r\u00e9sister, prouver que l\u2019on existe ? Et ceci m\u00eame si on ne consomme pas toutes les informations disponibles&nbsp;?<\/p>\n<p><!-- \/wp:paragraph --><\/p>\n<p><!-- wp:heading --><\/p>\n<h2 class=\"wp-block-heading\">Comment g\u00e9rer et limiter l\u2019infob\u00e9sit\u00e9 ?<\/h2>\n<p><!-- \/wp:heading --><\/p>\n<p><!-- wp:paragraph --><\/p>\n<p>Face \u00e0 la surcharge informationnelle, il devient essentiel d\u2019adopter une approche strat\u00e9gique de notre consommation d\u2019informations. Il ne s\u2019agit pas de rejeter totalement l\u2019actualit\u00e9 ou de se d\u00e9connecter du monde. L'objectif est plut\u00f4t de reprendre le contr\u00f4le sur la mani\u00e8re dont nous acc\u00e9dons, traitons et utilisons les informations au quotidien. Voici plusieurs leviers efficaces pour y parvenir.<\/p>\n<p><!-- \/wp:paragraph --><\/p>\n<p><!-- wp:heading {\"level\":3} --><\/p>\n<h3 class=\"wp-block-heading\">1. Filtrer ses sources d\u2019information<\/h3>\n<p><!-- \/wp:heading --><\/p>\n<p><!-- wp:paragraph --><\/p>\n<p>L\u2019une des premi\u00e8res causes de la fatigue informationnelle est l\u2019exc\u00e8s de sources et de canaux de diffusion.<\/p>\n<p><!-- \/wp:paragraph --><\/p>\n<p><!-- wp:paragraph --><\/p>\n<p>&nbsp;&#x1f4cc; Conseils pratiques<\/p>\n<p><!-- \/wp:paragraph --><\/p>\n<p><!-- wp:list --><\/p>\n<ul class=\"wp-block-list\"><!-- wp:list-item --><\/p>\n<li><strong>Se limiter \u00e0 des sources \u00e0 forte valeur ajout\u00e9e<\/strong> : plut\u00f4t que de lire 10 articles diff\u00e9rents sur le m\u00eame sujet, choisir 2 \u00e0 3 m\u00e9dias de confiance offrant une analyse approfondie.<\/li>\n<p><!-- \/wp:list-item --><\/p>\n<p><!-- wp:list-item --><\/p>\n<li><strong>Utiliser des agr\u00e9gateurs RSS ou des outils comme Feedly<\/strong> pour centraliser l\u2019information et \u00e9viter la dispersion.<\/li>\n<p><!-- \/wp:list-item --><\/p>\n<p><!-- wp:list-item --><\/p>\n<li><strong>Se d\u00e9sabonner des newsletters et notifications non essentielles<\/strong> qui envahissent nos bo\u00eetes mail.<\/li>\n<p><!-- \/wp:list-item --><\/ul>\n<p><!-- \/wp:list --><\/p>\n<p><!-- wp:paragraph --><\/p>\n<p>&#x1f449; Objectif ? Ne pas consommer \"tout\", mais consommer \"mieux\".<\/p>\n<p><!-- \/wp:paragraph --><\/p>\n<p><!-- wp:heading {\"level\":3} --><\/p>\n<h3 class=\"wp-block-heading\">2. Mettre en place des \"fen\u00eatres d\u2019information\"<\/h3>\n<p><!-- \/wp:heading --><\/p>\n<p><!-- wp:paragraph --><\/p>\n<p>L\u2019un des pi\u00e8ges majeurs de l\u2019hyperconnexion est la consultation compulsive des actualit\u00e9s et r\u00e9seaux sociaux. Cela entra\u00eene une fatigue mentale et une perte de temps consid\u00e9rable.<\/p>\n<p><!-- \/wp:paragraph --><\/p>\n<p><!-- wp:paragraph --><\/p>\n<p>&#x1f4cc; Conseils pratiques :<\/p>\n<p><!-- \/wp:paragraph --><\/p>\n<p><!-- wp:list --><\/p>\n<ul class=\"wp-block-list\"><!-- wp:list-item --><\/p>\n<li><strong>D\u00e9finir des cr\u00e9neaux pour consulter l\u2019actualit\u00e9<\/strong> (ex : matin et soir, 15 minutes maximum).<\/li>\n<p><!-- \/wp:list-item --><\/p>\n<p><!-- wp:list-item --><\/p>\n<li><strong>Supprimer les notifications push<\/strong> de son t\u00e9l\u00e9phone pour ne pas \u00eatre sollicit\u00e9.e en permanence.<\/li>\n<p><!-- \/wp:list-item --><\/p>\n<p><!-- wp:list-item --><\/p>\n<li><strong>R\u00e9server des moments sans \u00e9crans<\/strong> (ex : le matin au r\u00e9veil, avant de dormir).<\/li>\n<p><!-- \/wp:list-item --><\/ul>\n<p><!-- \/wp:list --><\/p>\n<p><!-- wp:paragraph --><\/p>\n<p>&#x1f449; Objectif ? Reprendre le contr\u00f4le sur son rapport \u00e0 l\u2019information au lieu de subir un flux constant.<\/p>\n<p><!-- \/wp:paragraph --><\/p>\n<p><!-- wp:heading {\"level\":3} --><\/p>\n<h3 class=\"wp-block-heading\">3. Adopter une approche \"slow information\"<\/h3>\n<p><!-- \/wp:heading --><\/p>\n<p><!-- wp:paragraph --><\/p>\n<p>\u00c0 l\u2019inverse de la surconsommation d\u2019informations en temps r\u00e9el, le mouvement slow information encourage \u00e0 privil\u00e9gier une information plus r\u00e9fl\u00e9chie et approfondie.<\/p>\n<p><!-- \/wp:paragraph --><\/p>\n<p><!-- wp:paragraph --><\/p>\n<p>&#x1f4cc; Conseils pratiques :<\/p>\n<p><!-- \/wp:paragraph --><\/p>\n<p><!-- wp:list --><\/p>\n<ul class=\"wp-block-list\"><!-- wp:list-item --><\/p>\n<li><strong>Lire des articles de fond et des analyses d\u00e9taill\u00e9es<\/strong> plut\u00f4t que des br\u00e8ves r\u00e9p\u00e9titives.<\/li>\n<p><!-- \/wp:list-item --><\/p>\n<p><!-- wp:list-item --><\/p>\n<li><strong>\u00c9couter des podcasts qui prennent le temps d\u2019expliquer <\/strong>un sujet au lieu de consommer du contenu fragment\u00e9.<\/li>\n<p><!-- \/wp:list-item --><\/p>\n<p><!-- wp:list-item --><\/p>\n<li><strong>Prendre des notes sur les informations importantes<\/strong> pour mieux les assimiler et \u00e9viter de les oublier aussit\u00f4t lues.<\/li>\n<p><!-- \/wp:list-item --><\/ul>\n<p><!-- \/wp:list --><\/p>\n<p><!-- wp:paragraph --><\/p>\n<p>&#x1f449; Objectif ? Passer d\u2019une consommation passive et anxiog\u00e8ne \u00e0 une consommation choisie et enrichissante.<\/p>\n<p><!-- \/wp:paragraph --><\/p>\n<p><!-- wp:heading {\"level\":3} --><\/p>\n<h3 class=\"wp-block-heading\">4. R\u00e9duire l\u2019empreinte informationnelle au travail<\/h3>\n<p><!-- \/wp:heading --><\/p>\n<p><!-- wp:paragraph --><\/p>\n<p>En entreprise, la surcharge informationnelle est souvent exacerb\u00e9e par un exc\u00e8s d\u2019e-mails, de r\u00e9unions et d\u2019outils collaboratifs mal utilis\u00e9s.<\/p>\n<p><!-- \/wp:paragraph --><\/p>\n<p><!-- wp:paragraph --><\/p>\n<p>&#x1f4cc; Conseils pratiques :<\/p>\n<p><!-- \/wp:paragraph --><\/p>\n<p><!-- wp:list --><\/p>\n<ul class=\"wp-block-list\"><!-- wp:list-item --><\/p>\n<li><strong>Pratiquer le \"batching\" des emails<\/strong> : ne consulter et r\u00e9pondre aux mails qu\u2019\u00e0 certains moments de la journ\u00e9e au lieu de les traiter en continu.<\/li>\n<p><!-- \/wp:list-item --><\/p>\n<p><!-- wp:list-item --><\/p>\n<li><strong>Favoriser des outils collaboratifs clairs (Notion, Trello, Slack, etc.)<\/strong> pour centraliser les informations et \u00e9viter la dispersion. \u00c0 condition toutefois de fixer des r\u00e8gles claires d\u2019utilisation pour \u00e9viter la multiplication des canaux et la perte de temps en d\u00e9coulant pour trouver la bonne information\u2026<\/li>\n<p><!-- \/wp:list-item --><\/p>\n<p><!-- wp:list-item --><\/p>\n<li><strong>Rationaliser les r\u00e9unions<\/strong> : privil\u00e9gier des formats courts et bien pr\u00e9par\u00e9s plut\u00f4t que des discussions sans objectif pr\u00e9cis.<\/li>\n<p><!-- \/wp:list-item --><\/ul>\n<p><!-- \/wp:list --><\/p>\n<p><!-- wp:paragraph --><\/p>\n<p>&#x1f449; Objectif ? All\u00e9ger la charge cognitive au travail pour gagner en efficacit\u00e9 et en s\u00e9r\u00e9nit\u00e9.<\/p>\n<p><!-- \/wp:paragraph --><\/p>\n<p><!-- wp:paragraph --><\/p>\n<p>\u00c0 lire aussi&nbsp;: <a href=\"https:\/\/www.wojo.com\/blog\/fr\/la-boite-a-outils\/ordre-du-jour-de-reunion-7-regles-a-suivre\/\" target=\"_blank\" rel=\"noreferrer noopener\">Comment pr\u00e9parer un ordre du jour de r\u00e9union pour \u00eatre vraiment efficace&nbsp;?<\/a><\/p>\n<p><!-- \/wp:paragraph --><\/p>\n<p><!-- wp:heading {\"level\":3} --><\/p>\n<h3 class=\"wp-block-heading\">5. Accepter de ne pas tout savoir<\/h3>\n<p><!-- \/wp:heading --><\/p>\n<p><!-- wp:paragraph --><\/p>\n<p>Enfin, l\u2019un des pi\u00e8ges de la fatigue informationnelle est la pression implicite \u00e0 tout suivre et tout comprendre. Qu\u2019on se le dise&nbsp;: c\u2019est im-pos-sible.<\/p>\n<p><!-- \/wp:paragraph --><\/p>\n<p><!-- wp:paragraph --><\/p>\n<p>&#x1f4cc;Conseils pratiques :<\/p>\n<p><!-- \/wp:paragraph --><\/p>\n<p><!-- wp:list --><\/p>\n<ul class=\"wp-block-list\"><!-- wp:list-item --><\/p>\n<li><strong>Accepter de manquer certaines actualit\u00e9s<\/strong> : les informations vraiment essentielles finiront toujours par nous parvenir.<\/li>\n<p><!-- \/wp:list-item --><\/p>\n<p><!-- wp:list-item --><\/p>\n<li><strong>Se concentrer sur les sujets qui nous concernent directement<\/strong>, plut\u00f4t que de vouloir absorber l\u2019actualit\u00e9 mondiale en permanence.<\/li>\n<p><!-- \/wp:list-item --><\/p>\n<p><!-- wp:list-item --><\/p>\n<li><strong>D\u00e9velopper son esprit critique<\/strong> pour \u00e9viter d\u2019\u00eatre noy\u00e9.e sous un flot d\u2019informations inutiles ou biais\u00e9es.<\/li>\n<p><!-- \/wp:list-item --><\/ul>\n<p><!-- \/wp:list --><\/p>\n<p><!-- wp:paragraph --><\/p>\n<p>Alors, quel objectif se fixer ? L\u00e2cher prise sur l\u2019illusion du \"tout savoir\" afin de pr\u00e9server son \u00e9quilibre mental.<\/p>\n<p><!-- \/wp:paragraph --><\/p>\n<p><!-- wp:paragraph --><\/p>\n<p>\u00c0 lire aussi&nbsp;: <a href=\"https:\/\/www.wojo.com\/blog\/fr\/du-bonheur-en-boite\/savoir-dire-non-productivite-conseils\/\" target=\"_blank\" rel=\"noreferrer noopener\">Savoir dire non, et autres conseils pour travailler moins et vivre mieux<\/a><\/p>\n<p><!-- \/wp:paragraph --><\/p>\n<p><!-- wp:heading --><\/p>\n<h2 class=\"wp-block-heading\">Vers une meilleure \u00ab&nbsp;hygi\u00e8ne&nbsp;\u00bb informationnelle&nbsp;?<\/h2>\n<p><!-- \/wp:heading --><\/p>\n<p><!-- wp:paragraph --><\/p>\n<p>La fatigue informationnelle n\u2019est pas une fatalit\u00e9, mais un d\u00e9fi \u00e0 relever dans un monde satur\u00e9 d\u2019informations. Plut\u00f4t que de subir ce flot incessant, nous avons l\u2019opportunit\u00e9 de repenser notre rapport \u00e0 l\u2019information : choisir la qualit\u00e9 plut\u00f4t que la quantit\u00e9, cultiver le discernement et redonner de la valeur au silence et \u00e0 la r\u00e9flexion. \u00c0 l\u2019\u00e8re du trop-plein, savoir s\u2019informer devient un v\u00e9ritable art&nbsp;! Pour les managers et les d\u00e9cideurs, il est aussi temps de repenser les pratiques en entreprise : limiter la surcharge num\u00e9rique, favoriser des communications plus efficaces et encourager un environnement de travail qui pr\u00e9serve la concentration et la s\u00e9r\u00e9nit\u00e9.<\/p>\n<p><!-- \/wp:paragraph --><\/p>\n","protected":false},"excerpt":{"rendered":"<p>Notifications incessantes, articles en rafale, flux de posts sur les r\u00e9seaux sociaux\u2026 Chaque jour, nous sommes expos\u00e9s \u00e0 une quantit\u00e9 colossale d\u2019informations et de contenus : presse en ligne, TV, radio, newsletters, fils d\u2019actualit\u00e9s et groupes de discussion\u2026 au risque d\u2019arriver \u00e0 saturation. Selon une \u00e9tude de la Fondation Jean-Jaur\u00e8s, 53% des Fran\u00e7ais d\u00e9clarent souffrir [&hellip;]<\/p>\n","protected":false},"author":1,"featured_media":231094,"comment_status":"closed","ping_status":"open","sticky":false,"template":"","format":"standard","meta":{"podcast_url_v2":"","footnotes":""},"categories":[14],"tags":[281,285],"class_list":["post-231093","post","type-post","status-publish","format-standard","has-post-thumbnail","hentry","category-du-bonheur-en-boite","tag-management-fr","tag-qvt"],"yoast_head":"<!-- This site is optimized with the Yoast SEO plugin v27.4 - https:\/\/yoast.com\/product\/yoast-seo-wordpress\/ -->\n<title>Fatigue informationnelle : nos conseils pour l&#039;\u00e9viter<\/title>\n<meta name=\"description\" content=\"Qu&#039;est-ce que la fatigue informationnelle ? Comment lutter contre l&#039;infob\u00e9sit\u00e9 et gagner en s\u00e9r\u00e9nit\u00e9 et productivit\u00e9 ? Nos conseils.\" \/>\n<meta name=\"robots\" content=\"index, follow, max-snippet:-1, max-image-preview:large, max-video-preview:-1\" \/>\n<link rel=\"canonical\" href=\"https:\/\/www.wojo.com\/blog\/fr\/du-bonheur-en-boite\/fatigue-informationnelle-comprendre-et-agir\/\" \/>\n<meta property=\"og:locale\" content=\"fr_FR\" \/>\n<meta property=\"og:type\" content=\"article\" \/>\n<meta property=\"og:title\" content=\"Fatigue informationnelle : nos conseils pour l&#039;\u00e9viter\" \/>\n<meta property=\"og:description\" content=\"Qu&#039;est-ce que la fatigue informationnelle ? Comment lutter contre l&#039;infob\u00e9sit\u00e9 et gagner en s\u00e9r\u00e9nit\u00e9 et productivit\u00e9 ? Nos conseils.\" \/>\n<meta property=\"og:url\" content=\"https:\/\/www.wojo.com\/blog\/fr\/du-bonheur-en-boite\/fatigue-informationnelle-comprendre-et-agir\/\" \/>\n<meta property=\"og:site_name\" content=\"Blog Wojo\" \/>\n<meta property=\"article:publisher\" content=\"https:\/\/www.facebook.com\/Wojo.coworking\/\" \/>\n<meta property=\"article:published_time\" content=\"2025-01-30T12:20:43+00:00\" \/>\n<meta property=\"article:modified_time\" content=\"2025-10-22T12:27:12+00:00\" \/>\n<meta property=\"og:image\" content=\"https:\/\/www.wojo.com\/blog\/wp-content\/uploads\/2025\/01\/matthew-henry-2Ts5HnA67k8-unsplash-scaled.jpg\" \/>\n\t<meta property=\"og:image:width\" content=\"2000\" \/>\n\t<meta property=\"og:image:height\" content=\"1333\" \/>\n\t<meta property=\"og:image:type\" content=\"image\/jpeg\" \/>\n<meta name=\"author\" content=\"Wojo\" \/>\n<meta name=\"twitter:card\" content=\"summary_large_image\" \/>\n<meta name=\"twitter:creator\" content=\"@Wojo_co\" \/>\n<meta name=\"twitter:site\" content=\"@Wojo_co\" \/>\n<meta name=\"twitter:label1\" content=\"\u00c9crit par\" \/>\n\t<meta name=\"twitter:data1\" content=\"Wojo\" \/>\n\t<meta name=\"twitter:label2\" content=\"Dur\u00e9e de lecture estim\u00e9e\" \/>\n\t<meta name=\"twitter:data2\" content=\"14 minutes\" \/>\n<script type=\"application\/ld+json\" class=\"yoast-schema-graph\">{\"@context\":\"https:\\\/\\\/schema.org\",\"@graph\":[{\"@type\":\"Article\",\"@id\":\"https:\\\/\\\/www.wojo.com\\\/blog\\\/fr\\\/du-bonheur-en-boite\\\/fatigue-informationnelle-comprendre-et-agir\\\/#article\",\"isPartOf\":{\"@id\":\"https:\\\/\\\/www.wojo.com\\\/blog\\\/fr\\\/du-bonheur-en-boite\\\/fatigue-informationnelle-comprendre-et-agir\\\/\"},\"author\":{\"name\":\"Wojo\",\"@id\":\"https:\\\/\\\/www.wojo.com\\\/blog\\\/#\\\/schema\\\/person\\\/52175cfaea09e0d3479bdd89e2993639\"},\"headline\":\"Fatigue informationnelle : la comprendre et agir au quotidien\",\"datePublished\":\"2025-01-30T12:20:43+00:00\",\"dateModified\":\"2025-10-22T12:27:12+00:00\",\"mainEntityOfPage\":{\"@id\":\"https:\\\/\\\/www.wojo.com\\\/blog\\\/fr\\\/du-bonheur-en-boite\\\/fatigue-informationnelle-comprendre-et-agir\\\/\"},\"wordCount\":2943,\"publisher\":{\"@id\":\"https:\\\/\\\/www.wojo.com\\\/blog\\\/#organization\"},\"image\":{\"@id\":\"https:\\\/\\\/www.wojo.com\\\/blog\\\/fr\\\/du-bonheur-en-boite\\\/fatigue-informationnelle-comprendre-et-agir\\\/#primaryimage\"},\"thumbnailUrl\":\"https:\\\/\\\/www.wojo.com\\\/blog\\\/wp-content\\\/uploads\\\/2025\\\/01\\\/matthew-henry-2Ts5HnA67k8-unsplash-scaled.jpg\",\"keywords\":[\"Management - FR\",\"QVT\"],\"articleSection\":[\"Du bonheur en bo\u00eete\"],\"inLanguage\":\"fr-FR\"},{\"@type\":\"WebPage\",\"@id\":\"https:\\\/\\\/www.wojo.com\\\/blog\\\/fr\\\/du-bonheur-en-boite\\\/fatigue-informationnelle-comprendre-et-agir\\\/\",\"url\":\"https:\\\/\\\/www.wojo.com\\\/blog\\\/fr\\\/du-bonheur-en-boite\\\/fatigue-informationnelle-comprendre-et-agir\\\/\",\"name\":\"Fatigue informationnelle : nos conseils pour l'\u00e9viter\",\"isPartOf\":{\"@id\":\"https:\\\/\\\/www.wojo.com\\\/blog\\\/#website\"},\"primaryImageOfPage\":{\"@id\":\"https:\\\/\\\/www.wojo.com\\\/blog\\\/fr\\\/du-bonheur-en-boite\\\/fatigue-informationnelle-comprendre-et-agir\\\/#primaryimage\"},\"image\":{\"@id\":\"https:\\\/\\\/www.wojo.com\\\/blog\\\/fr\\\/du-bonheur-en-boite\\\/fatigue-informationnelle-comprendre-et-agir\\\/#primaryimage\"},\"thumbnailUrl\":\"https:\\\/\\\/www.wojo.com\\\/blog\\\/wp-content\\\/uploads\\\/2025\\\/01\\\/matthew-henry-2Ts5HnA67k8-unsplash-scaled.jpg\",\"datePublished\":\"2025-01-30T12:20:43+00:00\",\"dateModified\":\"2025-10-22T12:27:12+00:00\",\"description\":\"Qu'est-ce que la fatigue informationnelle ? Comment lutter contre l'infob\u00e9sit\u00e9 et gagner en s\u00e9r\u00e9nit\u00e9 et productivit\u00e9 ? Nos conseils.\",\"breadcrumb\":{\"@id\":\"https:\\\/\\\/www.wojo.com\\\/blog\\\/fr\\\/du-bonheur-en-boite\\\/fatigue-informationnelle-comprendre-et-agir\\\/#breadcrumb\"},\"inLanguage\":\"fr-FR\",\"potentialAction\":[{\"@type\":\"ReadAction\",\"target\":[\"https:\\\/\\\/www.wojo.com\\\/blog\\\/fr\\\/du-bonheur-en-boite\\\/fatigue-informationnelle-comprendre-et-agir\\\/\"]}]},{\"@type\":\"ImageObject\",\"inLanguage\":\"fr-FR\",\"@id\":\"https:\\\/\\\/www.wojo.com\\\/blog\\\/fr\\\/du-bonheur-en-boite\\\/fatigue-informationnelle-comprendre-et-agir\\\/#primaryimage\",\"url\":\"https:\\\/\\\/www.wojo.com\\\/blog\\\/wp-content\\\/uploads\\\/2025\\\/01\\\/matthew-henry-2Ts5HnA67k8-unsplash-scaled.jpg\",\"contentUrl\":\"https:\\\/\\\/www.wojo.com\\\/blog\\\/wp-content\\\/uploads\\\/2025\\\/01\\\/matthew-henry-2Ts5HnA67k8-unsplash-scaled.jpg\",\"width\":2000,\"height\":1333},{\"@type\":\"BreadcrumbList\",\"@id\":\"https:\\\/\\\/www.wojo.com\\\/blog\\\/fr\\\/du-bonheur-en-boite\\\/fatigue-informationnelle-comprendre-et-agir\\\/#breadcrumb\",\"itemListElement\":[{\"@type\":\"ListItem\",\"position\":1,\"name\":\"Accueil\",\"item\":\"https:\\\/\\\/www.wojo.com\\\/blog\\\/fr\\\/\"},{\"@type\":\"ListItem\",\"position\":2,\"name\":\"Du bonheur en bo\u00eete\",\"item\":\"https:\\\/\\\/www.wojo.com\\\/blog\\\/fr\\\/category\\\/du-bonheur-en-boite\\\/\"},{\"@type\":\"ListItem\",\"position\":3,\"name\":\"Fatigue informationnelle : la comprendre et agir au quotidien\"}]},{\"@type\":\"WebSite\",\"@id\":\"https:\\\/\\\/www.wojo.com\\\/blog\\\/#website\",\"url\":\"https:\\\/\\\/www.wojo.com\\\/blog\\\/\",\"name\":\"Blog Wojo\",\"description\":\"Work. Share. Live.\",\"publisher\":{\"@id\":\"https:\\\/\\\/www.wojo.com\\\/blog\\\/#organization\"},\"potentialAction\":[{\"@type\":\"SearchAction\",\"target\":{\"@type\":\"EntryPoint\",\"urlTemplate\":\"https:\\\/\\\/www.wojo.com\\\/blog\\\/?s={search_term_string}\"},\"query-input\":{\"@type\":\"PropertyValueSpecification\",\"valueRequired\":true,\"valueName\":\"search_term_string\"}}],\"inLanguage\":\"fr-FR\"},{\"@type\":\"Organization\",\"@id\":\"https:\\\/\\\/www.wojo.com\\\/blog\\\/#organization\",\"name\":\"Wojo\",\"url\":\"https:\\\/\\\/www.wojo.com\\\/blog\\\/\",\"logo\":{\"@type\":\"ImageObject\",\"inLanguage\":\"fr-FR\",\"@id\":\"https:\\\/\\\/www.wojo.com\\\/blog\\\/#\\\/schema\\\/logo\\\/image\\\/\",\"url\":\"\",\"contentUrl\":\"\",\"caption\":\"Wojo\"},\"image\":{\"@id\":\"https:\\\/\\\/www.wojo.com\\\/blog\\\/#\\\/schema\\\/logo\\\/image\\\/\"},\"sameAs\":[\"https:\\\/\\\/www.facebook.com\\\/Wojo.coworking\\\/\",\"https:\\\/\\\/x.com\\\/Wojo_co\",\"https:\\\/\\\/instagram.com\\\/wojo_co\\\/\",\"https:\\\/\\\/www.linkedin.com\\\/company\\\/wojo-co\\\/\",\"https:\\\/\\\/www.youtube.com\\\/channel\\\/UCorVBPUgSsTQ3zUR9CYSp8Q\"]},{\"@type\":\"Person\",\"@id\":\"https:\\\/\\\/www.wojo.com\\\/blog\\\/#\\\/schema\\\/person\\\/52175cfaea09e0d3479bdd89e2993639\",\"name\":\"Wojo\"}]}<\/script>\n<!-- \/ Yoast SEO plugin. -->","yoast_head_json":{"title":"Fatigue informationnelle : nos conseils pour l'\u00e9viter","description":"Qu'est-ce que la fatigue informationnelle ? Comment lutter contre l'infob\u00e9sit\u00e9 et gagner en s\u00e9r\u00e9nit\u00e9 et productivit\u00e9 ? Nos conseils.","robots":{"index":"index","follow":"follow","max-snippet":"max-snippet:-1","max-image-preview":"max-image-preview:large","max-video-preview":"max-video-preview:-1"},"canonical":"https:\/\/www.wojo.com\/blog\/fr\/du-bonheur-en-boite\/fatigue-informationnelle-comprendre-et-agir\/","og_locale":"fr_FR","og_type":"article","og_title":"Fatigue informationnelle : nos conseils pour l'\u00e9viter","og_description":"Qu'est-ce que la fatigue informationnelle ? Comment lutter contre l'infob\u00e9sit\u00e9 et gagner en s\u00e9r\u00e9nit\u00e9 et productivit\u00e9 ? Nos conseils.","og_url":"https:\/\/www.wojo.com\/blog\/fr\/du-bonheur-en-boite\/fatigue-informationnelle-comprendre-et-agir\/","og_site_name":"Blog Wojo","article_publisher":"https:\/\/www.facebook.com\/Wojo.coworking\/","article_published_time":"2025-01-30T12:20:43+00:00","article_modified_time":"2025-10-22T12:27:12+00:00","og_image":[{"width":2000,"height":1333,"url":"https:\/\/www.wojo.com\/blog\/wp-content\/uploads\/2025\/01\/matthew-henry-2Ts5HnA67k8-unsplash-scaled.jpg","type":"image\/jpeg"}],"author":"Wojo","twitter_card":"summary_large_image","twitter_creator":"@Wojo_co","twitter_site":"@Wojo_co","twitter_misc":{"\u00c9crit par":"Wojo","Dur\u00e9e de lecture estim\u00e9e":"14 minutes"},"schema":{"@context":"https:\/\/schema.org","@graph":[{"@type":"Article","@id":"https:\/\/www.wojo.com\/blog\/fr\/du-bonheur-en-boite\/fatigue-informationnelle-comprendre-et-agir\/#article","isPartOf":{"@id":"https:\/\/www.wojo.com\/blog\/fr\/du-bonheur-en-boite\/fatigue-informationnelle-comprendre-et-agir\/"},"author":{"name":"Wojo","@id":"https:\/\/www.wojo.com\/blog\/#\/schema\/person\/52175cfaea09e0d3479bdd89e2993639"},"headline":"Fatigue informationnelle : la comprendre et agir au quotidien","datePublished":"2025-01-30T12:20:43+00:00","dateModified":"2025-10-22T12:27:12+00:00","mainEntityOfPage":{"@id":"https:\/\/www.wojo.com\/blog\/fr\/du-bonheur-en-boite\/fatigue-informationnelle-comprendre-et-agir\/"},"wordCount":2943,"publisher":{"@id":"https:\/\/www.wojo.com\/blog\/#organization"},"image":{"@id":"https:\/\/www.wojo.com\/blog\/fr\/du-bonheur-en-boite\/fatigue-informationnelle-comprendre-et-agir\/#primaryimage"},"thumbnailUrl":"https:\/\/www.wojo.com\/blog\/wp-content\/uploads\/2025\/01\/matthew-henry-2Ts5HnA67k8-unsplash-scaled.jpg","keywords":["Management - FR","QVT"],"articleSection":["Du bonheur en bo\u00eete"],"inLanguage":"fr-FR"},{"@type":"WebPage","@id":"https:\/\/www.wojo.com\/blog\/fr\/du-bonheur-en-boite\/fatigue-informationnelle-comprendre-et-agir\/","url":"https:\/\/www.wojo.com\/blog\/fr\/du-bonheur-en-boite\/fatigue-informationnelle-comprendre-et-agir\/","name":"Fatigue informationnelle : nos conseils pour l'\u00e9viter","isPartOf":{"@id":"https:\/\/www.wojo.com\/blog\/#website"},"primaryImageOfPage":{"@id":"https:\/\/www.wojo.com\/blog\/fr\/du-bonheur-en-boite\/fatigue-informationnelle-comprendre-et-agir\/#primaryimage"},"image":{"@id":"https:\/\/www.wojo.com\/blog\/fr\/du-bonheur-en-boite\/fatigue-informationnelle-comprendre-et-agir\/#primaryimage"},"thumbnailUrl":"https:\/\/www.wojo.com\/blog\/wp-content\/uploads\/2025\/01\/matthew-henry-2Ts5HnA67k8-unsplash-scaled.jpg","datePublished":"2025-01-30T12:20:43+00:00","dateModified":"2025-10-22T12:27:12+00:00","description":"Qu'est-ce que la fatigue informationnelle ? Comment lutter contre l'infob\u00e9sit\u00e9 et gagner en s\u00e9r\u00e9nit\u00e9 et productivit\u00e9 ? Nos conseils.","breadcrumb":{"@id":"https:\/\/www.wojo.com\/blog\/fr\/du-bonheur-en-boite\/fatigue-informationnelle-comprendre-et-agir\/#breadcrumb"},"inLanguage":"fr-FR","potentialAction":[{"@type":"ReadAction","target":["https:\/\/www.wojo.com\/blog\/fr\/du-bonheur-en-boite\/fatigue-informationnelle-comprendre-et-agir\/"]}]},{"@type":"ImageObject","inLanguage":"fr-FR","@id":"https:\/\/www.wojo.com\/blog\/fr\/du-bonheur-en-boite\/fatigue-informationnelle-comprendre-et-agir\/#primaryimage","url":"https:\/\/www.wojo.com\/blog\/wp-content\/uploads\/2025\/01\/matthew-henry-2Ts5HnA67k8-unsplash-scaled.jpg","contentUrl":"https:\/\/www.wojo.com\/blog\/wp-content\/uploads\/2025\/01\/matthew-henry-2Ts5HnA67k8-unsplash-scaled.jpg","width":2000,"height":1333},{"@type":"BreadcrumbList","@id":"https:\/\/www.wojo.com\/blog\/fr\/du-bonheur-en-boite\/fatigue-informationnelle-comprendre-et-agir\/#breadcrumb","itemListElement":[{"@type":"ListItem","position":1,"name":"Accueil","item":"https:\/\/www.wojo.com\/blog\/fr\/"},{"@type":"ListItem","position":2,"name":"Du bonheur en bo\u00eete","item":"https:\/\/www.wojo.com\/blog\/fr\/category\/du-bonheur-en-boite\/"},{"@type":"ListItem","position":3,"name":"Fatigue informationnelle : la comprendre et agir au quotidien"}]},{"@type":"WebSite","@id":"https:\/\/www.wojo.com\/blog\/#website","url":"https:\/\/www.wojo.com\/blog\/","name":"Blog Wojo","description":"Work. Share. Live.","publisher":{"@id":"https:\/\/www.wojo.com\/blog\/#organization"},"potentialAction":[{"@type":"SearchAction","target":{"@type":"EntryPoint","urlTemplate":"https:\/\/www.wojo.com\/blog\/?s={search_term_string}"},"query-input":{"@type":"PropertyValueSpecification","valueRequired":true,"valueName":"search_term_string"}}],"inLanguage":"fr-FR"},{"@type":"Organization","@id":"https:\/\/www.wojo.com\/blog\/#organization","name":"Wojo","url":"https:\/\/www.wojo.com\/blog\/","logo":{"@type":"ImageObject","inLanguage":"fr-FR","@id":"https:\/\/www.wojo.com\/blog\/#\/schema\/logo\/image\/","url":"","contentUrl":"","caption":"Wojo"},"image":{"@id":"https:\/\/www.wojo.com\/blog\/#\/schema\/logo\/image\/"},"sameAs":["https:\/\/www.facebook.com\/Wojo.coworking\/","https:\/\/x.com\/Wojo_co","https:\/\/instagram.com\/wojo_co\/","https:\/\/www.linkedin.com\/company\/wojo-co\/","https:\/\/www.youtube.com\/channel\/UCorVBPUgSsTQ3zUR9CYSp8Q"]},{"@type":"Person","@id":"https:\/\/www.wojo.com\/blog\/#\/schema\/person\/52175cfaea09e0d3479bdd89e2993639","name":"Wojo"}]}},"_links":{"self":[{"href":"https:\/\/www.wojo.com\/blog\/wp-json\/wp\/v2\/posts\/231093","targetHints":{"allow":["GET"]}}],"collection":[{"href":"https:\/\/www.wojo.com\/blog\/wp-json\/wp\/v2\/posts"}],"about":[{"href":"https:\/\/www.wojo.com\/blog\/wp-json\/wp\/v2\/types\/post"}],"author":[{"embeddable":true,"href":"https:\/\/www.wojo.com\/blog\/wp-json\/wp\/v2\/users\/1"}],"replies":[{"embeddable":true,"href":"https:\/\/www.wojo.com\/blog\/wp-json\/wp\/v2\/comments?post=231093"}],"version-history":[{"count":0,"href":"https:\/\/www.wojo.com\/blog\/wp-json\/wp\/v2\/posts\/231093\/revisions"}],"wp:featuredmedia":[{"embeddable":true,"href":"https:\/\/www.wojo.com\/blog\/wp-json\/wp\/v2\/media\/231094"}],"wp:attachment":[{"href":"https:\/\/www.wojo.com\/blog\/wp-json\/wp\/v2\/media?parent=231093"}],"wp:term":[{"taxonomy":"category","embeddable":true,"href":"https:\/\/www.wojo.com\/blog\/wp-json\/wp\/v2\/categories?post=231093"},{"taxonomy":"post_tag","embeddable":true,"href":"https:\/\/www.wojo.com\/blog\/wp-json\/wp\/v2\/tags?post=231093"}],"curies":[{"name":"wp","href":"https:\/\/api.w.org\/{rel}","templated":true}]}}