{"id":235693,"date":"2025-03-07T12:11:01","date_gmt":"2025-03-07T11:11:01","guid":{"rendered":"https:\/\/www.wojo.com\/blog\/?p=235693"},"modified":"2025-08-28T12:46:49","modified_gmt":"2025-08-28T10:46:49","slug":"audace-et-determination-paroles-de-femmes-qui-faconnent-le-monde-du-travail","status":"publish","type":"post","link":"https:\/\/www.wojo.com\/blog\/fr\/entre-boites\/audace-et-determination-paroles-de-femmes-qui-faconnent-le-monde-du-travail\/","title":{"rendered":"Audace et d\u00e9termination : paroles de femmes qui fa\u00e7onnent le monde du travail"},"content":{"rendered":"<p><!-- wp:paragraph --><\/p>\n<p><strong>Chez Wojo, l\u2019\u00e9quit\u00e9 est une priorit\u00e9 majeure, tout comme mettre \u00e0 l\u2019honneur nos membres inspirants. \u00c0 l\u2019occasion de la Semaine de la Femme et de la Journ\u00e9e Internationale des Droits des Femmes, l\u2019\u00e9quipe du Wojo Grand H\u00f4tel-Dieu a tendu le micro aux femmes inspirantes qui travaillent dans nos espaces, afin de conna\u00eetre leur vision de la place de la femme. A-t-elle chang\u00e9 ces derni\u00e8res ann\u00e9es&nbsp;? Quels progr\u00e8s restent \u00e0 accomplir&nbsp;? Quels sont leurs moteurs&nbsp;? Voici leurs t\u00e9moignages et leurs visions inspirantes \u00e0 d\u00e9couvrir&nbsp;!<\/strong><\/p>\n<p><!-- \/wp:paragraph --><\/p>\n<p><!-- wp:heading --><\/p>\n<h2 class=\"wp-block-heading\">Virginie Buscail : oser r\u00e9aliser ses r\u00eaves pour s'accomplir<\/h2>\n<p><!-- \/wp:heading --><\/p>\n<p><!-- wp:paragraph --><\/p>\n<p>Apr\u00e8s un d\u00e9but de carri\u00e8re sur les chapeaux de roue et un burn-out, Virginie Buscail d\u00e9cide de ralentir et de red\u00e9finir ses priorit\u00e9s. \u00ab J'ai alors r\u00e9alis\u00e9 mon r\u00eave d'enfant en devenant fleuriste. \u00bb Ce passage en commerce de proximit\u00e9 lui r\u00e9v\u00e8le son go\u00fbt pour la relation client, une fibre qu\u2019elle cultive ensuite en rejoignant la startup Indy. \u00ab Je me suis prise de passion pour ce m\u00e9tier et tout ce qu'il peut apporter \u00e0 une entreprise. \u00bb Aujourd\u2019hui Head of Customer Care chez Electra, elle b\u00e2tit un service client solide et humain.<\/p>\n<p><!-- \/wp:paragraph --><\/p>\n<p><!-- wp:paragraph --><\/p>\n<p>Si elle ne se sent plus limit\u00e9e par son genre, Virginie reste lucide sur les in\u00e9galit\u00e9s : \u00ab \u00catre une femme m'a surtout expos\u00e9e au harc\u00e8lement en entreprise. Heureusement, les choses \u00e9voluent. \u00bb Elle rejette la discrimination positive et d\u00e9fend une approche o\u00f9 le genre ne serait plus un crit\u00e8re.<\/p>\n<p><!-- \/wp:paragraph --><\/p>\n<p><!-- wp:paragraph --><\/p>\n<p>Son inspiration ? \u00ab Les femmes qui m\u2019entourent. Il y a en chacune quelque chose d\u2019inspirant. \u00bb Un message qu\u2019elle porte avec conviction : \u00ab Les femmes doivent s'octroyer sans condition le droit d'avoir confiance en elles. You deserve it, ladies ! \u00bb<\/p>\n<p><!-- \/wp:paragraph --><\/p>\n<p><!-- wp:paragraph --><\/p>\n<p>Virginie est membre de la communaut\u00e9 Wojo, et aussi pr\u00e9sente sur <a href=\"https:\/\/www.linkedin.com\/in\/virginie-buscail\/\" target=\"_blank\" rel=\"noreferrer noopener\">LinkedIn<\/a>.<\/p>\n<p><!-- \/wp:paragraph --><\/p>\n<p><!-- wp:heading --><\/p>\n<h2 class=\"wp-block-heading\">Sarah Allali : innover sans se poser de limites<\/h2>\n<p><!-- \/wp:heading --><\/p>\n<p><!-- wp:paragraph --><\/p>\n<p>Co-fondatrice et CEO de Lobby, Sarah Allali est une entrepreneure qui ne se fixe aucune barri\u00e8re. \u00ab J\u2019ai mont\u00e9 ma premi\u00e8re bo\u00eete en Master 2 et publi\u00e9 un article de recherche sur l\u2019automatisation en pilotage d\u2019avion. \u00bb Passionn\u00e9e par l\u2019interaction homme-machine, elle choisit l\u2019entrepreneuriat pour avoir un impact concret. Apr\u00e8s une premi\u00e8re startup en 2019, elle lance Lobby, un assistant ex\u00e9cutif bas\u00e9 sur l\u2019IA, con\u00e7u pour lib\u00e9rer les professionnels des t\u00e2ches chronophages.<\/p>\n<p><!-- \/wp:paragraph --><\/p>\n<p><!-- wp:paragraph --><\/p>\n<p>Pour Sarah, l\u2019intelligence artificielle n\u2019est pas un secteur, mais un moyen : \u00ab Je suis int\u00e9ress\u00e9e par la mani\u00e8re dont on peut am\u00e9liorer les capacit\u00e9s cognitives humaines gr\u00e2ce \u00e0 la technologie. \u00bb Et si la tech reste un univers tr\u00e8s masculin, elle refuse d\u2019en faire un frein : \u00ab Je ne me l\u00e8ve pas le matin en me disant que je suis une femme dans la tech, mais que je suis la cofondatrice d\u2019une bo\u00eete qui doit r\u00e9ussir. \u00c0 trop se poser la question, on finit par s\u2019auto-discriminer. \u00bb<\/p>\n<p><!-- \/wp:paragraph --><\/p>\n<p><!-- wp:paragraph --><\/p>\n<p>Son conseil aux femmes qui souhaitent entreprendre ? Se concentrer sur l\u2019essentiel. \u00ab Ne cherchez pas \u00e0 prouver que vous \u00eates tout aussi comp\u00e9tentes que les hommes. Si vous avez envie de vous lancer, faites-le. Cr\u00e9er une entreprise comporte d\u00e9j\u00e0 suffisamment de d\u00e9fis pour ne pas s\u2019en imposer davantage. \u00bb<\/p>\n<p><!-- \/wp:paragraph --><\/p>\n<p><!-- wp:paragraph --><\/p>\n<p>Son plus beau succ\u00e8s ? \u00ab Avoir des clients satisfaits qui gagnent du temps gr\u00e2ce \u00e0 Lobby&nbsp;! \u00bb Mais aussi son TEDxAI \u00e0 San Francisco en 2024, o\u00f9 elle a partag\u00e9 sa vision du futur des AI Agents.<\/p>\n<p><!-- \/wp:paragraph --><\/p>\n<p><!-- wp:paragraph --><\/p>\n<p>Sarah est membre de la communaut\u00e9 Wojo, et aussi pr\u00e9sente sur <a href=\"https:\/\/www.linkedin.com\/in\/sarahallali\/\" target=\"_blank\" rel=\"noreferrer noopener\">LinkedIn<\/a>.<\/p>\n<p><!-- \/wp:paragraph --><\/p>\n<p><!-- wp:paragraph --><\/p>\n<p>\u00c0 lire aussi&nbsp;: <a href=\"https:\/\/www.wojo.com\/blog\/fr\/du-bonheur-en-boite\/egalite-salariale-quand-les-entreprises-bougent-le-curseur-en-faveur-des-femmes\/\">\u00c9galit\u00e9 salariale, quand les entreprises bougent le curseur en faveur des femmes<\/a><\/p>\n<p><!-- \/wp:paragraph --><\/p>\n<p><!-- wp:heading --><\/p>\n<h2 class=\"wp-block-heading\">Chlo\u00e9 Levrat : tracer sa route sans douter<\/h2>\n<p><!-- \/wp:heading --><\/p>\n<p><!-- wp:paragraph --><\/p>\n<p>Dipl\u00f4m\u00e9e en logistique, Chlo\u00e9 Levrat d\u00e9bute chez Renault Trucks avant de s\u2019orienter vers un secteur qui la passionne : le service. Apr\u00e8s une exp\u00e9rience en h\u00f4tellerie, elle rejoint WOJO, o\u00f9 elle office depuis quatre ans comme manager du site Grand H\u00f4te-Dieu de l\u2019op\u00e9rateur d\u2019espaces de travail partag\u00e9s.<\/p>\n<p><!-- \/wp:paragraph --><\/p>\n<p><!-- wp:paragraph --><\/p>\n<p>Elle ne se sent pas limit\u00e9e par son genre mais a d\u00e9j\u00e0 \u00e9t\u00e9 confront\u00e9e \u00e0 du sexisme, notamment dans la fa\u00e7on dont certains clients per\u00e7oivent son r\u00f4le : \u00ab Parfois, ils adoptent un vocabulaire infantilisant ou font des commentaires sur les tenues port\u00e9es. \u00bb<\/p>\n<p><!-- \/wp:paragraph --><\/p>\n<p><!-- wp:paragraph --><\/p>\n<p>Chlo\u00e9 admire les pionni\u00e8res qui ont bouscul\u00e9 les codes dans des milieux masculins. Pour elle, les d\u00e9fis restent nombreux : \u00ab Le salaire, le sexisme, un changement des mentalit\u00e9s. \u00bb Inspir\u00e9e par le mod\u00e8le su\u00e9dois du cong\u00e9 parental partag\u00e9, elle esp\u00e8re que la vie familiale ne sera plus vue comme un frein \u00e0 la carri\u00e8re des femmes. Son message ? \u00ab Chaque femme devrait croire en son potentiel sans douter. \u00bb<\/p>\n<p><!-- \/wp:paragraph --><\/p>\n<p><!-- wp:paragraph --><\/p>\n<p>Chlo\u00e9 fait partie de l\u2019\u00e9quipe Wojo, et aussi pr\u00e9sente sur <a href=\"https:\/\/www.linkedin.com\/in\/chlo%C3%A9-levrat-11085735\/\" target=\"_blank\" rel=\"noreferrer noopener\">LinkedIn<\/a>.<\/p>\n<p><!-- \/wp:paragraph --><\/p>\n<p><!-- wp:heading --><\/p>\n<h2 class=\"wp-block-heading\">Nathalie Rodary : \u00e9clairer les leaders, \u00e9veiller les consciences<\/h2>\n<p><!-- \/wp:heading --><\/p>\n<p><!-- wp:paragraph --><\/p>\n<p>Inspiratrice et fondatrice du Leadership Humaniste\u00ae (Mouvement &amp; ACADEMIE), autrice, conf\u00e9renci\u00e8re, entrepreneure dipl\u00f4m\u00e9e de NEOMA Business School, Nathalie Rodary consacre sa carri\u00e8re aux dirigeants\u00a0: \u00ab Guider les T\u00eates pour les reconnecter au C\u0153ur est la ligne directrice de ma vie depuis\u2026 toute petite. \u00bb Fondatrice de plusieurs soci\u00e9t\u00e9s et du Club Leadership Humaniste\u00ae en 2011, elle a rencontr\u00e9 la leader birmane Aung San Suu Kyi \u00e0 deux reprises.<\/p>\n<p><!-- \/wp:paragraph --><\/p>\n<p><!-- wp:paragraph --><\/p>\n<p>Dans un monde domin\u00e9 par les hommes, son expertise a souvent \u00e9t\u00e9 questionn\u00e9e : \u00ab \u00catre une femme et faire 10 ans de moins fut longtemps plus suspect que cr\u00e9dible, m\u00eame si je les \u00e9clairais mieux et plus vite que McKinsey. \u00bb Pour elle, le changement ne peut plus attendre : \u00ab Penser qu\u2019il faut inscrire l\u2019\u00e9galit\u00e9 dans un temps long est un total leurre. Il faut redresser le guidon de suite. \u00bb<\/p>\n<p><!-- \/wp:paragraph --><\/p>\n<p><!-- wp:paragraph --><\/p>\n<p>Son combat ? D\u00e9ployer un Leadership Humaniste\u00ae, o\u00f9 la question du genre dispara\u00eet au profit d\u2019un \u00e9veil de conscience global. \u00ab Seule la moiti\u00e9 de l\u2019humanit\u00e9 s\u2019exprime, toujours selon le m\u00eame prisme : pouvoir, contr\u00f4le, pr\u00e9dation... Il est urgent d\u2019int\u00e9grer le f\u00e9minin dans tous ces m\u00e9tiers dits \u201cd\u2019hommes\u201d pour b\u00e2tir un monde sain et \u00e9quilibr\u00e9. \u00bb<\/p>\n<p><!-- \/wp:paragraph --><\/p>\n<p><!-- wp:paragraph --><\/p>\n<p>Nathalie est membre de la communaut\u00e9 Wojo, et aussi pr\u00e9sente sur <a href=\"https:\/\/www.linkedin.com\/in\/nathalierodary\/\">LinkedIn<\/a>.<\/p>\n<p><!-- \/wp:paragraph --><\/p>\n<p><!-- wp:heading --><\/p>\n<h2 class=\"wp-block-heading\">\u00c9lodie Llepez : connecter talents et opportunit\u00e9s<\/h2>\n<p><!-- \/wp:heading --><\/p>\n<p><!-- wp:paragraph --><\/p>\n<p>Agent freelance chez Comet depuis plus de trois ans, \u00c9lodie Llepez est sp\u00e9cialis\u00e9e dans le recrutement tech et data. Son r\u00f4le ? \u00ab Faire matcher les meilleurs talents tech et data avec des missions qui leur correspondent vraiment. \u00bb Ce qui l\u2019anime au quotidien, c\u2019est la cr\u00e9ation d\u2019une connexion gagnant-gagnant entre entreprises et freelances, tout en suivant l\u2019\u00e9volution du march\u00e9.<\/p>\n<p><!-- \/wp:paragraph --><\/p>\n<p><!-- wp:paragraph --><\/p>\n<p>Dans un secteur encore tr\u00e8s masculin, elle a parfois d\u00fb prouver sa l\u00e9gitimit\u00e9 face \u00e0 des interlocuteurs techniques. \u00ab Il faut parfois en faire plus pour \u00eatre prise au s\u00e9rieux, surtout sur des sujets techniques ou lors de n\u00e9gociations. \u00bb Mais pour elle, \u00eatre une femme est aussi un atout : \u00ab On apporte souvent une approche diff\u00e9rente, plus dans l\u2019\u00e9coute et la compr\u00e9hension fine des besoins. \u00bb<\/p>\n<p><!-- \/wp:paragraph --><\/p>\n<p><!-- wp:paragraph --><\/p>\n<p>Elle admire Serena Williams, figure de d\u00e9termination et de succ\u00e8s, et milite pour une meilleure repr\u00e9sentation des femmes dans les postes d\u00e9cisionnaires. Son engagement est clair : encourager les femmes \u00e0 investir la tech, un domaine o\u00f9 elles ont toute leur place. \u00ab Elles apporteraient une vision plus inclusive dans la conception des produits et des solutions de demain. \u00bb<\/p>\n<p><!-- \/wp:paragraph --><\/p>\n<p><!-- wp:paragraph --><\/p>\n<p>\u00c9lodie est membre de la communaut\u00e9 Wojo, et aussi pr\u00e9sente sur <a href=\"https:\/\/www.linkedin.com\/in\/elodie-l-b18993a2\/\" target=\"_blank\" rel=\"noreferrer noopener\">LinkedIn<\/a>.<\/p>\n<p><!-- \/wp:paragraph --><\/p>\n<p><!-- wp:paragraph --><\/p>\n<p><strong>Merci \u00e0 vous, mesdames, d\u2019avoir pris le temps de partager avec vos v\u00e9cus et vos inspirations&nbsp;! Nous sommes certains que cela en inspirera plus d\u2019une\u2026 et peut-\u00eatre plus d\u2019un&nbsp;<\/strong><strong>&#x1f609;&nbsp;?<\/strong><\/p>\n<p><!-- \/wp:paragraph --><\/p>\n<p><!-- wp:spacer {\"height\":\"46px\"} --><\/p>\n<div style=\"height:46px\" aria-hidden=\"true\" class=\"wp-block-spacer\"><\/div>\n<p><!-- \/wp:spacer --><\/p>\n<p><!-- wp:buttons {\"layout\":{\"type\":\"flex\",\"justifyContent\":\"center\"}} --><\/p>\n<div class=\"wp-block-buttons\"><!-- wp:button {\"backgroundColor\":\"vivid-cyan-blue\"} --><\/p>\n<div class=\"wp-block-button\"><a class=\"wp-block-button__link has-vivid-cyan-blue-background-color has-background wp-element-button\" href=\"https:\/\/www.wojo.com\/fr-FR\" target=\"_blank\" rel=\"noreferrer noopener\">D\u00e9couvrir la communaut\u00e9 Wojo<\/a><\/div>\n<p><!-- \/wp:button --><\/div>\n<p><!-- \/wp:buttons --><\/p>\n<p><!-- wp:spacer --><\/p>\n<div style=\"height:100px\" aria-hidden=\"true\" class=\"wp-block-spacer\"><\/div>\n<p><!-- \/wp:spacer --><\/p>\n","protected":false},"excerpt":{"rendered":"<p>Chez Wojo, l\u2019\u00e9quit\u00e9 est une priorit\u00e9 majeure, tout comme mettre \u00e0 l\u2019honneur nos membres inspirants. \u00c0 l\u2019occasion de la Semaine de la Femme et de la Journ\u00e9e Internationale des Droits des Femmes, l\u2019\u00e9quipe du Wojo Grand H\u00f4tel-Dieu a tendu le micro aux femmes inspirantes qui travaillent dans nos espaces, afin de conna\u00eetre leur vision de [&hellip;]<\/p>\n","protected":false},"author":1,"featured_media":235702,"comment_status":"closed","ping_status":"open","sticky":false,"template":"","format":"standard","meta":{"podcast_url_v2":"","footnotes":""},"categories":[160],"tags":[192,228,265],"class_list":["post-235693","post","type-post","status-publish","format-standard","has-post-thumbnail","hentry","category-entre-boites","tag-coworking-fr","tag-innovation-fr","tag-nouveaux-modes-de-travail"],"yoast_head":"<!-- This site is optimized with the Yoast SEO plugin v27.4 - https:\/\/yoast.com\/product\/yoast-seo-wordpress\/ -->\n<title>Femmes inspirantes : portraits de celles qui fa\u00e7onnent l&#039;avenir du travail<\/title>\n<meta name=\"description\" content=\"Cinq femmes inspirantes partagent leur vision du monde du travail, de l&#039;\u00e9galit\u00e9, leurs moteurs de r\u00e9ussite et leurs mantra?\" \/>\n<meta name=\"robots\" content=\"index, follow, max-snippet:-1, max-image-preview:large, max-video-preview:-1\" \/>\n<link rel=\"canonical\" href=\"https:\/\/www.wojo.com\/blog\/fr\/entre-boites\/audace-et-determination-paroles-de-femmes-qui-faconnent-le-monde-du-travail\/\" \/>\n<meta property=\"og:locale\" content=\"fr_FR\" \/>\n<meta property=\"og:type\" content=\"article\" \/>\n<meta property=\"og:title\" content=\"Femmes inspirantes : portraits de celles qui fa\u00e7onnent l&#039;avenir du travail\" \/>\n<meta property=\"og:description\" content=\"Cinq femmes inspirantes partagent leur vision du monde du travail, de l&#039;\u00e9galit\u00e9, leurs moteurs de r\u00e9ussite et leurs mantra?\" \/>\n<meta property=\"og:url\" content=\"https:\/\/www.wojo.com\/blog\/fr\/entre-boites\/audace-et-determination-paroles-de-femmes-qui-faconnent-le-monde-du-travail\/\" \/>\n<meta property=\"og:site_name\" content=\"Blog Wojo\" \/>\n<meta property=\"article:publisher\" content=\"https:\/\/www.facebook.com\/Wojo.coworking\/\" \/>\n<meta property=\"article:published_time\" content=\"2025-03-07T11:11:01+00:00\" \/>\n<meta property=\"article:modified_time\" content=\"2025-08-28T10:46:49+00:00\" \/>\n<meta property=\"og:image\" content=\"https:\/\/www.wojo.com\/blog\/wp-content\/uploads\/2025\/03\/simon-maage-tXiMrX3Gc-g-unsplash-scaled.jpg\" \/>\n\t<meta property=\"og:image:width\" content=\"2000\" \/>\n\t<meta property=\"og:image:height\" content=\"1336\" \/>\n\t<meta property=\"og:image:type\" content=\"image\/jpeg\" \/>\n<meta name=\"author\" content=\"Wojo\" \/>\n<meta name=\"twitter:card\" content=\"summary_large_image\" \/>\n<meta name=\"twitter:creator\" content=\"@Wojo_co\" \/>\n<meta name=\"twitter:site\" content=\"@Wojo_co\" \/>\n<meta name=\"twitter:label1\" content=\"\u00c9crit par\" \/>\n\t<meta name=\"twitter:data1\" content=\"Wojo\" \/>\n\t<meta name=\"twitter:label2\" content=\"Dur\u00e9e de lecture estim\u00e9e\" \/>\n\t<meta name=\"twitter:data2\" content=\"7 minutes\" \/>\n<script type=\"application\/ld+json\" class=\"yoast-schema-graph\">{\"@context\":\"https:\\\/\\\/schema.org\",\"@graph\":[{\"@type\":\"Article\",\"@id\":\"https:\\\/\\\/www.wojo.com\\\/blog\\\/fr\\\/entre-boites\\\/audace-et-determination-paroles-de-femmes-qui-faconnent-le-monde-du-travail\\\/#article\",\"isPartOf\":{\"@id\":\"https:\\\/\\\/www.wojo.com\\\/blog\\\/fr\\\/entre-boites\\\/audace-et-determination-paroles-de-femmes-qui-faconnent-le-monde-du-travail\\\/\"},\"author\":{\"name\":\"Wojo\",\"@id\":\"https:\\\/\\\/www.wojo.com\\\/blog\\\/#\\\/schema\\\/person\\\/52175cfaea09e0d3479bdd89e2993639\"},\"headline\":\"Audace et d\u00e9termination : paroles de femmes qui fa\u00e7onnent le monde du travail\",\"datePublished\":\"2025-03-07T11:11:01+00:00\",\"dateModified\":\"2025-08-28T10:46:49+00:00\",\"mainEntityOfPage\":{\"@id\":\"https:\\\/\\\/www.wojo.com\\\/blog\\\/fr\\\/entre-boites\\\/audace-et-determination-paroles-de-femmes-qui-faconnent-le-monde-du-travail\\\/\"},\"wordCount\":1323,\"publisher\":{\"@id\":\"https:\\\/\\\/www.wojo.com\\\/blog\\\/#organization\"},\"image\":{\"@id\":\"https:\\\/\\\/www.wojo.com\\\/blog\\\/fr\\\/entre-boites\\\/audace-et-determination-paroles-de-femmes-qui-faconnent-le-monde-du-travail\\\/#primaryimage\"},\"thumbnailUrl\":\"https:\\\/\\\/www.wojo.com\\\/blog\\\/wp-content\\\/uploads\\\/2025\\\/03\\\/simon-maage-tXiMrX3Gc-g-unsplash-scaled.jpg\",\"keywords\":[\"Coworking - FR\",\"Innovation - FR\",\"Nouveaux modes de travail\"],\"articleSection\":[\"Entre bo\u00eetes\"],\"inLanguage\":\"fr-FR\"},{\"@type\":\"WebPage\",\"@id\":\"https:\\\/\\\/www.wojo.com\\\/blog\\\/fr\\\/entre-boites\\\/audace-et-determination-paroles-de-femmes-qui-faconnent-le-monde-du-travail\\\/\",\"url\":\"https:\\\/\\\/www.wojo.com\\\/blog\\\/fr\\\/entre-boites\\\/audace-et-determination-paroles-de-femmes-qui-faconnent-le-monde-du-travail\\\/\",\"name\":\"Femmes inspirantes : portraits de celles qui fa\u00e7onnent l'avenir du travail\",\"isPartOf\":{\"@id\":\"https:\\\/\\\/www.wojo.com\\\/blog\\\/#website\"},\"primaryImageOfPage\":{\"@id\":\"https:\\\/\\\/www.wojo.com\\\/blog\\\/fr\\\/entre-boites\\\/audace-et-determination-paroles-de-femmes-qui-faconnent-le-monde-du-travail\\\/#primaryimage\"},\"image\":{\"@id\":\"https:\\\/\\\/www.wojo.com\\\/blog\\\/fr\\\/entre-boites\\\/audace-et-determination-paroles-de-femmes-qui-faconnent-le-monde-du-travail\\\/#primaryimage\"},\"thumbnailUrl\":\"https:\\\/\\\/www.wojo.com\\\/blog\\\/wp-content\\\/uploads\\\/2025\\\/03\\\/simon-maage-tXiMrX3Gc-g-unsplash-scaled.jpg\",\"datePublished\":\"2025-03-07T11:11:01+00:00\",\"dateModified\":\"2025-08-28T10:46:49+00:00\",\"description\":\"Cinq femmes inspirantes partagent leur vision du monde du travail, de l'\u00e9galit\u00e9, leurs moteurs de r\u00e9ussite et leurs mantra?\",\"breadcrumb\":{\"@id\":\"https:\\\/\\\/www.wojo.com\\\/blog\\\/fr\\\/entre-boites\\\/audace-et-determination-paroles-de-femmes-qui-faconnent-le-monde-du-travail\\\/#breadcrumb\"},\"inLanguage\":\"fr-FR\",\"potentialAction\":[{\"@type\":\"ReadAction\",\"target\":[\"https:\\\/\\\/www.wojo.com\\\/blog\\\/fr\\\/entre-boites\\\/audace-et-determination-paroles-de-femmes-qui-faconnent-le-monde-du-travail\\\/\"]}]},{\"@type\":\"ImageObject\",\"inLanguage\":\"fr-FR\",\"@id\":\"https:\\\/\\\/www.wojo.com\\\/blog\\\/fr\\\/entre-boites\\\/audace-et-determination-paroles-de-femmes-qui-faconnent-le-monde-du-travail\\\/#primaryimage\",\"url\":\"https:\\\/\\\/www.wojo.com\\\/blog\\\/wp-content\\\/uploads\\\/2025\\\/03\\\/simon-maage-tXiMrX3Gc-g-unsplash-scaled.jpg\",\"contentUrl\":\"https:\\\/\\\/www.wojo.com\\\/blog\\\/wp-content\\\/uploads\\\/2025\\\/03\\\/simon-maage-tXiMrX3Gc-g-unsplash-scaled.jpg\",\"width\":2000,\"height\":1336},{\"@type\":\"BreadcrumbList\",\"@id\":\"https:\\\/\\\/www.wojo.com\\\/blog\\\/fr\\\/entre-boites\\\/audace-et-determination-paroles-de-femmes-qui-faconnent-le-monde-du-travail\\\/#breadcrumb\",\"itemListElement\":[{\"@type\":\"ListItem\",\"position\":1,\"name\":\"Accueil\",\"item\":\"https:\\\/\\\/www.wojo.com\\\/blog\\\/fr\\\/\"},{\"@type\":\"ListItem\",\"position\":2,\"name\":\"Entre bo\u00eetes\",\"item\":\"https:\\\/\\\/www.wojo.com\\\/blog\\\/fr\\\/category\\\/entre-boites\\\/\"},{\"@type\":\"ListItem\",\"position\":3,\"name\":\"Audace et d\u00e9termination : paroles de femmes qui fa\u00e7onnent le monde du travail\"}]},{\"@type\":\"WebSite\",\"@id\":\"https:\\\/\\\/www.wojo.com\\\/blog\\\/#website\",\"url\":\"https:\\\/\\\/www.wojo.com\\\/blog\\\/\",\"name\":\"Blog Wojo\",\"description\":\"Work. Share. Live.\",\"publisher\":{\"@id\":\"https:\\\/\\\/www.wojo.com\\\/blog\\\/#organization\"},\"potentialAction\":[{\"@type\":\"SearchAction\",\"target\":{\"@type\":\"EntryPoint\",\"urlTemplate\":\"https:\\\/\\\/www.wojo.com\\\/blog\\\/?s={search_term_string}\"},\"query-input\":{\"@type\":\"PropertyValueSpecification\",\"valueRequired\":true,\"valueName\":\"search_term_string\"}}],\"inLanguage\":\"fr-FR\"},{\"@type\":\"Organization\",\"@id\":\"https:\\\/\\\/www.wojo.com\\\/blog\\\/#organization\",\"name\":\"Wojo\",\"url\":\"https:\\\/\\\/www.wojo.com\\\/blog\\\/\",\"logo\":{\"@type\":\"ImageObject\",\"inLanguage\":\"fr-FR\",\"@id\":\"https:\\\/\\\/www.wojo.com\\\/blog\\\/#\\\/schema\\\/logo\\\/image\\\/\",\"url\":\"\",\"contentUrl\":\"\",\"caption\":\"Wojo\"},\"image\":{\"@id\":\"https:\\\/\\\/www.wojo.com\\\/blog\\\/#\\\/schema\\\/logo\\\/image\\\/\"},\"sameAs\":[\"https:\\\/\\\/www.facebook.com\\\/Wojo.coworking\\\/\",\"https:\\\/\\\/x.com\\\/Wojo_co\",\"https:\\\/\\\/instagram.com\\\/wojo_co\\\/\",\"https:\\\/\\\/www.linkedin.com\\\/company\\\/wojo-co\\\/\",\"https:\\\/\\\/www.youtube.com\\\/channel\\\/UCorVBPUgSsTQ3zUR9CYSp8Q\"]},{\"@type\":\"Person\",\"@id\":\"https:\\\/\\\/www.wojo.com\\\/blog\\\/#\\\/schema\\\/person\\\/52175cfaea09e0d3479bdd89e2993639\",\"name\":\"Wojo\"}]}<\/script>\n<!-- \/ Yoast SEO plugin. -->","yoast_head_json":{"title":"Femmes inspirantes : portraits de celles qui fa\u00e7onnent l'avenir du travail","description":"Cinq femmes inspirantes partagent leur vision du monde du travail, de l'\u00e9galit\u00e9, leurs moteurs de r\u00e9ussite et leurs mantra?","robots":{"index":"index","follow":"follow","max-snippet":"max-snippet:-1","max-image-preview":"max-image-preview:large","max-video-preview":"max-video-preview:-1"},"canonical":"https:\/\/www.wojo.com\/blog\/fr\/entre-boites\/audace-et-determination-paroles-de-femmes-qui-faconnent-le-monde-du-travail\/","og_locale":"fr_FR","og_type":"article","og_title":"Femmes inspirantes : portraits de celles qui fa\u00e7onnent l'avenir du travail","og_description":"Cinq femmes inspirantes partagent leur vision du monde du travail, de l'\u00e9galit\u00e9, leurs moteurs de r\u00e9ussite et leurs mantra?","og_url":"https:\/\/www.wojo.com\/blog\/fr\/entre-boites\/audace-et-determination-paroles-de-femmes-qui-faconnent-le-monde-du-travail\/","og_site_name":"Blog Wojo","article_publisher":"https:\/\/www.facebook.com\/Wojo.coworking\/","article_published_time":"2025-03-07T11:11:01+00:00","article_modified_time":"2025-08-28T10:46:49+00:00","og_image":[{"width":2000,"height":1336,"url":"https:\/\/www.wojo.com\/blog\/wp-content\/uploads\/2025\/03\/simon-maage-tXiMrX3Gc-g-unsplash-scaled.jpg","type":"image\/jpeg"}],"author":"Wojo","twitter_card":"summary_large_image","twitter_creator":"@Wojo_co","twitter_site":"@Wojo_co","twitter_misc":{"\u00c9crit par":"Wojo","Dur\u00e9e de lecture estim\u00e9e":"7 minutes"},"schema":{"@context":"https:\/\/schema.org","@graph":[{"@type":"Article","@id":"https:\/\/www.wojo.com\/blog\/fr\/entre-boites\/audace-et-determination-paroles-de-femmes-qui-faconnent-le-monde-du-travail\/#article","isPartOf":{"@id":"https:\/\/www.wojo.com\/blog\/fr\/entre-boites\/audace-et-determination-paroles-de-femmes-qui-faconnent-le-monde-du-travail\/"},"author":{"name":"Wojo","@id":"https:\/\/www.wojo.com\/blog\/#\/schema\/person\/52175cfaea09e0d3479bdd89e2993639"},"headline":"Audace et d\u00e9termination : paroles de femmes qui fa\u00e7onnent le monde du travail","datePublished":"2025-03-07T11:11:01+00:00","dateModified":"2025-08-28T10:46:49+00:00","mainEntityOfPage":{"@id":"https:\/\/www.wojo.com\/blog\/fr\/entre-boites\/audace-et-determination-paroles-de-femmes-qui-faconnent-le-monde-du-travail\/"},"wordCount":1323,"publisher":{"@id":"https:\/\/www.wojo.com\/blog\/#organization"},"image":{"@id":"https:\/\/www.wojo.com\/blog\/fr\/entre-boites\/audace-et-determination-paroles-de-femmes-qui-faconnent-le-monde-du-travail\/#primaryimage"},"thumbnailUrl":"https:\/\/www.wojo.com\/blog\/wp-content\/uploads\/2025\/03\/simon-maage-tXiMrX3Gc-g-unsplash-scaled.jpg","keywords":["Coworking - FR","Innovation - FR","Nouveaux modes de travail"],"articleSection":["Entre bo\u00eetes"],"inLanguage":"fr-FR"},{"@type":"WebPage","@id":"https:\/\/www.wojo.com\/blog\/fr\/entre-boites\/audace-et-determination-paroles-de-femmes-qui-faconnent-le-monde-du-travail\/","url":"https:\/\/www.wojo.com\/blog\/fr\/entre-boites\/audace-et-determination-paroles-de-femmes-qui-faconnent-le-monde-du-travail\/","name":"Femmes inspirantes : portraits de celles qui fa\u00e7onnent l'avenir du travail","isPartOf":{"@id":"https:\/\/www.wojo.com\/blog\/#website"},"primaryImageOfPage":{"@id":"https:\/\/www.wojo.com\/blog\/fr\/entre-boites\/audace-et-determination-paroles-de-femmes-qui-faconnent-le-monde-du-travail\/#primaryimage"},"image":{"@id":"https:\/\/www.wojo.com\/blog\/fr\/entre-boites\/audace-et-determination-paroles-de-femmes-qui-faconnent-le-monde-du-travail\/#primaryimage"},"thumbnailUrl":"https:\/\/www.wojo.com\/blog\/wp-content\/uploads\/2025\/03\/simon-maage-tXiMrX3Gc-g-unsplash-scaled.jpg","datePublished":"2025-03-07T11:11:01+00:00","dateModified":"2025-08-28T10:46:49+00:00","description":"Cinq femmes inspirantes partagent leur vision du monde du travail, de l'\u00e9galit\u00e9, leurs moteurs de r\u00e9ussite et leurs mantra?","breadcrumb":{"@id":"https:\/\/www.wojo.com\/blog\/fr\/entre-boites\/audace-et-determination-paroles-de-femmes-qui-faconnent-le-monde-du-travail\/#breadcrumb"},"inLanguage":"fr-FR","potentialAction":[{"@type":"ReadAction","target":["https:\/\/www.wojo.com\/blog\/fr\/entre-boites\/audace-et-determination-paroles-de-femmes-qui-faconnent-le-monde-du-travail\/"]}]},{"@type":"ImageObject","inLanguage":"fr-FR","@id":"https:\/\/www.wojo.com\/blog\/fr\/entre-boites\/audace-et-determination-paroles-de-femmes-qui-faconnent-le-monde-du-travail\/#primaryimage","url":"https:\/\/www.wojo.com\/blog\/wp-content\/uploads\/2025\/03\/simon-maage-tXiMrX3Gc-g-unsplash-scaled.jpg","contentUrl":"https:\/\/www.wojo.com\/blog\/wp-content\/uploads\/2025\/03\/simon-maage-tXiMrX3Gc-g-unsplash-scaled.jpg","width":2000,"height":1336},{"@type":"BreadcrumbList","@id":"https:\/\/www.wojo.com\/blog\/fr\/entre-boites\/audace-et-determination-paroles-de-femmes-qui-faconnent-le-monde-du-travail\/#breadcrumb","itemListElement":[{"@type":"ListItem","position":1,"name":"Accueil","item":"https:\/\/www.wojo.com\/blog\/fr\/"},{"@type":"ListItem","position":2,"name":"Entre bo\u00eetes","item":"https:\/\/www.wojo.com\/blog\/fr\/category\/entre-boites\/"},{"@type":"ListItem","position":3,"name":"Audace et d\u00e9termination : paroles de femmes qui fa\u00e7onnent le monde du travail"}]},{"@type":"WebSite","@id":"https:\/\/www.wojo.com\/blog\/#website","url":"https:\/\/www.wojo.com\/blog\/","name":"Blog Wojo","description":"Work. Share. Live.","publisher":{"@id":"https:\/\/www.wojo.com\/blog\/#organization"},"potentialAction":[{"@type":"SearchAction","target":{"@type":"EntryPoint","urlTemplate":"https:\/\/www.wojo.com\/blog\/?s={search_term_string}"},"query-input":{"@type":"PropertyValueSpecification","valueRequired":true,"valueName":"search_term_string"}}],"inLanguage":"fr-FR"},{"@type":"Organization","@id":"https:\/\/www.wojo.com\/blog\/#organization","name":"Wojo","url":"https:\/\/www.wojo.com\/blog\/","logo":{"@type":"ImageObject","inLanguage":"fr-FR","@id":"https:\/\/www.wojo.com\/blog\/#\/schema\/logo\/image\/","url":"","contentUrl":"","caption":"Wojo"},"image":{"@id":"https:\/\/www.wojo.com\/blog\/#\/schema\/logo\/image\/"},"sameAs":["https:\/\/www.facebook.com\/Wojo.coworking\/","https:\/\/x.com\/Wojo_co","https:\/\/instagram.com\/wojo_co\/","https:\/\/www.linkedin.com\/company\/wojo-co\/","https:\/\/www.youtube.com\/channel\/UCorVBPUgSsTQ3zUR9CYSp8Q"]},{"@type":"Person","@id":"https:\/\/www.wojo.com\/blog\/#\/schema\/person\/52175cfaea09e0d3479bdd89e2993639","name":"Wojo"}]}},"_links":{"self":[{"href":"https:\/\/www.wojo.com\/blog\/wp-json\/wp\/v2\/posts\/235693","targetHints":{"allow":["GET"]}}],"collection":[{"href":"https:\/\/www.wojo.com\/blog\/wp-json\/wp\/v2\/posts"}],"about":[{"href":"https:\/\/www.wojo.com\/blog\/wp-json\/wp\/v2\/types\/post"}],"author":[{"embeddable":true,"href":"https:\/\/www.wojo.com\/blog\/wp-json\/wp\/v2\/users\/1"}],"replies":[{"embeddable":true,"href":"https:\/\/www.wojo.com\/blog\/wp-json\/wp\/v2\/comments?post=235693"}],"version-history":[{"count":0,"href":"https:\/\/www.wojo.com\/blog\/wp-json\/wp\/v2\/posts\/235693\/revisions"}],"wp:featuredmedia":[{"embeddable":true,"href":"https:\/\/www.wojo.com\/blog\/wp-json\/wp\/v2\/media\/235702"}],"wp:attachment":[{"href":"https:\/\/www.wojo.com\/blog\/wp-json\/wp\/v2\/media?parent=235693"}],"wp:term":[{"taxonomy":"category","embeddable":true,"href":"https:\/\/www.wojo.com\/blog\/wp-json\/wp\/v2\/categories?post=235693"},{"taxonomy":"post_tag","embeddable":true,"href":"https:\/\/www.wojo.com\/blog\/wp-json\/wp\/v2\/tags?post=235693"}],"curies":[{"name":"wp","href":"https:\/\/api.w.org\/{rel}","templated":true}]}}