{"id":31665,"date":"2021-07-01T14:03:45","date_gmt":"2021-07-01T12:03:45","guid":{"rendered":"https:\/\/www.wojo.com\/blog\/?p=31665"},"modified":"2025-08-29T14:58:26","modified_gmt":"2025-08-29T12:58:26","slug":"mobiliario-de-oficina-manana-disenadores-vista","status":"publish","type":"post","link":"https:\/\/www.wojo.com\/blog\/es\/la-caja-del-futuro\/mobiliario-de-oficina-manana-disenadores-vista\/","title":{"rendered":"C\u00f3mo responde el mobiliario de oficina a los nuevos retos de la empresa"},"content":{"rendered":"<p><!-- wp:paragraph --><\/p>\n<p><strong>Entre la oficina flexible, el nomadismo, el <\/strong><strong>QWL<\/strong><strong>, el teletrabajo y, m\u00e1s recientemente, el distanciamiento social, el mobiliario de oficina y la disposici\u00f3n de los espacios deben acompa\u00f1ar a las nuevas organizaciones del trabajo garantizando al mismo tiempo la comodidad y el bienestar de los usuarios. Yann Thevenet, director asociado de Cider, especialista en mobiliario de oficina, y Mathieu Girard, cofundador del estudio de arquitectura y dise\u00f1o de interiores Cocorico, nos dan su visi\u00f3n del mobiliario de oficina de hoy y, sobre todo, de ma\u00f1ana.<\/strong><\/p>\n<p><!-- \/wp:paragraph --><\/p>\n<p><!-- wp:paragraph --><\/p>\n<p>Cider ha acompa\u00f1ado a Wojo desde sus inicios, proporcionando el mobiliario para los espacios de trabajo compartidos, una colaboraci\u00f3n que se ha reforzado desde 2019 con la creaci\u00f3n de una colecci\u00f3n exclusiva de muebles Wojo, imaginada por el taller Cocorico y fabricada por Cider. Esta gama est\u00e1 ahora presente en todos los nuevos espacios Wojo. Es uno de los pilares de su identidad y refleja una visi\u00f3n com\u00fan de los espacios de trabajo y su utilizaci\u00f3n.<\/p>\n<p><!-- \/wp:paragraph --><\/p>\n<p><!-- wp:paragraph --><\/p>\n<p><strong>Espacios de trabajo que tambi\u00e9n son lugares para vivir<\/strong><\/p>\n<p><!-- \/wp:paragraph --><\/p>\n<p><!-- wp:paragraph --><\/p>\n<p>\"Antes pens\u00e1bamos que la vida empezaba al salir del trabajo, pero con el desarrollo de los pabellones deportivos, las salas de siesta y los espacios sociales en las empresas, todo esto est\u00e1 cambiando. Creo que debemos vivir nuestra vida independientemente del lugar: por eso intentamos dise\u00f1ar espacios de trabajo que no est\u00e9n sometidos\", explica Mathieu Girard, que ve en el desarrollo del teletrabajo una oportunidad para dise\u00f1ar oficinas a\u00fan m\u00e1s agradables para vivir.<\/p>\n<p><em>Lea tambi\u00e9n: <a href=\"https:\/\/www.wojo.com\/blog\/?p=31617\" target=\"_blank\" rel=\"noreferrer noopener\">Espacio de trabajo: utilice la decoraci\u00f3n para involucrar a sus empleados<\/a><\/em><\/p>\n<p><!-- \/wp:paragraph --><\/p>\n<p><!-- wp:paragraph --><\/p>\n<p>\"Veo los aspectos positivos del teletrabajo, que alivia la congesti\u00f3n del tr\u00e1fico y alivia la carga organizativa, pero tambi\u00e9n reduce el sentido de la responsabilidad social. Veo los aspectos positivos del teletrabajo, que alivia la carga del transporte y de la organizaci\u00f3n, pero tambi\u00e9n hace que la gente se sienta menos responsable socialmente. Los espacios de trabajo bien dise\u00f1ados deben seguir siendo una prioridad, porque despu\u00e9s de dos o tres d\u00edas de trabajo a distancia, la gente quiere volver a la oficina para aprovechar los nuevos usos que ofrece y para mantener o crear su red. \"<strong>Este concepto da prioridad al bienestar de los empleados y tiene en cuenta los profundos cambios en la relaci\u00f3n entre las generaciones m\u00e1s j\u00f3venes y su lugar de trabajo.<\/strong><\/p>\n<p><!-- \/wp:paragraph --><\/p>\n<p><!-- wp:image {\"align\":\"center\",\"id\":16316,\"sizeSlug\":\"large\",\"linkDestination\":\"none\"} --><\/p>\n<figure class=\"wp-block-image aligncenter size-large\"><img src=\"https:\/\/www.wojo.com\/blog\/wp-content\/uploads\/2020\/10\/Bonkers_Bureau_WOJO-Lille-S\u00e9parateur-1024x576.jpg\" alt=\"mobilier de bureau \" class=\"wp-image-16316\"\/><\/figure>\n<p><!-- \/wp:image --><\/p>\n<p><!-- wp:heading --><\/p>\n<h2><strong>El usuario est\u00e1 en el centro de la reflexi\u00f3n sobre el mobiliario de trabajo<\/strong><\/h2>\n<p><!-- \/wp:heading --><\/p>\n<p><!-- wp:paragraph --><\/p>\n<p>\"Los j\u00f3venes que llegan a la empresa hoy en d\u00eda no tienen los mismos c\u00f3digos y expectativas en cuanto a espacio de oficina que los nuestros. Tenemos que ofrecer alternativas para atraer a estos nuevos talentos sin frustrar a los que ya est\u00e1n aqu\u00ed\", dice Yann Th\u00e9venet.<\/p>\n<p><!-- \/wp:paragraph --><\/p>\n<p><!-- wp:paragraph --><\/p>\n<p>Mathieu Girard tambi\u00e9n insiste en la \"domesticaci\u00f3n de los espacios de trabajo\", que consiste en tomar prestados materiales y colores del mundo dom\u00e9stico, y que permite al usuario sentirse bien en este entorno. \"Para nosotros, trabajar en un espacio que satisfaga tus necesidades en un ambiente c\u00e1lido es un motor de rendimiento. <strong>Queremos ofrecer en la oficina la misma comodidad que se encuentra en casa, respondiendo a sus necesidades con funcionalidades bien pensadas<\/strong>\", insiste el cofundador de Cocorico, para quien lo m\u00e1s importante es crear lugares donde la necesidad econ\u00f3mica no nos haga olvidar que cuanto m\u00e1s nos sintamos bien en un lugar, m\u00e1s desplegaremos lo mejor de nosotros mismos en \u00e9l.<\/p>\n<p><!-- \/wp:paragraph --><\/p>\n<p><!-- wp:image {\"id\":16317,\"sizeSlug\":\"large\",\"linkDestination\":\"none\"} --><\/p>\n<figure class=\"wp-block-image size-large\"><img src=\"https:\/\/www.wojo.com\/blog\/wp-content\/uploads\/2020\/10\/Photo-Bureau-Cocorico-Cider-Madeleine-1024x683.jpg\" alt=\"mobilier de bureau \" class=\"wp-image-16317\"\/><\/figure>\n<p><!-- \/wp:image --><\/p>\n<p><!-- wp:heading --><\/p>\n<h2><strong>Una colecci\u00f3n de muebles de oficina Wojo adaptada a nuevos usos<\/strong><\/h2>\n<p><!-- \/wp:heading --><\/p>\n<p><!-- wp:paragraph --><\/p>\n<p>El pliego de condiciones entregado a los participantes en el concurso de dise\u00f1o organizado por Cider for Wojo refleja las limitaciones que debe cumplir el mobiliario de oficina hoy en d\u00eda.<\/p>\n<p><!-- \/wp:paragraph --><\/p>\n<p><!-- wp:paragraph --><\/p>\n<p>Tuvimos que considerar la posibilidad de mover los muebles dentro de los espacios\", explica Yann Th\u00e9venet. <strong>Las empresas necesitan flexibilidad y, por tanto, modular el mobiliario.<\/strong> \"Tambi\u00e9n insiste en la comodidad del usuario, por ejemplo, en la importancia de tener una toma de corriente en la mesa y no en un rinc\u00f3n de dif\u00edcil acceso o bajo la mesa. \"La propuesta tambi\u00e9n deb\u00eda integrar la posibilidad de separar a las personas de forma frontal o lateral, un punto especialmente importante con los nuevos problemas de distanciamiento social. \u00bb<\/p>\n<p><!-- \/wp:paragraph --><\/p>\n<p><!-- wp:image {\"id\":16319,\"sizeSlug\":\"large\",\"linkDestination\":\"none\"} --><\/p>\n<figure class=\"wp-block-image size-large\"><img src=\"https:\/\/www.wojo.com\/blog\/wp-content\/uploads\/2020\/10\/PANNEAU-ECRAN-WOJO-1024x724.jpg\" alt=\"mobilier de bureau \" class=\"wp-image-16319\"\/><figcaption>Paneles de pantalla extra\u00edbles, dise\u00f1ados por Cocorico para Wojo<\/figcaption><\/figure>\n<p><!-- \/wp:image --><\/p>\n<p><!-- wp:paragraph --><\/p>\n<p>La propuesta de Cocorico se diferenci\u00f3 del resto con un conjunto basado en una mesa y un armario, con opciones personalizables: pantallas de separaci\u00f3n, soportes para logotipos, l\u00e1mparas, pufs, sof\u00e1s, etc. Nuestra mesa, con sus caracter\u00edsticas patas, es el punto de partida de la colecci\u00f3n Wojo, que hemos querido que refleje su imagen: flexible, c\u00e1lida y elegante\", a\u00f1ade Mathieu Girard. En el mundo de la oficina, sin duda necesitamos un plano horizontal, pero tambi\u00e9n un lugar para guardar nuestras cosas, especialmente en el coworking. Y seg\u00fan el individuo, estas necesidades ser\u00e1n diferentes: debemos ser capaces de adaptarnos a ellas. \u00bb<\/p>\n<p><!-- \/wp:paragraph --><\/p>\n<p><!-- wp:image {\"id\":16315,\"sizeSlug\":\"large\",\"linkDestination\":\"none\"} --><\/p>\n<figure class=\"wp-block-image size-large\"><img src=\"https:\/\/www.wojo.com\/blog\/wp-content\/uploads\/2020\/10\/Bureau-Wojo-design\u00e9-par-Cocorico-1024x724.jpg\" alt=\"mobilier de bureau \" class=\"wp-image-16315\"\/><figcaption>La mesa t\u00f3tem dise\u00f1ada por Cocorico para Wojo<\/figcaption><\/figure>\n<p><!-- \/wp:image --><\/p>\n<p><!-- wp:heading --><\/p>\n<h2><strong>Y que  parte de un deseo de minimizar los impactos<\/strong><\/h2>\n<p><!-- \/wp:heading --><\/p>\n<p><!-- wp:paragraph --><\/p>\n<p>La colecci\u00f3n dise\u00f1ada por Cocorico es fabricada por Cider en Italia, que cuenta con un tejido industrial que domina los materiales y el saber hacer. \"Todo se monta in situ para limitar la huella de carbono: \u00a1las mesas desmontadas ocupan mucho menos espacio en el transporte! explica Yann Thevenet. Las dimensiones est\u00e1n optimizadas para tener la menor cantidad de recortes posible, y todos nuestros productos est\u00e1n certificados de origen sostenible, en un enfoque ecol\u00f3gico. \u00bb<\/p>\n<p><!-- \/wp:paragraph --><\/p>\n<p><!-- wp:heading --><\/p>\n<h2><strong>\u00bfQu\u00e9 visi\u00f3n del futuro del mobiliario de oficina?<\/strong><\/h2>\n<p><!-- \/wp:heading --><\/p>\n<p><!-- wp:paragraph --><\/p>\n<p>En cuanto al mobiliario, Cider est\u00e1 ultimando el desarrollo de un mueble de escritorio adaptado a la videoconferencia, que permite desplazar una pantalla con c\u00e1mara integrada para facilitar la organizaci\u00f3n de reuniones por v\u00eddeo en el espacio de trabajo, sin tener que monopolizar una sala de reuniones. En cuanto al dise\u00f1o, el taller Cocorico insiste en la importancia de volver a centrarse en el ser humano y en las interacciones, al tiempo que propone experiencias para ser vividas en los espacios de trabajo, e invita a pensar en cambios a largo plazo y no como reacci\u00f3n a circunstancias excepcionales.<\/p>\n<p><!-- \/wp:paragraph --><\/p>\n<p><!-- wp:image {\"id\":16318,\"sizeSlug\":\"large\",\"linkDestination\":\"none\"} --><\/p>\n<figure class=\"wp-block-image size-large\"><img src=\"https:\/\/www.wojo.com\/blog\/wp-content\/uploads\/2020\/10\/LUMINAIRE-SUR-POSTE-DE-TRAVAIL-WOJO-1024x724.jpg\" alt=\"mobilier de bureau\" class=\"wp-image-16318\"\/><figcaption>L\u00e1mpara de escritorio Cocorico para Wojo<\/figcaption><\/figure>\n<p><!-- \/wp:image --><\/p>\n<p><!-- wp:paragraph --><\/p>\n<p><strong>Practicidad, flexibilidad, experiencia sorprendente... \u00a1son los fundamentos de la experiencia laboral Wojo que te invitamos a descubrir en nuestros espacios!<\/strong><\/p>\n<p><!-- \/wp:paragraph --><\/p>\n<p><!-- wp:buttons {\"layout\":{\"type\":\"flex\",\"justifyContent\":\"center\",\"orientation\":\"horizontal\"}} --><\/p>\n<div class=\"wp-block-buttons\"><!-- wp:button {\"backgroundColor\":\"vivid-cyan-blue\"} --><\/p>\n<div class=\"wp-block-button\"><a class=\"wp-block-button__link has-vivid-cyan-blue-background-color has-background\" href=\"https:\/\/www.wojo.com\/es\/?___store=es&amp;___from_store=default\" target=\"_blank\" rel=\"noreferrer noopener\">Descubra los espacios Wojo<\/a><\/div>\n<p><!-- \/wp:button --><\/div>\n<p><!-- \/wp:buttons --><\/p>\n<p><!-- wp:heading --><\/p>\n<h2><strong>Gracias a<br \/><\/strong><\/h2>\n<p><!-- \/wp:heading --><\/p>\n<p><!-- wp:paragraph --><\/p>\n<p><strong>Yann Th\u00e9venet, <\/strong>Director Asociado y Director Comercial de <a href=\"https:\/\/cider.fr\/\">Cider, <\/a>cuyos equipos se apasionan por comprender las necesidades de los clientes y traducirlas en soluciones eficaces. Desde 1976, el grupo asiste a empresas, start-ups, PYMES y grandes grupos en sus proyectos de dise\u00f1o de espacios de trabajo y renovaci\u00f3n de mobiliario. Cider es a la vez editor y distribuidor, lo que significa que se implica desde el dise\u00f1o de los muebles hasta su fabricaci\u00f3n, e incluso el montaje in situ, de la forma m\u00e1s responsable posible, para crear espacios en los que sea tan bueno vivir como trabajar.<br \/><a href=\"https:\/\/www.instagram.com\/ciderfrance\/?hl=fr\" target=\"_blank\" rel=\"noreferrer noopener\">@Instagram <\/a><a href=\"https:\/\/www.linkedin.com\/company\/cider\/?originalSubdomain=fr\" target=\"_blank\" rel=\"noreferrer noopener\">@LinkedIn <\/a>@Facebook<\/p>\n<p><!-- \/wp:paragraph --><\/p>\n<p><!-- wp:paragraph --><\/p>\n<p><strong>Mathieu Girard, <\/strong>cofundador de Cocorico Paris. Agencia multidisciplinar, Cocorico ofrece conceptos ingeniosos e innovadores en los \u00e1mbitos de la arquitectura de interiores, el dise\u00f1o y la comunicaci\u00f3n para enriquecer la vida cotidiana y sorprender, situando al ser humano y las necesidades de los usuarios en el centro de la reflexi\u00f3n.<\/p>\n<p><!-- \/wp:paragraph --><\/p>\n","protected":false},"excerpt":{"rendered":"<p>Entre la oficina flexible, el nomadismo, el QWL, el teletrabajo y, m\u00e1s recientemente, el distanciamiento social, el mobiliario de oficina y la disposici\u00f3n de los espacios deben acompa\u00f1ar a las nuevas organizaciones del trabajo garantizando al mismo tiempo la comodidad y el bienestar de los usuarios. Yann Thevenet, director asociado de Cider, especialista en mobiliario [&hellip;]<\/p>\n","protected":false},"author":1,"featured_media":16324,"comment_status":"closed","ping_status":"open","sticky":false,"template":"","format":"standard","meta":{"podcast_url_v2":"","footnotes":""},"categories":[467],"tags":[605,894,636,844,818],"class_list":["post-31665","post","type-post","status-publish","format-standard","has-post-thumbnail","hentry","category-la-caja-del-futuro","tag-cv","tag-despacho","tag-diseno-es","tag-experiencia-del-cliente","tag-marca-empleador"],"yoast_head":"<!-- This site is optimized with the Yoast SEO plugin v27.4 - https:\/\/yoast.com\/product\/yoast-seo-wordpress\/ -->\n<title>El mobiliario de oficina ante los nuevos retos de la empresa<\/title>\n<meta name=\"description\" content=\"Oficina flexible, teletrabajo... mobiliario de oficina y accesorios para apoyar y fomentar nuevos usos. Cruce de ITW de expertos.\" \/>\n<meta name=\"robots\" content=\"index, follow, max-snippet:-1, max-image-preview:large, max-video-preview:-1\" \/>\n<link rel=\"canonical\" href=\"https:\/\/www.wojo.com\/blog\/es\/la-caja-del-futuro\/mobiliario-de-oficina-manana-disenadores-vista\/\" \/>\n<meta property=\"og:locale\" content=\"fr_FR\" \/>\n<meta property=\"og:type\" content=\"article\" \/>\n<meta property=\"og:title\" content=\"El mobiliario de oficina ante los nuevos retos de la empresa\" \/>\n<meta property=\"og:description\" content=\"Oficina flexible, teletrabajo... mobiliario de oficina y accesorios para apoyar y fomentar nuevos usos. Cruce de ITW de expertos.\" \/>\n<meta property=\"og:url\" content=\"https:\/\/www.wojo.com\/blog\/es\/la-caja-del-futuro\/mobiliario-de-oficina-manana-disenadores-vista\/\" \/>\n<meta property=\"og:site_name\" content=\"Blog Wojo\" \/>\n<meta property=\"article:publisher\" content=\"https:\/\/www.facebook.com\/Wojo.coworking\/\" \/>\n<meta property=\"article:published_time\" content=\"2021-07-01T12:03:45+00:00\" \/>\n<meta property=\"article:modified_time\" content=\"2025-08-29T12:58:26+00:00\" \/>\n<meta property=\"og:image\" content=\"https:\/\/www.wojo.com\/blog\/wp-content\/uploads\/2020\/10\/Mobilier-de-bureau-Cocorico-pour-Wojo.jpg\" \/>\n\t<meta property=\"og:image:width\" content=\"2455\" \/>\n\t<meta property=\"og:image:height\" content=\"1404\" \/>\n\t<meta property=\"og:image:type\" content=\"image\/jpeg\" \/>\n<meta name=\"author\" content=\"Wojo\" \/>\n<meta name=\"twitter:card\" content=\"summary_large_image\" \/>\n<meta name=\"twitter:creator\" content=\"@Wojo_co\" \/>\n<meta name=\"twitter:site\" content=\"@Wojo_co\" \/>\n<meta name=\"twitter:label1\" content=\"\u00c9crit par\" \/>\n\t<meta name=\"twitter:data1\" content=\"Wojo\" \/>\n\t<meta name=\"twitter:label2\" content=\"Dur\u00e9e de lecture estim\u00e9e\" \/>\n\t<meta name=\"twitter:data2\" content=\"8 minutes\" \/>\n<script type=\"application\/ld+json\" class=\"yoast-schema-graph\">{\"@context\":\"https:\\\/\\\/schema.org\",\"@graph\":[{\"@type\":\"Article\",\"@id\":\"https:\\\/\\\/www.wojo.com\\\/blog\\\/es\\\/la-caja-del-futuro\\\/mobiliario-de-oficina-manana-disenadores-vista\\\/#article\",\"isPartOf\":{\"@id\":\"https:\\\/\\\/www.wojo.com\\\/blog\\\/es\\\/la-caja-del-futuro\\\/mobiliario-de-oficina-manana-disenadores-vista\\\/\"},\"author\":{\"name\":\"Wojo\",\"@id\":\"https:\\\/\\\/www.wojo.com\\\/blog\\\/#\\\/schema\\\/person\\\/52175cfaea09e0d3479bdd89e2993639\"},\"headline\":\"C\u00f3mo responde el mobiliario de oficina a los nuevos retos de la empresa\",\"datePublished\":\"2021-07-01T12:03:45+00:00\",\"dateModified\":\"2025-08-29T12:58:26+00:00\",\"mainEntityOfPage\":{\"@id\":\"https:\\\/\\\/www.wojo.com\\\/blog\\\/es\\\/la-caja-del-futuro\\\/mobiliario-de-oficina-manana-disenadores-vista\\\/\"},\"wordCount\":1275,\"publisher\":{\"@id\":\"https:\\\/\\\/www.wojo.com\\\/blog\\\/#organization\"},\"image\":{\"@id\":\"https:\\\/\\\/www.wojo.com\\\/blog\\\/es\\\/la-caja-del-futuro\\\/mobiliario-de-oficina-manana-disenadores-vista\\\/#primaryimage\"},\"thumbnailUrl\":\"https:\\\/\\\/www.wojo.com\\\/blog\\\/wp-content\\\/uploads\\\/2020\\\/10\\\/Mobilier-de-bureau-Cocorico-pour-Wojo.jpg\",\"keywords\":[\"CV\",\"Despacho\",\"Dise\u00f1o\",\"Experiencia del cliente\",\"Marca empleador\"],\"articleSection\":[\"La caja del futuro\"],\"inLanguage\":\"fr-FR\"},{\"@type\":\"WebPage\",\"@id\":\"https:\\\/\\\/www.wojo.com\\\/blog\\\/es\\\/la-caja-del-futuro\\\/mobiliario-de-oficina-manana-disenadores-vista\\\/\",\"url\":\"https:\\\/\\\/www.wojo.com\\\/blog\\\/es\\\/la-caja-del-futuro\\\/mobiliario-de-oficina-manana-disenadores-vista\\\/\",\"name\":\"El mobiliario de oficina ante los nuevos retos de la empresa\",\"isPartOf\":{\"@id\":\"https:\\\/\\\/www.wojo.com\\\/blog\\\/#website\"},\"primaryImageOfPage\":{\"@id\":\"https:\\\/\\\/www.wojo.com\\\/blog\\\/es\\\/la-caja-del-futuro\\\/mobiliario-de-oficina-manana-disenadores-vista\\\/#primaryimage\"},\"image\":{\"@id\":\"https:\\\/\\\/www.wojo.com\\\/blog\\\/es\\\/la-caja-del-futuro\\\/mobiliario-de-oficina-manana-disenadores-vista\\\/#primaryimage\"},\"thumbnailUrl\":\"https:\\\/\\\/www.wojo.com\\\/blog\\\/wp-content\\\/uploads\\\/2020\\\/10\\\/Mobilier-de-bureau-Cocorico-pour-Wojo.jpg\",\"datePublished\":\"2021-07-01T12:03:45+00:00\",\"dateModified\":\"2025-08-29T12:58:26+00:00\",\"description\":\"Oficina flexible, teletrabajo... mobiliario de oficina y accesorios para apoyar y fomentar nuevos usos. Cruce de ITW de expertos.\",\"breadcrumb\":{\"@id\":\"https:\\\/\\\/www.wojo.com\\\/blog\\\/es\\\/la-caja-del-futuro\\\/mobiliario-de-oficina-manana-disenadores-vista\\\/#breadcrumb\"},\"inLanguage\":\"fr-FR\",\"potentialAction\":[{\"@type\":\"ReadAction\",\"target\":[\"https:\\\/\\\/www.wojo.com\\\/blog\\\/es\\\/la-caja-del-futuro\\\/mobiliario-de-oficina-manana-disenadores-vista\\\/\"]}]},{\"@type\":\"ImageObject\",\"inLanguage\":\"fr-FR\",\"@id\":\"https:\\\/\\\/www.wojo.com\\\/blog\\\/es\\\/la-caja-del-futuro\\\/mobiliario-de-oficina-manana-disenadores-vista\\\/#primaryimage\",\"url\":\"https:\\\/\\\/www.wojo.com\\\/blog\\\/wp-content\\\/uploads\\\/2020\\\/10\\\/Mobilier-de-bureau-Cocorico-pour-Wojo.jpg\",\"contentUrl\":\"https:\\\/\\\/www.wojo.com\\\/blog\\\/wp-content\\\/uploads\\\/2020\\\/10\\\/Mobilier-de-bureau-Cocorico-pour-Wojo.jpg\",\"width\":2455,\"height\":1404,\"caption\":\"Mobilier de bureau Wojo\"},{\"@type\":\"BreadcrumbList\",\"@id\":\"https:\\\/\\\/www.wojo.com\\\/blog\\\/es\\\/la-caja-del-futuro\\\/mobiliario-de-oficina-manana-disenadores-vista\\\/#breadcrumb\",\"itemListElement\":[{\"@type\":\"ListItem\",\"position\":1,\"name\":\"Accueil\",\"item\":\"https:\\\/\\\/www.wojo.com\\\/blog\\\/fr\\\/\"},{\"@type\":\"ListItem\",\"position\":2,\"name\":\"La caja del futuro\",\"item\":\"https:\\\/\\\/www.wojo.com\\\/blog\\\/es\\\/category\\\/la-caja-del-futuro\\\/\"},{\"@type\":\"ListItem\",\"position\":3,\"name\":\"C\u00f3mo responde el mobiliario de oficina a los nuevos retos de la empresa\"}]},{\"@type\":\"WebSite\",\"@id\":\"https:\\\/\\\/www.wojo.com\\\/blog\\\/#website\",\"url\":\"https:\\\/\\\/www.wojo.com\\\/blog\\\/\",\"name\":\"Blog Wojo\",\"description\":\"Work. Share. Live.\",\"publisher\":{\"@id\":\"https:\\\/\\\/www.wojo.com\\\/blog\\\/#organization\"},\"potentialAction\":[{\"@type\":\"SearchAction\",\"target\":{\"@type\":\"EntryPoint\",\"urlTemplate\":\"https:\\\/\\\/www.wojo.com\\\/blog\\\/?s={search_term_string}\"},\"query-input\":{\"@type\":\"PropertyValueSpecification\",\"valueRequired\":true,\"valueName\":\"search_term_string\"}}],\"inLanguage\":\"fr-FR\"},{\"@type\":\"Organization\",\"@id\":\"https:\\\/\\\/www.wojo.com\\\/blog\\\/#organization\",\"name\":\"Wojo\",\"url\":\"https:\\\/\\\/www.wojo.com\\\/blog\\\/\",\"logo\":{\"@type\":\"ImageObject\",\"inLanguage\":\"fr-FR\",\"@id\":\"https:\\\/\\\/www.wojo.com\\\/blog\\\/#\\\/schema\\\/logo\\\/image\\\/\",\"url\":\"\",\"contentUrl\":\"\",\"caption\":\"Wojo\"},\"image\":{\"@id\":\"https:\\\/\\\/www.wojo.com\\\/blog\\\/#\\\/schema\\\/logo\\\/image\\\/\"},\"sameAs\":[\"https:\\\/\\\/www.facebook.com\\\/Wojo.coworking\\\/\",\"https:\\\/\\\/x.com\\\/Wojo_co\",\"https:\\\/\\\/instagram.com\\\/wojo_co\\\/\",\"https:\\\/\\\/www.linkedin.com\\\/company\\\/wojo-co\\\/\",\"https:\\\/\\\/www.youtube.com\\\/channel\\\/UCorVBPUgSsTQ3zUR9CYSp8Q\"]},{\"@type\":\"Person\",\"@id\":\"https:\\\/\\\/www.wojo.com\\\/blog\\\/#\\\/schema\\\/person\\\/52175cfaea09e0d3479bdd89e2993639\",\"name\":\"Wojo\"}]}<\/script>\n<!-- \/ Yoast SEO plugin. -->","yoast_head_json":{"title":"El mobiliario de oficina ante los nuevos retos de la empresa","description":"Oficina flexible, teletrabajo... mobiliario de oficina y accesorios para apoyar y fomentar nuevos usos. Cruce de ITW de expertos.","robots":{"index":"index","follow":"follow","max-snippet":"max-snippet:-1","max-image-preview":"max-image-preview:large","max-video-preview":"max-video-preview:-1"},"canonical":"https:\/\/www.wojo.com\/blog\/es\/la-caja-del-futuro\/mobiliario-de-oficina-manana-disenadores-vista\/","og_locale":"fr_FR","og_type":"article","og_title":"El mobiliario de oficina ante los nuevos retos de la empresa","og_description":"Oficina flexible, teletrabajo... mobiliario de oficina y accesorios para apoyar y fomentar nuevos usos. Cruce de ITW de expertos.","og_url":"https:\/\/www.wojo.com\/blog\/es\/la-caja-del-futuro\/mobiliario-de-oficina-manana-disenadores-vista\/","og_site_name":"Blog Wojo","article_publisher":"https:\/\/www.facebook.com\/Wojo.coworking\/","article_published_time":"2021-07-01T12:03:45+00:00","article_modified_time":"2025-08-29T12:58:26+00:00","og_image":[{"width":2455,"height":1404,"url":"https:\/\/www.wojo.com\/blog\/wp-content\/uploads\/2020\/10\/Mobilier-de-bureau-Cocorico-pour-Wojo.jpg","type":"image\/jpeg"}],"author":"Wojo","twitter_card":"summary_large_image","twitter_creator":"@Wojo_co","twitter_site":"@Wojo_co","twitter_misc":{"\u00c9crit par":"Wojo","Dur\u00e9e de lecture estim\u00e9e":"8 minutes"},"schema":{"@context":"https:\/\/schema.org","@graph":[{"@type":"Article","@id":"https:\/\/www.wojo.com\/blog\/es\/la-caja-del-futuro\/mobiliario-de-oficina-manana-disenadores-vista\/#article","isPartOf":{"@id":"https:\/\/www.wojo.com\/blog\/es\/la-caja-del-futuro\/mobiliario-de-oficina-manana-disenadores-vista\/"},"author":{"name":"Wojo","@id":"https:\/\/www.wojo.com\/blog\/#\/schema\/person\/52175cfaea09e0d3479bdd89e2993639"},"headline":"C\u00f3mo responde el mobiliario de oficina a los nuevos retos de la empresa","datePublished":"2021-07-01T12:03:45+00:00","dateModified":"2025-08-29T12:58:26+00:00","mainEntityOfPage":{"@id":"https:\/\/www.wojo.com\/blog\/es\/la-caja-del-futuro\/mobiliario-de-oficina-manana-disenadores-vista\/"},"wordCount":1275,"publisher":{"@id":"https:\/\/www.wojo.com\/blog\/#organization"},"image":{"@id":"https:\/\/www.wojo.com\/blog\/es\/la-caja-del-futuro\/mobiliario-de-oficina-manana-disenadores-vista\/#primaryimage"},"thumbnailUrl":"https:\/\/www.wojo.com\/blog\/wp-content\/uploads\/2020\/10\/Mobilier-de-bureau-Cocorico-pour-Wojo.jpg","keywords":["CV","Despacho","Dise\u00f1o","Experiencia del cliente","Marca empleador"],"articleSection":["La caja del futuro"],"inLanguage":"fr-FR"},{"@type":"WebPage","@id":"https:\/\/www.wojo.com\/blog\/es\/la-caja-del-futuro\/mobiliario-de-oficina-manana-disenadores-vista\/","url":"https:\/\/www.wojo.com\/blog\/es\/la-caja-del-futuro\/mobiliario-de-oficina-manana-disenadores-vista\/","name":"El mobiliario de oficina ante los nuevos retos de la empresa","isPartOf":{"@id":"https:\/\/www.wojo.com\/blog\/#website"},"primaryImageOfPage":{"@id":"https:\/\/www.wojo.com\/blog\/es\/la-caja-del-futuro\/mobiliario-de-oficina-manana-disenadores-vista\/#primaryimage"},"image":{"@id":"https:\/\/www.wojo.com\/blog\/es\/la-caja-del-futuro\/mobiliario-de-oficina-manana-disenadores-vista\/#primaryimage"},"thumbnailUrl":"https:\/\/www.wojo.com\/blog\/wp-content\/uploads\/2020\/10\/Mobilier-de-bureau-Cocorico-pour-Wojo.jpg","datePublished":"2021-07-01T12:03:45+00:00","dateModified":"2025-08-29T12:58:26+00:00","description":"Oficina flexible, teletrabajo... mobiliario de oficina y accesorios para apoyar y fomentar nuevos usos. Cruce de ITW de expertos.","breadcrumb":{"@id":"https:\/\/www.wojo.com\/blog\/es\/la-caja-del-futuro\/mobiliario-de-oficina-manana-disenadores-vista\/#breadcrumb"},"inLanguage":"fr-FR","potentialAction":[{"@type":"ReadAction","target":["https:\/\/www.wojo.com\/blog\/es\/la-caja-del-futuro\/mobiliario-de-oficina-manana-disenadores-vista\/"]}]},{"@type":"ImageObject","inLanguage":"fr-FR","@id":"https:\/\/www.wojo.com\/blog\/es\/la-caja-del-futuro\/mobiliario-de-oficina-manana-disenadores-vista\/#primaryimage","url":"https:\/\/www.wojo.com\/blog\/wp-content\/uploads\/2020\/10\/Mobilier-de-bureau-Cocorico-pour-Wojo.jpg","contentUrl":"https:\/\/www.wojo.com\/blog\/wp-content\/uploads\/2020\/10\/Mobilier-de-bureau-Cocorico-pour-Wojo.jpg","width":2455,"height":1404,"caption":"Mobilier de bureau Wojo"},{"@type":"BreadcrumbList","@id":"https:\/\/www.wojo.com\/blog\/es\/la-caja-del-futuro\/mobiliario-de-oficina-manana-disenadores-vista\/#breadcrumb","itemListElement":[{"@type":"ListItem","position":1,"name":"Accueil","item":"https:\/\/www.wojo.com\/blog\/fr\/"},{"@type":"ListItem","position":2,"name":"La caja del futuro","item":"https:\/\/www.wojo.com\/blog\/es\/category\/la-caja-del-futuro\/"},{"@type":"ListItem","position":3,"name":"C\u00f3mo responde el mobiliario de oficina a los nuevos retos de la empresa"}]},{"@type":"WebSite","@id":"https:\/\/www.wojo.com\/blog\/#website","url":"https:\/\/www.wojo.com\/blog\/","name":"Blog Wojo","description":"Work. Share. Live.","publisher":{"@id":"https:\/\/www.wojo.com\/blog\/#organization"},"potentialAction":[{"@type":"SearchAction","target":{"@type":"EntryPoint","urlTemplate":"https:\/\/www.wojo.com\/blog\/?s={search_term_string}"},"query-input":{"@type":"PropertyValueSpecification","valueRequired":true,"valueName":"search_term_string"}}],"inLanguage":"fr-FR"},{"@type":"Organization","@id":"https:\/\/www.wojo.com\/blog\/#organization","name":"Wojo","url":"https:\/\/www.wojo.com\/blog\/","logo":{"@type":"ImageObject","inLanguage":"fr-FR","@id":"https:\/\/www.wojo.com\/blog\/#\/schema\/logo\/image\/","url":"","contentUrl":"","caption":"Wojo"},"image":{"@id":"https:\/\/www.wojo.com\/blog\/#\/schema\/logo\/image\/"},"sameAs":["https:\/\/www.facebook.com\/Wojo.coworking\/","https:\/\/x.com\/Wojo_co","https:\/\/instagram.com\/wojo_co\/","https:\/\/www.linkedin.com\/company\/wojo-co\/","https:\/\/www.youtube.com\/channel\/UCorVBPUgSsTQ3zUR9CYSp8Q"]},{"@type":"Person","@id":"https:\/\/www.wojo.com\/blog\/#\/schema\/person\/52175cfaea09e0d3479bdd89e2993639","name":"Wojo"}]}},"_links":{"self":[{"href":"https:\/\/www.wojo.com\/blog\/wp-json\/wp\/v2\/posts\/31665","targetHints":{"allow":["GET"]}}],"collection":[{"href":"https:\/\/www.wojo.com\/blog\/wp-json\/wp\/v2\/posts"}],"about":[{"href":"https:\/\/www.wojo.com\/blog\/wp-json\/wp\/v2\/types\/post"}],"author":[{"embeddable":true,"href":"https:\/\/www.wojo.com\/blog\/wp-json\/wp\/v2\/users\/1"}],"replies":[{"embeddable":true,"href":"https:\/\/www.wojo.com\/blog\/wp-json\/wp\/v2\/comments?post=31665"}],"version-history":[{"count":0,"href":"https:\/\/www.wojo.com\/blog\/wp-json\/wp\/v2\/posts\/31665\/revisions"}],"wp:featuredmedia":[{"embeddable":true,"href":"https:\/\/www.wojo.com\/blog\/wp-json\/wp\/v2\/media\/16324"}],"wp:attachment":[{"href":"https:\/\/www.wojo.com\/blog\/wp-json\/wp\/v2\/media?parent=31665"}],"wp:term":[{"taxonomy":"category","embeddable":true,"href":"https:\/\/www.wojo.com\/blog\/wp-json\/wp\/v2\/categories?post=31665"},{"taxonomy":"post_tag","embeddable":true,"href":"https:\/\/www.wojo.com\/blog\/wp-json\/wp\/v2\/tags?post=31665"}],"curies":[{"name":"wp","href":"https:\/\/api.w.org\/{rel}","templated":true}]}}