{"id":32567,"date":"2022-12-24T21:39:00","date_gmt":"2022-12-24T20:39:00","guid":{"rendered":"https:\/\/www.wojo.com\/blog\/?p=32567"},"modified":"2023-01-03T11:47:57","modified_gmt":"2023-01-03T10:47:57","slug":"demenager-teletravail-7-questions-a-se-poser-avant","status":"publish","type":"post","link":"https:\/\/www.wojo.com\/blog\/fr\/la-boite-a-outils\/demenager-teletravail-7-questions-a-se-poser-avant\/","title":{"rendered":"D\u00e9m\u00e9nager gr\u00e2ce au t\u00e9l\u00e9travail : 7 questions \u00e0 se poser avant de sauter le pas"},"content":{"rendered":"<p><!-- wp:paragraph --><\/p>\n<p><strong>Depuis que la crise sanitaire a montr\u00e9 l\u2019efficacit\u00e9 du travail \u00e0 distance, de plus en plus de travailleurs r\u00eavent de d\u00e9m\u00e9nager<\/strong> <strong>gr\u00e2ce \u00e0 leur accord de t\u00e9l\u00e9travail. La perspective d\u2019une meilleure qualit\u00e9 de vie au quotidien, en \u00e9change de quelques allers-retours r\u00e9guliers au bureau est en effet tr\u00e8s tentante. Mais peut-on d\u00e9m\u00e9nager sans l\u2019autorisation de son employeur&nbsp;? A-t-on droit \u00e0 plus de jours de t\u00e9l\u00e9travail&nbsp;si on s\u2019\u00e9loigne du bureau&nbsp;? D\u00e9couvrez les r\u00e9ponses&nbsp;!<\/strong><\/p>\n<p><!-- \/wp:paragraph --><\/p>\n<p><!-- wp:heading --><\/p>\n<h2>Vous envisagez de d\u00e9m\u00e9nager gr\u00e2ce au t\u00e9l\u00e9travail&nbsp;? Vous n'\u00eates pas seul.e !<\/h2>\n<p><!-- \/wp:heading --><\/p>\n<p><!-- wp:paragraph --><\/p>\n<p>La crise sanitaire a boulevers\u00e9 notre rapport au bureau et au t\u00e9l\u00e9travail, tout le monde s\u2019accorde sur ce point. \u00c0 tel point que les salari\u00e9s sont de plus en plus nombreux \u00e0 se dire qu\u2019ils sauteraient bien le pas pour d\u00e9m\u00e9nager et gagner en qualit\u00e9 de vie, mais sans pour autant renoncer \u00e0 leur emploi. <strong>En juin 2021, l\u2019ANDRH avait r\u00e9v\u00e9l\u00e9 que 30% d\u2019entreprises fran\u00e7aises \u00e9taient confront\u00e9es \u00e0 des salari\u00e9s qui avaient d\u00e9m\u00e9nag\u00e9 \u00e0 l\u2019occasion des confinements et qui demandaient des adaptations de leur organisation de travail&nbsp;<\/strong>! Plus d'un an plus tard, ces chiffres n'ont pas \u00e9t\u00e9 actualis\u00e9s. <br \/>Mais vous vous dites peut-\u00eatre\u2026 tant d'autres l'ont fait : pourquoi pas moi&nbsp;?<\/p>\n<p><!-- \/wp:paragraph --><\/p>\n<p><!-- wp:paragraph --><\/p>\n<p>Deux \u00e9tudes du site <a href=\"https:\/\/paris-jetequitte.com\/etude-2022-evolution-projets-mobilite\/\" target=\"_blank\" rel=\"noreferrer noopener\">Paris Je te quitte<\/a> r\u00e9alis\u00e9es \u00e0 deux ans d'\u00e9cart confirment que les Franciliens estiment que d\u00e9m\u00e9nager en recourant au t\u00e9l\u00e9travail est une aubaine. En 2022, \" <em><strong>68% consid\u00e8rent le t\u00e9l\u00e9travail comme une opportunit\u00e9 pour enfin quitter Paris<\/strong> et seraient pr\u00eats \u00e0 le pratiquer pour concr\u00e9tiser leur projet de mobilit\u00e9 [...], une majorit\u00e9 (46%) souhaite pouvoir t\u00e9l\u00e9travailler \u00e0 100% de leur nouveau lieu de vie pour \u00e9viter les contraintes des d\u00e9placements fr\u00e9quents. D\u2019autres restent pr\u00eats \u00e0 se d\u00e9placer assez r\u00e9guli\u00e8rement (2 fois toutes les semaines ou toutes les 2 semaines), mais la proximit\u00e9 de Paris devient alors un crit\u00e8re indispensable pour ne pas trop empi\u00e9ter sur la qualit\u00e9 de vie.\" <\/em><\/p>\n<p>Gardons en t\u00eate que cette tendance \u00e0 conjuguer d\u00e9m\u00e9nagement et t\u00e9l\u00e9travail ne s\u2019arr\u00eate pas \u00e0 la r\u00e9gion parisienne. Un <a href=\"https:\/\/www.cooptalis.com\/groupe-cooptalis\/etude-teletravail-longue-distance\" target=\"_blank\" rel=\"noreferrer noopener\">livre blanc<\/a> publi\u00e9 par le cabinet de ressources humaines Cooptalis en mai 2021 r\u00e9v\u00e9lait que <strong>86 % des entreprises de toutes tailles avaient re\u00e7u des demandes de t\u00e9l\u00e9travail longue distance, dont pr\u00e8s de la moiti\u00e9 (41 %) concernait le t\u00e9l\u00e9travail depuis l\u2019\u00e9tranger<\/strong>. Ah oui, quand m\u00eame&nbsp;! Spoiler&nbsp;: 74 % des entreprises interrog\u00e9es ont acc\u00e9d\u00e9 \u00e0 cette demande, ce qui confirme que le t\u00e9l\u00e9travail longue distance s\u2019invite dans les facteurs d\u2019attractivit\u00e9 et de fid\u00e9lisation des talents.<\/p>\n<p><!-- \/wp:paragraph --><\/p>\n<p><!-- wp:heading --><\/p>\n<h2>Que dit le Droit du travail en mati\u00e8re de t\u00e9l\u00e9travail si on souhaite d\u00e9m\u00e9nager \u00e0 une longue distance&nbsp;?<\/h2>\n<p><!-- \/wp:heading --><\/p>\n<p><!-- wp:paragraph --><\/p>\n<p>Commen\u00e7ons par rappeler qu\u2019en France, chacun est libre de choisir son lieu d\u2019habitation, en vertu notamment de l\u2019article&nbsp;8 de la Convention europ\u00e9enne de sauvegarde des droits de l'homme (CESDH). Ce dernier affirme que \u00ab&nbsp;<em>toute personne a droit au respect de sa vie priv\u00e9e et familiale et de son domicile&nbsp;<\/em>\u00bb... Sous entendu : l'employeur n'a pas \u00e0 interf\u00e9rer sur la sph\u00e8re priv\u00e9e (et donc sur le choix du lieu d'habitation). Seuls les salari\u00e9s soumis \u00e0 des astreintes doivent vivre \u00e0 proximit\u00e9 de leur lieu de travail.<\/p>\n<p><strong>Vous pouvez donc vivre \u00e0 200 m\u00e8tres ou \u00e0 200 km de votre bureau&nbsp;: votre employeur n\u2019a rien \u00e0 y redire\u2026 tant que vous respectez votre contrat de travail et vos jours impos\u00e9s en pr\u00e9sentiel<\/strong>. <br \/>Attention toutefois :<br \/>- vous devez communiquer votre nouvelle adresse \u00e0 votre employeur pour l\u2019envoi de vos fiches de paie,<br \/>- se posera la question de la possibilit\u00e9 de continuer d'exercer votre mission dans des conditions de s\u00e9curit\u00e9 satisfaisantes. La cour d'appel de Versailles l'a confirm\u00e9 en avril dernier, en donnant tort \u00e0 un salari\u00e9 qui contestait son licenciement pour avoir d\u00e9m\u00e9nag\u00e9 \u00e0 440 km de son entreprise. L'employeur est en effet tenu de prendre \u00ab&nbsp;les mesures n\u00e9cessaires pour assurer la s\u00e9curit\u00e9 et prot\u00e9ger la sant\u00e9 physique et mentale&nbsp;\u00bb des salari\u00e9s (code du Travail <a href=\"https:\/\/revuefiduciaire.grouperf.com\/lien_spad\/?lien_ext_batch=%0A++++++++art.+L.+4121-1%0A++++++++Standard%0A++++++++Consultation%0A++++++++%0A++++++++++SPAD%0A++++++++++LEGI%0A++++++++++LEGITEXT000006072050%0A++++++++++%0A++++++++++++L4121-1%0A++++++++++++LEGIARTI000035640828%0A++++++++++%0A++++++++%0A++++++&amp;sens=Standard&amp;statut=Consultation&amp;source=%0A++++++++++SPAD%0A++++++++++LEGI%0A++++++++++LEGITEXT000006072050%0A++++++++++%0A++++++++++++L4121-1%0A++++++++++++LEGIARTI000035640828%0A++++++++++%0A++++++++&amp;fournisseur=SPAD&amp;base=LEGI&amp;code=LEGITEXT000006072050&amp;detail=%0A++++++++++++L4121-1%0A++++++++++++LEGIARTI000035640828%0A++++++++++&amp;idspad=LEGIARTI000035640828&amp;numero=L4121-1\" target=\"_blank\" rel=\"noreferrer noopener\">art. L. 4121-1 <\/a>) et respecter la r\u00e9glementation en mati\u00e8re de dur\u00e9e du travail et de repos. Si ce dernier estime qu'il ne peut remplir ces obligations, il peut exiger votre retour dans un p\u00e9rim\u00e8tre acceptable. Ou vous licencier faute d'accord (c'est ce qu'a ent\u00e9rin\u00e9 la cour d'appel de Versailles).<\/p>\n<p><!-- \/wp:paragraph --><\/p>\n<p><!-- wp:paragraph --><\/p>\n<p><strong>En r\u00e9sum\u00e9 : d\u00e9m\u00e9nager gr\u00e2ce au t\u00e9l\u00e9travail dans une autre r\u00e9gion ne n\u00e9cessite donc pas \"vraiment\" d\u2019obtenir l\u2019accord de l\u2019entreprise<\/strong>. Et ne peut \u00eatre un motif de licenciement\u2026 <strong>\u00e0 condition que cet \u00e9loignement :<\/strong><br \/>-<strong>ne provoque pas de fautes graves comme des retards ou absences \u00e0 r\u00e9p\u00e9tition<\/strong>, <br \/>-<strong>ne vous mette pas en risque.<\/strong> <br \/><strong>Un d\u00e9m\u00e9nagement \u00e0 l\u2019\u00e9tranger est plus complexe, par exemple pour des travailleurs frontalier<\/strong>s, car cela pose des questions en mati\u00e8re de fiscalit\u00e9 (et de couverture sociale) si vous r\u00e9sidez dans un autre pays que celui o\u00f9 vous travaillez (<a href=\"https:\/\/www.entreprendre.fr\/teletravail-depuis-letranger-attention-a-la-loi-applicable-au-contrat-de-travail\/\" target=\"_blank\" rel=\"noreferrer noopener\">le point sur la r\u00e9glementation en juin 2022<\/a> : en r\u00e9sum\u00e9, il reste des vides juridiques).<\/p>\n<p><!-- \/wp:paragraph --><\/p>\n<p><!-- wp:heading --><\/p>\n<h2>L\u2019entreprise peut-elle fixer un cadre g\u00e9ographique lorsque l'on souhaite d\u00e9m\u00e9nager gr\u00e2ce au t\u00e9l\u00e9travail&nbsp;?<\/h2>\n<p><!-- \/wp:heading --><\/p>\n<p><!-- wp:paragraph --><\/p>\n<p>Oui, tout \u00e0 fait. <strong>Le rayon g\u00e9ographique dans lequel le t\u00e9l\u00e9travail est autoris\u00e9 peut faire partie des r\u00e8gles fix\u00e9es par l\u2019entreprise, au m\u00eame titre que le nombre de jours de t\u00e9l\u00e9travail, ou le lieu autoris\u00e9 pour t\u00e9l\u00e9travailler<\/strong>. En effet, dans t\u00e9l\u00e9travail, il y a travail&nbsp;: &nbsp;l\u2019employ\u00e9 reste \u00e0 la disposition de son employeur sur ses horaires de travail, justement. L\u2019entreprise peut demander de se rendre chez un client pour une urgence, ou d\u2019assister \u00e0 une r\u00e9union en pr\u00e9sentiel, ce qui devient compliqu\u00e9 si l\u2019on s\u2019est install\u00e9 \u00e0 Quimper et que les bureaux sont \u00e0 Lyon. <strong>Un employeur peut donc interdire le t\u00e9l\u00e9travail longue distance au-del\u00e0 d\u2019un certain nombre de kilom\u00e8tres&nbsp;: mieux vaut v\u00e9rifier ce point <\/strong>avant de r\u00e9server le camion de d\u00e9m\u00e9nagement<strong>.<\/strong><\/p>\n<p><!-- \/wp:paragraph --><\/p>\n<p><!-- wp:paragraph --><\/p>\n<p>Bon \u00e0 savoir pour n\u00e9gocier de d\u00e9m\u00e9nager en vertu de votre accord de t\u00e9l\u00e9travail : l\u2019entreprise peut accepter le t\u00e9l\u00e9travail longue distance sur la dur\u00e9e, mais vous demander de travailler dans un espace de coworking pour assurer la s\u00e9curit\u00e9 et le confort de ses salari\u00e9s. Voil\u00e0 qui peut \u00eatre un bon compromis ! Dans ce cas, la prise en charge partielle ou totale de l\u2019abonnement peut \u00eatre discut\u00e9e entre l\u2019employeur et le salari\u00e9.<\/p>\n<p><!-- \/wp:paragraph --><\/p>\n<p><!-- wp:buttons {\"layout\":{\"type\":\"flex\",\"justifyContent\":\"center\",\"orientation\":\"horizontal\"}} --><\/p>\n<div class=\"wp-block-buttons\"><!-- wp:button {\"backgroundColor\":\"vivid-cyan-blue\"} --><\/p>\n<div class=\"wp-block-button\"><a class=\"wp-block-button__link has-vivid-cyan-blue-background-color has-background\" href=\"https:\/\/www.wojo.com\/fr-FR\" target=\"_blank\" rel=\"noreferrer noopener\">D\u00e9couvrir les espaces de travail Wojo<\/a><\/div>\n<p><!-- \/wp:button --><\/div>\n<p><!-- \/wp:buttons --><\/p>\n<p><!-- wp:heading --><\/p>\n<h2>A-t-on droit \u00e0 plus de jours de t\u00e9l\u00e9travail en cas d\u00e9m\u00e9nagement loin du bureau&nbsp;?<\/h2>\n<p><!-- \/wp:heading --><\/p>\n<p><!-- wp:paragraph --><\/p>\n<p>\u00c0 ce jour, point du tout, mais cela viendra peut-\u00eatre. <strong>Vous ne pourrez imposer plus de jours de t\u00e9l\u00e9travail \u00e0 votre entreprise au pr\u00e9texte de votre d\u00e9m\u00e9nagement, mais vous pouvez tenter de les n\u00e9gocier<\/strong>. Proposez par exemple un rythme r\u00e9gulier de pr\u00e9sence au bureau, un point visio journalier avec votre manager, des d\u00e9jeuners en visio avec le reste de l\u2019\u00e9quipe pour garder le contact informel, si essentiel \u00e0 la vie de l\u2019entreprise. &nbsp;<\/p>\n<p><!-- \/wp:paragraph --><\/p>\n<p><!-- wp:paragraph --><\/p>\n<p><em>\u00c0 lire aussi&nbsp;: <a href=\"https:\/\/www.wojo.com\/blog\/fr\/du-bonheur-en-boite\/lien-social-au-travail-ou-en-teletravail-cest-quoi\/\" target=\"_blank\" rel=\"noreferrer noopener\">Pr\u00e9server le lien social, l\u2019affaire de tous<\/a><\/em><\/p>\n<p><!-- \/wp:paragraph --><\/p>\n<p><!-- wp:heading --><\/p>\n<h2>Quid des frais de transport et des tickets restaurants lorsqu\u2019on pratique le t\u00e9l\u00e9travail longue distance et longue dur\u00e9e ?<\/h2>\n<p><!-- \/wp:heading --><\/p>\n<p><!-- wp:paragraph --><\/p>\n<p>Votre employeur vous rembourse une partie de vos frais de transport domicile travail&nbsp;? <strong>Il a l\u2019obligation de continuer si vous d\u00e9m\u00e9nagez, \u00e0 condition de vous continuiez \u00e0 pr\u00e9senter un justificatif. En revanche, il n\u2019a pas \u00e0 augmenter cette enveloppe du fait de votre d\u00e9m\u00e9nagement<\/strong>. Les billets de train ou le carburant n\u00e9cessaires \u00e0 vos allers-retours entre votre nouveau domicile et votre lieu de travail sont \u00e0 votre charge, tout comme le logement pendant vos journ\u00e9es en pr\u00e9sentiel.&nbsp;&nbsp;<\/p>\n<p><!-- \/wp:paragraph --><\/p>\n<p><!-- wp:paragraph --><\/p>\n<p>Quant aux titres restaurants, tout d\u00e9pend des r\u00e8gles en vigueur dans l\u2019entreprise pour leur attribution. S\u2019il existe par exemple une r\u00e8gle qui octroie des tickets restaurants pour les salari\u00e9s qui ne peuvent pas rentrer d\u00e9jeuner chez eux, sur la base d\u2019un crit\u00e8re objectif de distance, vous pourriez ne plus y avoir droit puisque vous travaillez chez vous, et avez donc la possibilit\u00e9 de pr\u00e9parer votre repas. Avant votre d\u00e9m\u00e9nagement, pensez \u00e0 v\u00e9rifier ce point dans votre discussion sur les modalit\u00e9s de votre t\u00e9l\u00e9travail longue distance et longue dur\u00e9e&nbsp;!<\/p>\n<p><!-- \/wp:paragraph --><\/p>\n<p><!-- wp:heading --><\/p>\n<h2><strong>Pouvez-vous demander \u00e0 votre employeur de financer un abonnement dans un espace de coworking&nbsp;?<\/strong><\/h2>\n<p><!-- \/wp:heading --><\/p>\n<p><!-- wp:paragraph --><\/p>\n<p>Il n\u2019existe pas \u00e0 ce jour d\u2019obligation l\u00e9gale pour l\u2019employeur de financer un abonnement dans un espace de coworking pour les salari\u00e9s en t\u00e9l\u00e9travail, a fortiori si la demande d\u2019extension du t\u00e9l\u00e9travail vient du collaborateur. Ce point peut n\u00e9anmoins faire partie d\u2019une discussion entre vous lors de la n\u00e9gociation de votre t\u00e9l\u00e9travail longue distance et longue dur\u00e9e pour cause de d\u00e9m\u00e9nagement.<\/p>\n<p>Bon \u00e0 savoir&nbsp;: une proposition de cr\u00e9ation de ticket bureau est \u00e0 l\u2019\u00e9tude au S\u00e9nat\u2026 depuis f\u00e9vrier 2021. Reste \u00e0 faire bouger les lignes pour acc\u00e9l\u00e9rer l\u2019avanc\u00e9e du dossier.<\/p>\n<p><em>\u00c0 lire aussi&nbsp;: <a href=\"https:\/\/www.wojo.com\/blog\/fr\/la-boite-a-outils\/ticket-bureau-coworking-titre-bureau-et-bureau-de-proximite\/\" target=\"_blank\" rel=\"noreferrer noopener\">Le titre bureau arrive \u00e0 v\u00e9lo<\/a><\/em><\/p>\n<p><!-- \/wp:paragraph --><\/p>\n<p><!-- wp:heading --><\/p>\n<h2>Faut-il l\u2019autorisation de son employeur pour d\u00e9m\u00e9nager gr\u00e2ce au t\u00e9l\u00e9travail... \u00e0 l\u2019\u00e9tranger ET dans la dur\u00e9e&nbsp;?<\/h2>\n<p><!-- \/wp:heading --><\/p>\n<p><!-- wp:paragraph --><\/p>\n<p>Ici, la r\u00e9ponse est oui, m\u00eame si la loi n\u2019est pas explicite sur le sujet. <strong>Votre employeur a l\u2019obligation de s\u2019assurer de la sant\u00e9 et de la s\u00e9curit\u00e9 de ses salari\u00e9s, ce qui est compliqu\u00e9 si vous t\u00e9l\u00e9travaillez \u00e0 l\u2019\u00e9tranger<\/strong>. Les conditions sanitaires ou g\u00e9opolitiques diff\u00e8rent en effet d\u2019un pays \u00e0 l\u2019autre et peuvent impacter vos conditions de travail.&nbsp;<\/p>\n<p><!-- \/wp:paragraph --><\/p>\n<p><!-- wp:paragraph --><\/p>\n<p>D\u2019autre part, <strong>le t\u00e9l\u00e9travail prolong\u00e9 \u00e0 l\u2019\u00e9tranger pose la question de votre statut l\u00e9gal de travailleur,<\/strong> et de la l\u00e9gislation du pays dans lequel s\u2019inscrit votre contrat de travail. Certaines entreprises choisissent d\u2019ailleurs d\u2019interdire le t\u00e9l\u00e9travail \u00e0 l\u2019\u00e9tranger pour cette raison.&nbsp;<\/p>\n<p><!-- \/wp:paragraph --><\/p>\n<p><!-- wp:heading --><\/p>\n<h2>Avez-vous bien pes\u00e9 les risques et b\u00e9n\u00e9fices \u00e0 d\u00e9m\u00e9nager en s'appuyant sur le t\u00e9l\u00e9travail : sur une longue distance et pour une longue dur\u00e9e&nbsp;?<\/h2>\n<p><!-- \/wp:heading --><\/p>\n<p><!-- wp:paragraph --><\/p>\n<p>Bien s\u00fbr, d\u00e9m\u00e9nager pour pratiquer le t\u00e9l\u00e9travail sur son lieu de vacances semble idyllique au premier abord. Plus d\u2019espace, plus de grand air, la proximit\u00e9 avec la nature\u2026 contribuent \u00e0 une belle qualit\u00e9 de vie au quotidien.<\/p>\n<p><!-- \/wp:paragraph --><\/p>\n<p><!-- wp:paragraph --><\/p>\n<p>Mais gare au risque de confondre ambiance estivale et vie r\u00e9elle. Sous la pluie, rideaux ferm\u00e9s pour cause de vacances saisonni\u00e8res, la station baln\u00e9aire ou le village charmant de vos vacances sont tout de suite moins attrayants.<\/p>\n<p><!-- \/wp:paragraph --><\/p>\n<p><!-- wp:paragraph --><\/p>\n<p>Ne n\u00e9gligez pas non plus <strong>la fatigue engendr\u00e9e par les allers-retours r\u00e9guliers entre votre nouveau lieu de vie et le bureau<\/strong>. Ils impliquent des r\u00e9veils tr\u00e8s matinaux, des nuits pass\u00e9es sur les canap\u00e9s lits de proches accueillants, et <strong>une vie sociale marqu\u00e9e par les absences et les incertitudes d\u2019agenda<\/strong>. Avec de jeunes enfants, cela peut vite peser lourd sur l\u2019\u00e9quilibre familial.<\/p>\n<p><!-- \/wp:paragraph --><\/p>\n<p><!-- wp:heading --><\/p>\n<h2>En bref&nbsp;: comment r\u00e9ussir son d\u00e9m\u00e9nagement associ\u00e9 \u00e0 un t\u00e9l\u00e9travail longue distance&nbsp;?<\/h2>\n<p><!-- \/wp:heading --><\/p>\n<p><!-- wp:list --><\/p>\n<ul>\n<li>\u00c9voquez votre souhait de d\u00e9m\u00e9nagement avec votre employeur avant de sauter le pas&nbsp;;<\/li>\n<li>Discutez du cadre de t\u00e9l\u00e9travail longue distance et longue dur\u00e9e qui convient \u00e0 tout le monde&nbsp;;<\/li>\n<li>Sugg\u00e9rez un abonnement dans un espace de coworking pour garder un environnement stimulant et un cadre propice au travail&nbsp;;<\/li>\n<li>V\u00e9rifiez les conditions d\u2019attribution des tickets restaurants et des remboursements de frais de transports dans votre nouvelle configuration de vie.<\/li>\n<\/ul>\n<p><!-- \/wp:list --><\/p>\n<p><!-- wp:paragraph --><\/p>\n<p><strong>Tous les voyants sont au vert&nbsp;? Votre d\u00e9cision est prise, et vous avez h\u00e2te d\u2019entamer votre nouvelle vie&nbsp;? On vous souhaite bon vent et bonne route dans cette nouvelle organisation du travail&nbsp;!<\/strong><\/p>\n<p><!-- \/wp:paragraph --><\/p>\n<p><!-- wp:buttons {\"layout\":{\"type\":\"flex\",\"justifyContent\":\"center\",\"orientation\":\"horizontal\"}} --><\/p>\n<div class=\"wp-block-buttons\"><!-- wp:button {\"backgroundColor\":\"vivid-cyan-blue\"} --><\/p>\n<div class=\"wp-block-button\"><a class=\"wp-block-button__link has-vivid-cyan-blue-background-color has-background\" href=\"https:\/\/www.wojo.com\/fr-FR\" target=\"_blank\" rel=\"noreferrer noopener\">D\u00e9couvrir les espaces Wojo partout en France <\/a><\/div>\n<p><!-- \/wp:button --><\/div>\n<p><!-- \/wp:buttons --><\/p>\n","protected":false},"excerpt":{"rendered":"<p>Depuis que la crise sanitaire a montr\u00e9 l\u2019efficacit\u00e9 du travail \u00e0 distance, de plus en plus de travailleurs r\u00eavent de d\u00e9m\u00e9nager gr\u00e2ce \u00e0 leur accord de t\u00e9l\u00e9travail. La perspective d\u2019une meilleure qualit\u00e9 de vie au quotidien, en \u00e9change de quelques allers-retours r\u00e9guliers au bureau est en effet tr\u00e8s tentante. Mais peut-on d\u00e9m\u00e9nager sans l\u2019autorisation de [&hellip;]<\/p>\n","protected":false},"author":1,"featured_media":32568,"comment_status":"closed","ping_status":"open","sticky":false,"template":"","format":"standard","meta":{"podcast_url_v2":"","footnotes":""},"categories":[15],"tags":[265,299,193],"class_list":["post-32567","post","type-post","status-publish","format-standard","has-post-thumbnail","hentry","category-la-boite-a-outils","tag-nouveaux-modes-de-travail","tag-rh-fr","tag-teletravail"],"yoast_head":"<!-- This site is optimized with the Yoast SEO plugin v27.4 - https:\/\/yoast.com\/product\/yoast-seo-wordpress\/ -->\n<title>D\u00e9m\u00e9nager gr\u00e2ce au t\u00e9l\u00e9travail : 7 questions \u00e0 se poser avant<\/title>\n<meta name=\"description\" content=\"Vous songez \u00e0 d\u00e9m\u00e9nager en passant en t\u00e9l\u00e9travail longue distance et longue dur\u00e9e ? Voici les questions \u00e0 v\u00e9rifier avant de sauter le pas.\" \/>\n<meta name=\"robots\" content=\"index, follow, max-snippet:-1, max-image-preview:large, max-video-preview:-1\" \/>\n<link rel=\"canonical\" href=\"https:\/\/www.wojo.com\/blog\/fr\/la-boite-a-outils\/demenager-teletravail-7-questions-a-se-poser-avant\/\" \/>\n<meta property=\"og:locale\" content=\"fr_FR\" \/>\n<meta property=\"og:type\" content=\"article\" \/>\n<meta property=\"og:title\" content=\"D\u00e9m\u00e9nager gr\u00e2ce au t\u00e9l\u00e9travail : 7 questions \u00e0 se poser avant\" \/>\n<meta property=\"og:description\" content=\"Vous songez \u00e0 d\u00e9m\u00e9nager en passant en t\u00e9l\u00e9travail longue distance et longue dur\u00e9e ? Voici les questions \u00e0 v\u00e9rifier avant de sauter le pas.\" \/>\n<meta property=\"og:url\" content=\"https:\/\/www.wojo.com\/blog\/fr\/la-boite-a-outils\/demenager-teletravail-7-questions-a-se-poser-avant\/\" \/>\n<meta property=\"og:site_name\" content=\"Blog Wojo\" \/>\n<meta property=\"article:publisher\" content=\"https:\/\/www.facebook.com\/Wojo.coworking\/\" \/>\n<meta property=\"article:published_time\" content=\"2022-12-24T20:39:00+00:00\" \/>\n<meta property=\"article:modified_time\" content=\"2023-01-03T10:47:57+00:00\" \/>\n<meta property=\"og:image\" content=\"https:\/\/www.wojo.com\/blog\/wp-content\/uploads\/2021\/10\/Demenagement-teletravail-scaled.jpg\" \/>\n\t<meta property=\"og:image:width\" content=\"2560\" \/>\n\t<meta property=\"og:image:height\" content=\"1700\" \/>\n\t<meta property=\"og:image:type\" content=\"image\/jpeg\" \/>\n<meta name=\"author\" content=\"Wojo\" \/>\n<meta name=\"twitter:card\" content=\"summary_large_image\" \/>\n<meta name=\"twitter:creator\" content=\"@Wojo_co\" \/>\n<meta name=\"twitter:site\" content=\"@Wojo_co\" \/>\n<meta name=\"twitter:label1\" content=\"\u00c9crit par\" \/>\n\t<meta name=\"twitter:data1\" content=\"Wojo\" \/>\n\t<meta name=\"twitter:label2\" content=\"Dur\u00e9e de lecture estim\u00e9e\" \/>\n\t<meta name=\"twitter:data2\" content=\"10 minutes\" \/>\n<script type=\"application\/ld+json\" class=\"yoast-schema-graph\">{\"@context\":\"https:\\\/\\\/schema.org\",\"@graph\":[{\"@type\":\"Article\",\"@id\":\"https:\\\/\\\/www.wojo.com\\\/blog\\\/fr\\\/la-boite-a-outils\\\/demenager-teletravail-7-questions-a-se-poser-avant\\\/#article\",\"isPartOf\":{\"@id\":\"https:\\\/\\\/www.wojo.com\\\/blog\\\/fr\\\/la-boite-a-outils\\\/demenager-teletravail-7-questions-a-se-poser-avant\\\/\"},\"author\":{\"name\":\"Wojo\",\"@id\":\"https:\\\/\\\/www.wojo.com\\\/blog\\\/#\\\/schema\\\/person\\\/52175cfaea09e0d3479bdd89e2993639\"},\"headline\":\"D\u00e9m\u00e9nager gr\u00e2ce au t\u00e9l\u00e9travail : 7 questions \u00e0 se poser avant de sauter le pas\",\"datePublished\":\"2022-12-24T20:39:00+00:00\",\"dateModified\":\"2023-01-03T10:47:57+00:00\",\"mainEntityOfPage\":{\"@id\":\"https:\\\/\\\/www.wojo.com\\\/blog\\\/fr\\\/la-boite-a-outils\\\/demenager-teletravail-7-questions-a-se-poser-avant\\\/\"},\"wordCount\":2125,\"publisher\":{\"@id\":\"https:\\\/\\\/www.wojo.com\\\/blog\\\/#organization\"},\"image\":{\"@id\":\"https:\\\/\\\/www.wojo.com\\\/blog\\\/fr\\\/la-boite-a-outils\\\/demenager-teletravail-7-questions-a-se-poser-avant\\\/#primaryimage\"},\"thumbnailUrl\":\"https:\\\/\\\/www.wojo.com\\\/blog\\\/wp-content\\\/uploads\\\/2021\\\/10\\\/Demenagement-teletravail-scaled.jpg\",\"keywords\":[\"Nouveaux modes de travail\",\"RH - FR\",\"T\u00e9l\u00e9travail\"],\"articleSection\":[\"La bo\u00eete \u00e0 outils\"],\"inLanguage\":\"fr-FR\"},{\"@type\":\"WebPage\",\"@id\":\"https:\\\/\\\/www.wojo.com\\\/blog\\\/fr\\\/la-boite-a-outils\\\/demenager-teletravail-7-questions-a-se-poser-avant\\\/\",\"url\":\"https:\\\/\\\/www.wojo.com\\\/blog\\\/fr\\\/la-boite-a-outils\\\/demenager-teletravail-7-questions-a-se-poser-avant\\\/\",\"name\":\"D\u00e9m\u00e9nager gr\u00e2ce au t\u00e9l\u00e9travail : 7 questions \u00e0 se poser avant\",\"isPartOf\":{\"@id\":\"https:\\\/\\\/www.wojo.com\\\/blog\\\/#website\"},\"primaryImageOfPage\":{\"@id\":\"https:\\\/\\\/www.wojo.com\\\/blog\\\/fr\\\/la-boite-a-outils\\\/demenager-teletravail-7-questions-a-se-poser-avant\\\/#primaryimage\"},\"image\":{\"@id\":\"https:\\\/\\\/www.wojo.com\\\/blog\\\/fr\\\/la-boite-a-outils\\\/demenager-teletravail-7-questions-a-se-poser-avant\\\/#primaryimage\"},\"thumbnailUrl\":\"https:\\\/\\\/www.wojo.com\\\/blog\\\/wp-content\\\/uploads\\\/2021\\\/10\\\/Demenagement-teletravail-scaled.jpg\",\"datePublished\":\"2022-12-24T20:39:00+00:00\",\"dateModified\":\"2023-01-03T10:47:57+00:00\",\"description\":\"Vous songez \u00e0 d\u00e9m\u00e9nager en passant en t\u00e9l\u00e9travail longue distance et longue dur\u00e9e ? Voici les questions \u00e0 v\u00e9rifier avant de sauter le pas.\",\"breadcrumb\":{\"@id\":\"https:\\\/\\\/www.wojo.com\\\/blog\\\/fr\\\/la-boite-a-outils\\\/demenager-teletravail-7-questions-a-se-poser-avant\\\/#breadcrumb\"},\"inLanguage\":\"fr-FR\",\"potentialAction\":[{\"@type\":\"ReadAction\",\"target\":[\"https:\\\/\\\/www.wojo.com\\\/blog\\\/fr\\\/la-boite-a-outils\\\/demenager-teletravail-7-questions-a-se-poser-avant\\\/\"]}]},{\"@type\":\"ImageObject\",\"inLanguage\":\"fr-FR\",\"@id\":\"https:\\\/\\\/www.wojo.com\\\/blog\\\/fr\\\/la-boite-a-outils\\\/demenager-teletravail-7-questions-a-se-poser-avant\\\/#primaryimage\",\"url\":\"https:\\\/\\\/www.wojo.com\\\/blog\\\/wp-content\\\/uploads\\\/2021\\\/10\\\/Demenagement-teletravail-scaled.jpg\",\"contentUrl\":\"https:\\\/\\\/www.wojo.com\\\/blog\\\/wp-content\\\/uploads\\\/2021\\\/10\\\/Demenagement-teletravail-scaled.jpg\",\"width\":2560,\"height\":1700,\"caption\":\"d\u00e9m\u00e9nager t\u00e9l\u00e9travail longue distance\"},{\"@type\":\"BreadcrumbList\",\"@id\":\"https:\\\/\\\/www.wojo.com\\\/blog\\\/fr\\\/la-boite-a-outils\\\/demenager-teletravail-7-questions-a-se-poser-avant\\\/#breadcrumb\",\"itemListElement\":[{\"@type\":\"ListItem\",\"position\":1,\"name\":\"Accueil\",\"item\":\"https:\\\/\\\/www.wojo.com\\\/blog\\\/fr\\\/\"},{\"@type\":\"ListItem\",\"position\":2,\"name\":\"La bo\u00eete \u00e0 outils\",\"item\":\"https:\\\/\\\/www.wojo.com\\\/blog\\\/fr\\\/category\\\/la-boite-a-outils\\\/\"},{\"@type\":\"ListItem\",\"position\":3,\"name\":\"D\u00e9m\u00e9nager gr\u00e2ce au t\u00e9l\u00e9travail : 7 questions \u00e0 se poser avant de sauter le pas\"}]},{\"@type\":\"WebSite\",\"@id\":\"https:\\\/\\\/www.wojo.com\\\/blog\\\/#website\",\"url\":\"https:\\\/\\\/www.wojo.com\\\/blog\\\/\",\"name\":\"Blog Wojo\",\"description\":\"Work. Share. Live.\",\"publisher\":{\"@id\":\"https:\\\/\\\/www.wojo.com\\\/blog\\\/#organization\"},\"potentialAction\":[{\"@type\":\"SearchAction\",\"target\":{\"@type\":\"EntryPoint\",\"urlTemplate\":\"https:\\\/\\\/www.wojo.com\\\/blog\\\/?s={search_term_string}\"},\"query-input\":{\"@type\":\"PropertyValueSpecification\",\"valueRequired\":true,\"valueName\":\"search_term_string\"}}],\"inLanguage\":\"fr-FR\"},{\"@type\":\"Organization\",\"@id\":\"https:\\\/\\\/www.wojo.com\\\/blog\\\/#organization\",\"name\":\"Wojo\",\"url\":\"https:\\\/\\\/www.wojo.com\\\/blog\\\/\",\"logo\":{\"@type\":\"ImageObject\",\"inLanguage\":\"fr-FR\",\"@id\":\"https:\\\/\\\/www.wojo.com\\\/blog\\\/#\\\/schema\\\/logo\\\/image\\\/\",\"url\":\"\",\"contentUrl\":\"\",\"caption\":\"Wojo\"},\"image\":{\"@id\":\"https:\\\/\\\/www.wojo.com\\\/blog\\\/#\\\/schema\\\/logo\\\/image\\\/\"},\"sameAs\":[\"https:\\\/\\\/www.facebook.com\\\/Wojo.coworking\\\/\",\"https:\\\/\\\/x.com\\\/Wojo_co\",\"https:\\\/\\\/instagram.com\\\/wojo_co\\\/\",\"https:\\\/\\\/www.linkedin.com\\\/company\\\/wojo-co\\\/\",\"https:\\\/\\\/www.youtube.com\\\/channel\\\/UCorVBPUgSsTQ3zUR9CYSp8Q\"]},{\"@type\":\"Person\",\"@id\":\"https:\\\/\\\/www.wojo.com\\\/blog\\\/#\\\/schema\\\/person\\\/52175cfaea09e0d3479bdd89e2993639\",\"name\":\"Wojo\"}]}<\/script>\n<!-- \/ Yoast SEO plugin. -->","yoast_head_json":{"title":"D\u00e9m\u00e9nager gr\u00e2ce au t\u00e9l\u00e9travail : 7 questions \u00e0 se poser avant","description":"Vous songez \u00e0 d\u00e9m\u00e9nager en passant en t\u00e9l\u00e9travail longue distance et longue dur\u00e9e ? Voici les questions \u00e0 v\u00e9rifier avant de sauter le pas.","robots":{"index":"index","follow":"follow","max-snippet":"max-snippet:-1","max-image-preview":"max-image-preview:large","max-video-preview":"max-video-preview:-1"},"canonical":"https:\/\/www.wojo.com\/blog\/fr\/la-boite-a-outils\/demenager-teletravail-7-questions-a-se-poser-avant\/","og_locale":"fr_FR","og_type":"article","og_title":"D\u00e9m\u00e9nager gr\u00e2ce au t\u00e9l\u00e9travail : 7 questions \u00e0 se poser avant","og_description":"Vous songez \u00e0 d\u00e9m\u00e9nager en passant en t\u00e9l\u00e9travail longue distance et longue dur\u00e9e ? Voici les questions \u00e0 v\u00e9rifier avant de sauter le pas.","og_url":"https:\/\/www.wojo.com\/blog\/fr\/la-boite-a-outils\/demenager-teletravail-7-questions-a-se-poser-avant\/","og_site_name":"Blog Wojo","article_publisher":"https:\/\/www.facebook.com\/Wojo.coworking\/","article_published_time":"2022-12-24T20:39:00+00:00","article_modified_time":"2023-01-03T10:47:57+00:00","og_image":[{"width":2560,"height":1700,"url":"https:\/\/www.wojo.com\/blog\/wp-content\/uploads\/2021\/10\/Demenagement-teletravail-scaled.jpg","type":"image\/jpeg"}],"author":"Wojo","twitter_card":"summary_large_image","twitter_creator":"@Wojo_co","twitter_site":"@Wojo_co","twitter_misc":{"\u00c9crit par":"Wojo","Dur\u00e9e de lecture estim\u00e9e":"10 minutes"},"schema":{"@context":"https:\/\/schema.org","@graph":[{"@type":"Article","@id":"https:\/\/www.wojo.com\/blog\/fr\/la-boite-a-outils\/demenager-teletravail-7-questions-a-se-poser-avant\/#article","isPartOf":{"@id":"https:\/\/www.wojo.com\/blog\/fr\/la-boite-a-outils\/demenager-teletravail-7-questions-a-se-poser-avant\/"},"author":{"name":"Wojo","@id":"https:\/\/www.wojo.com\/blog\/#\/schema\/person\/52175cfaea09e0d3479bdd89e2993639"},"headline":"D\u00e9m\u00e9nager gr\u00e2ce au t\u00e9l\u00e9travail : 7 questions \u00e0 se poser avant de sauter le pas","datePublished":"2022-12-24T20:39:00+00:00","dateModified":"2023-01-03T10:47:57+00:00","mainEntityOfPage":{"@id":"https:\/\/www.wojo.com\/blog\/fr\/la-boite-a-outils\/demenager-teletravail-7-questions-a-se-poser-avant\/"},"wordCount":2125,"publisher":{"@id":"https:\/\/www.wojo.com\/blog\/#organization"},"image":{"@id":"https:\/\/www.wojo.com\/blog\/fr\/la-boite-a-outils\/demenager-teletravail-7-questions-a-se-poser-avant\/#primaryimage"},"thumbnailUrl":"https:\/\/www.wojo.com\/blog\/wp-content\/uploads\/2021\/10\/Demenagement-teletravail-scaled.jpg","keywords":["Nouveaux modes de travail","RH - FR","T\u00e9l\u00e9travail"],"articleSection":["La bo\u00eete \u00e0 outils"],"inLanguage":"fr-FR"},{"@type":"WebPage","@id":"https:\/\/www.wojo.com\/blog\/fr\/la-boite-a-outils\/demenager-teletravail-7-questions-a-se-poser-avant\/","url":"https:\/\/www.wojo.com\/blog\/fr\/la-boite-a-outils\/demenager-teletravail-7-questions-a-se-poser-avant\/","name":"D\u00e9m\u00e9nager gr\u00e2ce au t\u00e9l\u00e9travail : 7 questions \u00e0 se poser avant","isPartOf":{"@id":"https:\/\/www.wojo.com\/blog\/#website"},"primaryImageOfPage":{"@id":"https:\/\/www.wojo.com\/blog\/fr\/la-boite-a-outils\/demenager-teletravail-7-questions-a-se-poser-avant\/#primaryimage"},"image":{"@id":"https:\/\/www.wojo.com\/blog\/fr\/la-boite-a-outils\/demenager-teletravail-7-questions-a-se-poser-avant\/#primaryimage"},"thumbnailUrl":"https:\/\/www.wojo.com\/blog\/wp-content\/uploads\/2021\/10\/Demenagement-teletravail-scaled.jpg","datePublished":"2022-12-24T20:39:00+00:00","dateModified":"2023-01-03T10:47:57+00:00","description":"Vous songez \u00e0 d\u00e9m\u00e9nager en passant en t\u00e9l\u00e9travail longue distance et longue dur\u00e9e ? Voici les questions \u00e0 v\u00e9rifier avant de sauter le pas.","breadcrumb":{"@id":"https:\/\/www.wojo.com\/blog\/fr\/la-boite-a-outils\/demenager-teletravail-7-questions-a-se-poser-avant\/#breadcrumb"},"inLanguage":"fr-FR","potentialAction":[{"@type":"ReadAction","target":["https:\/\/www.wojo.com\/blog\/fr\/la-boite-a-outils\/demenager-teletravail-7-questions-a-se-poser-avant\/"]}]},{"@type":"ImageObject","inLanguage":"fr-FR","@id":"https:\/\/www.wojo.com\/blog\/fr\/la-boite-a-outils\/demenager-teletravail-7-questions-a-se-poser-avant\/#primaryimage","url":"https:\/\/www.wojo.com\/blog\/wp-content\/uploads\/2021\/10\/Demenagement-teletravail-scaled.jpg","contentUrl":"https:\/\/www.wojo.com\/blog\/wp-content\/uploads\/2021\/10\/Demenagement-teletravail-scaled.jpg","width":2560,"height":1700,"caption":"d\u00e9m\u00e9nager t\u00e9l\u00e9travail longue distance"},{"@type":"BreadcrumbList","@id":"https:\/\/www.wojo.com\/blog\/fr\/la-boite-a-outils\/demenager-teletravail-7-questions-a-se-poser-avant\/#breadcrumb","itemListElement":[{"@type":"ListItem","position":1,"name":"Accueil","item":"https:\/\/www.wojo.com\/blog\/fr\/"},{"@type":"ListItem","position":2,"name":"La bo\u00eete \u00e0 outils","item":"https:\/\/www.wojo.com\/blog\/fr\/category\/la-boite-a-outils\/"},{"@type":"ListItem","position":3,"name":"D\u00e9m\u00e9nager gr\u00e2ce au t\u00e9l\u00e9travail : 7 questions \u00e0 se poser avant de sauter le pas"}]},{"@type":"WebSite","@id":"https:\/\/www.wojo.com\/blog\/#website","url":"https:\/\/www.wojo.com\/blog\/","name":"Blog Wojo","description":"Work. Share. Live.","publisher":{"@id":"https:\/\/www.wojo.com\/blog\/#organization"},"potentialAction":[{"@type":"SearchAction","target":{"@type":"EntryPoint","urlTemplate":"https:\/\/www.wojo.com\/blog\/?s={search_term_string}"},"query-input":{"@type":"PropertyValueSpecification","valueRequired":true,"valueName":"search_term_string"}}],"inLanguage":"fr-FR"},{"@type":"Organization","@id":"https:\/\/www.wojo.com\/blog\/#organization","name":"Wojo","url":"https:\/\/www.wojo.com\/blog\/","logo":{"@type":"ImageObject","inLanguage":"fr-FR","@id":"https:\/\/www.wojo.com\/blog\/#\/schema\/logo\/image\/","url":"","contentUrl":"","caption":"Wojo"},"image":{"@id":"https:\/\/www.wojo.com\/blog\/#\/schema\/logo\/image\/"},"sameAs":["https:\/\/www.facebook.com\/Wojo.coworking\/","https:\/\/x.com\/Wojo_co","https:\/\/instagram.com\/wojo_co\/","https:\/\/www.linkedin.com\/company\/wojo-co\/","https:\/\/www.youtube.com\/channel\/UCorVBPUgSsTQ3zUR9CYSp8Q"]},{"@type":"Person","@id":"https:\/\/www.wojo.com\/blog\/#\/schema\/person\/52175cfaea09e0d3479bdd89e2993639","name":"Wojo"}]}},"_links":{"self":[{"href":"https:\/\/www.wojo.com\/blog\/wp-json\/wp\/v2\/posts\/32567","targetHints":{"allow":["GET"]}}],"collection":[{"href":"https:\/\/www.wojo.com\/blog\/wp-json\/wp\/v2\/posts"}],"about":[{"href":"https:\/\/www.wojo.com\/blog\/wp-json\/wp\/v2\/types\/post"}],"author":[{"embeddable":true,"href":"https:\/\/www.wojo.com\/blog\/wp-json\/wp\/v2\/users\/1"}],"replies":[{"embeddable":true,"href":"https:\/\/www.wojo.com\/blog\/wp-json\/wp\/v2\/comments?post=32567"}],"version-history":[{"count":0,"href":"https:\/\/www.wojo.com\/blog\/wp-json\/wp\/v2\/posts\/32567\/revisions"}],"wp:featuredmedia":[{"embeddable":true,"href":"https:\/\/www.wojo.com\/blog\/wp-json\/wp\/v2\/media\/32568"}],"wp:attachment":[{"href":"https:\/\/www.wojo.com\/blog\/wp-json\/wp\/v2\/media?parent=32567"}],"wp:term":[{"taxonomy":"category","embeddable":true,"href":"https:\/\/www.wojo.com\/blog\/wp-json\/wp\/v2\/categories?post=32567"},{"taxonomy":"post_tag","embeddable":true,"href":"https:\/\/www.wojo.com\/blog\/wp-json\/wp\/v2\/tags?post=32567"}],"curies":[{"name":"wp","href":"https:\/\/api.w.org\/{rel}","templated":true}]}}