{"id":49411,"date":"2024-01-11T11:44:00","date_gmt":"2024-01-11T10:44:00","guid":{"rendered":"https:\/\/www.wojo.com\/blog\/?p=49411"},"modified":"2024-01-11T11:46:31","modified_gmt":"2024-01-11T10:46:31","slug":"contre-labsenteisme-moral-creez-un-environnement-de-travail-positif","status":"publish","type":"post","link":"https:\/\/www.wojo.com\/blog\/fr\/la-boite-a-outils\/contre-labsenteisme-moral-creez-un-environnement-de-travail-positif\/","title":{"rendered":"Contre l'absent\u00e9isme moral, cr\u00e9ez un environnement de travail positif"},"content":{"rendered":"<p><!-- wp:paragraph --><\/p>\n<p><strong>Selon un sondage IPSOS r\u00e9alis\u00e9 pour OurCo, 74% des salari\u00e9s d\u00e9clarent avoir d\u00e9j\u00e0 \u00e9t\u00e9 absents psychologiquement au travail. L\u2019absent\u00e9isme moral, c\u2019est \u00eatre pr\u00e9sent physiquement mais avoir l\u2019esprit ailleurs. \u00c0 l\u2019origine du ph\u00e9nom\u00e8ne, un cadre de travail toxique qui repose sur une culture exacerb\u00e9e du pr\u00e9sent\u00e9isme et un manque d\u2019accompagnement manag\u00e9rial. Il s'agit donc de mettre en place des actions visant \u00e0 inverser cette tendance et cr\u00e9er de bonnes conditions de travail. Voici trois pistes pour d\u00e9velopper un environnement de travail positif, propice au r\u00e9engagement des \u00e9quipes.<\/strong><\/p>\n<p><!-- \/wp:paragraph --><\/p>\n<p><!-- wp:heading --><\/p>\n<h2 class=\"wp-block-heading\">Qu\u2019est-ce qu\u2019un environnement de travail positif&nbsp;?<\/h2>\n<p><!-- \/wp:heading --><\/p>\n<p><!-- wp:paragraph --><\/p>\n<p>Un environnement de travail positif se caract\u00e9rise par <strong>une ambiance de travail agr\u00e9able. La productivit\u00e9 et le bien-\u00eatre au travail y vont de pair.<\/strong> Un tel cadre apporte aux collaborateurs un bon \u00e9quilibre entre leur vie professionnelle et personnelle, renforc\u00e9 par une culture d'entreprise qui valorise la coh\u00e9sion et l'esprit d'\u00e9quipe.<\/p>\n<p><!-- \/wp:paragraph --><\/p>\n<p><!-- wp:paragraph --><\/p>\n<p>Les conditions de travail, notamment dans des espaces tels que l'open space, sont optimis\u00e9es pour favoriser un climat de travail sain. Ceci inclut les points suivants\u00a0:<\/p>\n<p><!-- \/wp:paragraph --><\/p>\n<p><!-- wp:paragraph --><\/p>\n<p>&#x2705; Bonne qualit\u00e9 de l'air<br \/>&#x2705; Lumi\u00e8re naturelle suffisante<br \/>&#x2705; Postes de travail am\u00e9nag\u00e9s pour assurer le confort et la s\u00e9curit\u00e9 au travail, notamment en mati\u00e8re d\u2019ergonomie<br \/>&#x2705; Phones box et des salles de r\u00e9union pour limiter le bruit et favoriser la concentration<br \/>&#x2705; Conception g\u00e9n\u00e9rale de l\u2019espace int\u00e9rieur des bureaux qui invite les travailleurs \u00e0 moduler le rythme de leurs journ\u00e9es selon leurs besoin (salle de sieste, espaces de convivialit\u00e9, salles de r\u00e9union ou boxes de diff\u00e9rentes tailles pour accueillir les clients ou faire un point d\u2019\u00e9quipe, etc.)<br \/>&#x2705; Espaces d\u00e9tente (tisaneries, jardin, terrasse, etc.) favorisant le lien social entre les collaborateurs lorsqu\u2019ils sont pr\u00e9sents au bureau.<\/p>\n<p><!-- \/wp:paragraph --><\/p>\n<p><!-- wp:paragraph --><\/p>\n<p><strong>L\u2019organisation du travail y est fluide<\/strong>. <strong>Elle permet \u00e0 la fois le travail d'\u00e9quipe en pr\u00e9sentiel, et le t\u00e9l\u00e9travail, contribuant ainsi \u00e0 un environnement de travail inclusif et productif<\/strong>\u2026 Et pourquoi pas m\u00eame, \u00e0 une forme de bonheur au travail\u00a0!<\/p>\n<p><!-- \/wp:paragraph --><\/p>\n<p><!-- wp:heading --><\/p>\n<h2 class=\"wp-block-heading\"><strong>Pourquoi d\u00e9velopper des environnements de travail positifs&nbsp;?<\/strong><\/h2>\n<p><!-- \/wp:heading --><\/p>\n<p><!-- wp:paragraph --><\/p>\n<p>Les b\u00e9n\u00e9fices d'un environnement de travail agr\u00e9able sont multiples. Pour les employ\u00e9s, cela se traduit par&nbsp;:<\/p>\n<p><!-- \/wp:paragraph --><\/p>\n<p><!-- wp:paragraph --><\/p>\n<p>&#x1f449; Une <strong>satisfaction<\/strong> au travail accrue\u00a0;<br \/>&#x1f449;une <strong>meilleure exp\u00e9rience collaborateur<\/strong>, dont on sait qu\u2019elle constitue un \u00e9l\u00e9ment de fid\u00e9lit\u00e9 \u00e0 l\u2019entreprise\u00a0;<br \/>&#x1f449; un meilleur <strong>\u00e9quilibre psychosocial<\/strong>\u00a0;<br \/>&#x1f449;une <strong>sant\u00e9 mentale pr\u00e9serv\u00e9e<\/strong>, gr\u00e2ce \u00e0 une meilleure pr\u00e9vention des risques psychosociaux.<\/p>\n<p><!-- \/wp:paragraph --><\/p>\n<p><!-- wp:paragraph --><\/p>\n<p>Un salari\u00e9 heureux, qui travaille dans de bonnes conditions sera <strong>plus enclin \u00e0 \u00eatre productif<\/strong>. Cela diminue le risque de stress au travail, et \u00e9ventuellement, les risques de harc\u00e8lement.<\/p>\n<p><!-- \/wp:paragraph --><\/p>\n<p><!-- wp:paragraph --><\/p>\n<p>Pour l'entreprise, les retomb\u00e9es sont tout aussi significatives. <strong>Les employ\u00e9s les plus performants s\u2019\u00e9panouissent davantage dans une bonne ambiance de travail, stimul\u00e9e par un leadership efficace et des activit\u00e9s de team building.<\/strong><\/p>\n<p>Cela renforce la s\u00e9curit\u00e9 et la sant\u00e9 au travail, cr\u00e9ant un climat de travail positif qui, \u00e0 son tour, motive les salari\u00e9s et am\u00e9liore l'ambiance. <strong>Une sorte de cercle vertueux, somme toute\u00a0!<\/strong> Travailler dans une ambiance positive appara\u00eet comme un \u00e9l\u00e9ment cl\u00e9 pour g\u00e9n\u00e9rer une satisfaction mutuelle et durable, tant pour les collaborateurs que pour les managers.<\/p>\n<p><!-- \/wp:paragraph --><\/p>\n<p><!-- wp:heading --><\/p>\n<h2 class=\"wp-block-heading\">Donner du sens contribue \u00e0 un environnement de travail positif<\/h2>\n<p><!-- \/wp:heading --><\/p>\n<p><!-- wp:paragraph --><\/p>\n<p>La qu\u00eate de sens n\u2019est pas nouvelle, mais elle est devenue un \u00e9l\u00e9ment central des <a href=\"https:\/\/www.lucca.fr\/magazine\/qvt\/panorama-nouvelles-attentes-collaborateurs\" target=\"_blank\" rel=\"noreferrer noopener\">nouvelles attentes des collaborateurs<\/a> vis-\u00e0-vis de leur environnement de travail. <strong>D\u2019apr\u00e8s une \u00e9tude Deloitte, 63% des salari\u00e9s estiment que le manager a un r\u00f4le \u00e0 jouer pour donner du sens \u00e0 leurs missions.<\/strong><\/p>\n<p><!-- \/wp:paragraph --><\/p>\n<p><!-- wp:paragraph --><\/p>\n<p>La notion de sens se d\u00e9finit \u00e0 travers la perception de son activit\u00e9 et de son rapport \u00e0 celle-ci. <strong>La&nbsp;perception \u00e9tant par essence toujours subjective et la question du sens \u00e9minemment personnelle, il n\u2019y a pas de recette miracle<\/strong>. Il existe tout de m\u00eame des pratiques qui participent \u00e0 donner du sens au travail de mani\u00e8re globale.<\/p>\n<p><!-- \/wp:paragraph --><\/p>\n<p><!-- wp:heading {\"level\":3} --><\/p>\n<h3 class=\"wp-block-heading\">Relier la contribution du salari\u00e9 \u00e0 la r\u00e9ussite de l\u2019organisation pour cr\u00e9er un environnement de travail positif<\/h3>\n<p><!-- \/wp:heading --><\/p>\n<p><!-- wp:paragraph --><\/p>\n<p><strong>Expliquer \u00e0 vos collaborateurs comment leur travail participe \u00e0 la r\u00e9alisation des objectifs de l\u2019entreprise les aide \u00e0 trouver du sens \u00e0 ce qu\u2019ils font<\/strong>. Le salari\u00e9 visualise l\u2019impact de son travail et relie naturellement sa contribution \u00e0 la r\u00e9ussite de l\u2019organisation.<\/p>\n<p><!-- \/wp:paragraph --><\/p>\n<p><!-- wp:paragraph --><\/p>\n<p>Pr\u00e9voyez un temps d\u2019\u00e9change avec votre collaborateur pour l\u2019aider \u00e0 mettre en perspective son r\u00f4le dans l\u2019entreprise. En quoi son poste permet d\u2019atteindre les objectifs de l\u2019organisation\u00a0? Quelles en sont les retomb\u00e9es positives ? Selon le type de poste, vous pouvez \u00e9galement mettre en avant des r\u00e9sultats chiffr\u00e9s qui ont impact psychologique important.\u00a0<\/p>\n<p><!-- \/wp:paragraph --><\/p>\n<p><!-- wp:heading {\"level\":3} --><\/p>\n<h3 class=\"wp-block-heading\">Cultiver la dynamique de groupe<\/h3>\n<p><!-- \/wp:heading --><\/p>\n<p><!-- wp:paragraph --><\/p>\n<p>La dynamique de groupe pose comme postulat que le comportement d\u2019un individu est toujours d\u00e9termin\u00e9 par les \u00e9l\u00e9ments constituants son environnement psychologique et social. Au travail, le collaborateur se pose des questions fondamentales, et souvent inconscientes. Bien s\u00fbr, elles affectent le fonctionnement de l\u2019\u00e9quipe. <em>\u00ab\u00a0Ai-je une vraie place dans le groupe et quelle est celle que les autres m\u2019attribuent\u00a0?\u00a0Ai-je des comp\u00e9tences sp\u00e9cifiques et dans quelle mesure sont-elles per\u00e7ues par les membres de l\u2019\u00e9quipe\u00a0?\u00a0\u00bb<\/em> <strong>Cultiver la collaboration entre les salari\u00e9s valorise l\u2019entraide et cr\u00e9e un sentiment de communaut\u00e9 qui permet de d\u00e9passer ces craintes. De cette mani\u00e8re, les salari\u00e9s sentent qu\u2019ils ont leur place dans l\u2019\u00e9quipe et ce constat donne du sens \u00e0 leur travail.<\/strong><\/p>\n<p><!-- \/wp:paragraph --><\/p>\n<p><!-- wp:paragraph --><\/p>\n<p>Pour d\u00e9velopper cette dynamique, privil\u00e9giez une communication ouverte et transparente afin d\u2019\u00e9viter les non-dits toxiques. Vous pouvez \u00e9galement f\u00e9d\u00e9rer vos \u00e9quipes autour de la mise en place de nouveaux process pour resserrer les liens et favoriser les \u00e9changes. Pourquoi pas imaginer la mise en place d\u2019un <a href=\"https:\/\/www.wojo.com\/blog\/fr\/du-bonheur-en-boite\/prendre-petit-dejeuner-travail-gage-dun-management\/\" target=\"_blank\" rel=\"noreferrer noopener\">petit-d\u00e9jeuner mensuel par exemple<\/a> ?<\/p>\n<p><!-- \/wp:paragraph --><\/p>\n<p><!-- wp:heading --><\/p>\n<h2 class=\"wp-block-heading\">D\u00e9velopper la culture du feedback pour cr\u00e9er un environnement de travail positif<\/h2>\n<p><!-- \/wp:heading --><\/p>\n<p><!-- wp:paragraph --><\/p>\n<p>En th\u00e9orie, la culture du feedback d\u00e9signe un environnement dans lequel les collaborateurs re\u00e7oivent, sollicitent et se servent du feedback de mani\u00e8re continue afin d\u2019am\u00e9liorer leur cadre de travail. Pourtant, d\u2019apr\u00e8s une \u00e9tude Officevibe de 2022, seuls 58% des managers estiment l\u2019utiliser suffisamment.<\/p>\n<p><!-- \/wp:paragraph --><\/p>\n<p><!-- wp:paragraph --><\/p>\n<p><strong>Prendre r\u00e9guli\u00e8rement le pouls de ses \u00e9quipes reste le meilleur moyen pour les managers d\u2019appr\u00e9hender le niveau de charge r\u00e9elle, les probl\u00e8mes relationnels ou encore le niveau d\u2019insatisfaction. Apporter un feedback s\u2019impose comme un outil essentiel de la communication au sein d\u2019un groupe<\/strong>.<\/p>\n<p><!-- \/wp:paragraph --><\/p>\n<p><!-- wp:heading {\"level\":3} --><\/p>\n<h3 class=\"wp-block-heading\">Le feedback facilite la relation manag\u00e9riale et fid\u00e9lise vos \u00e9quipes<\/h3>\n<p><!-- \/wp:heading --><\/p>\n<p><!-- wp:paragraph --><\/p>\n<p>Le feedback constitue une mine d\u2019informations sur le bien-\u00eatre de vos \u00e9quipes. Bien utilis\u00e9, il montre que vous portez de l\u2019int\u00e9r\u00eat \u00e0 ce que pensent vos salari\u00e9s et am\u00e9liore la relation manag\u00e9riale. <strong>Pour un feedback efficace, il est conseill\u00e9 de pratiquer l\u2019\u00e9coute active et de jouer la transparence. Les \u00e9changes sont favoris\u00e9s<\/strong>, <strong>l\u2019information circule plus librement<\/strong>. <strong>Ainsi, le manager conna\u00eet mieux son collaborateur et ses capacit\u00e9s<\/strong>. Il peut ainsi utiliser les leviers de motivation ad\u00e9quats pour l'encourager \u00e0 progresser.<\/p>\n<p><!-- \/wp:paragraph --><\/p>\n<p><!-- wp:paragraph --><\/p>\n<p>\u00c0 lire aussi : <a href=\"https:\/\/www.wojo.com\/blog\/fr\/la-boite-du-futur\/management-de-proximite-defi-post-covid\/\" target=\"_blank\" rel=\"noreferrer noopener\">Management de proximit\u00e9, trois bonnes pratiques pour garder le contact avec vos \u00e9quipes<\/a><\/p>\n<p><!-- \/wp:paragraph --><\/p>\n<p><!-- wp:paragraph --><\/p>\n<p><strong>Le feedback peut se pratiquer d\u00e8s l\u2019onboarding. Par exemple, faites un retour \u00e0 la nouvelle recrue sur ses premi\u00e8res missions.<\/strong> En \u00e9tant ouvert au dialogue d\u00e8s le d\u00e9part, vous faites passer le message d\u2019un manager attentif aux besoins de ses \u00e9quipes. Apr\u00e8s la prise en compte des retours, impliquez vos collaborateurs dans la mise en place des actions concr\u00e8tes. Faire intervenir vos salari\u00e9s dans le cadre des prises de d\u00e9cisions est vecteur de fid\u00e9lisation.&nbsp;&nbsp;<\/p>\n<p><!-- \/wp:paragraph --><\/p>\n<p><!-- wp:heading {\"level\":3} --><\/p>\n<h3 class=\"wp-block-heading\">Le feedback permet d\u2019am\u00e9liorer la qualit\u00e9 du travail<\/h3>\n<p><!-- \/wp:heading --><\/p>\n<p><!-- wp:paragraph --><\/p>\n<p>Selon la m\u00eame \u00e9tude Officevibe, <strong>69% des collaborateurs sont pr\u00eats \u00e0 fournir un travail de meilleure qualit\u00e9 en cas de retours r\u00e9guliers. Distiller des feedbacks constructifs guide le salari\u00e9 dans l\u2019avancement de ses missions, renforce son engagement et lui permet d\u2019am\u00e9liorer son travail<\/strong>.<\/p>\n<p><!-- \/wp:paragraph --><\/p>\n<p><!-- wp:paragraph --><\/p>\n<p>Lors des retours, il est conseill\u00e9 de se focaliser sur le d\u00e9veloppement des forces du salari\u00e9 plut\u00f4t que la correction de ses faiblesses. <strong>L\u2019<\/strong><a href=\"https:\/\/hbr.org\/2019\/03\/the-feedback-fallacy\" target=\"_blank\" rel=\"noreferrer noopener\"><strong>article acad\u00e9mique<\/strong><\/a><strong> de Harvard Business Review explique pourquoi : la critique n\u00e9gative\u00a0provoque dans le cerveau un effet \u00ab\u00a0combat-fuite\u00a0\u00bb qui\u00a0paralyse l\u2019apprentissage.<\/strong> \u00c0 contrario, les commentaires positifs le stimulent en activant le syst\u00e8me nerveux parasympathique. Vous allez ainsi pouvoir compter sur une \u00e9quipe motiv\u00e9e et engag\u00e9e dans la r\u00e9alisation de ses missions.<\/p>\n<p><!-- \/wp:paragraph --><\/p>\n<p><!-- wp:heading --><\/p>\n<h2 class=\"wp-block-heading\">Miser sur la QVT impacte favorablement le climat en entreprise<\/h2>\n<p><!-- \/wp:heading --><\/p>\n<p><!-- wp:paragraph --><\/p>\n<p><strong>L\u2019Organisation mondiale de la sant\u00e9 d\u00e9finit la qualit\u00e9 de vie au travail comme \u00ab\u00a0un \u00e9tat d\u2019esprit d\u00e9coulant d\u2019une bonne harmonie entre les attentes et les aptitudes d\u2019un salari\u00e9<\/strong>. <strong>Elle souligne aussi l'importance des conditions dans lesquelles il \u00e9volue sur son lieu de travail.\u00a0\u00bb <\/strong>L\u2019Organisation internationale du travail a \u00e9galement d\u00e9clar\u00e9 que le bien-\u00eatre est un mot-cl\u00e9 de cette d\u00e9finition.<\/p>\n<p>Le bien-\u00eatre en entreprise ne doit pas rester un concept abstrait. <strong>Il s\u2019\u00e9tablit gr\u00e2ce \u00e0 un espace de travail agr\u00e9able<\/strong>. <strong>Des lieux<\/strong> <strong>pens\u00e9s pour favoriser la cr\u00e9ativit\u00e9, limiter les temps de trajet et accompagner les besoins des collaborateurs tout au long de leur journ\u00e9e de travail :<\/strong> concentration, d\u00e9tente, convivialit\u00e9, r\u00e9union, etc. Pas besoin d\u2019\u00eatre expert en feng shui pour cr\u00e9er ce genre d'espaces\u00a0! Des bureaux lumineux, avec des espaces adapt\u00e9s aux diff\u00e9rents besoins au long de la journ\u00e9e. Sans oublier des plantes vertes pour a\u00e9rer l\u2019espace et contribuer \u00e0 ce bien-\u00eatre au travail ! N\u2019oublions pas non plus l\u2019impact positif de bureaux modernes et inspirants sur l\u2019image de votre entreprise aupr\u00e8s de vos clients et partenaires.<\/p>\n<p><!-- \/wp:paragraph --><\/p>\n<p><!-- wp:spacer {\"height\":\"50px\"} --><\/p>\n<div style=\"height:50px\" aria-hidden=\"true\" class=\"wp-block-spacer\"><\/div>\n<p><!-- \/wp:spacer --><\/p>\n<p><!-- wp:buttons --><\/p>\n<div class=\"wp-block-buttons\"><!-- wp:button {\"backgroundColor\":\"vivid-cyan-blue\",\"className\":\"aligncenter\"} --><\/p>\n<div class=\"wp-block-button aligncenter\"><a class=\"wp-block-button__link has-vivid-cyan-blue-background-color has-background wp-element-button\" href=\"https:\/\/calendly.com\/wojo-hub-fr\/blog?month=2022-03\" target=\"_blank\" rel=\"noreferrer noopener\">\u00c9changer avec un expert Wojo sur vos besoins en espaces de travail<\/a><\/div>\n<p><!-- \/wp:button --><\/div>\n<p><!-- \/wp:buttons --><\/p>\n<p><!-- wp:spacer {\"height\":\"32px\"} --><\/p>\n<div style=\"height:32px\" aria-hidden=\"true\" class=\"wp-block-spacer\"><\/div>\n<p><!-- \/wp:spacer --><\/p>\n<p><!-- wp:paragraph --><\/p>\n<p>Des actions concr\u00e8tes sur l\u2019environnement de travail permettent de r\u00e9duire les risques psycho-sociaux dans les entreprises. Voici quelques pistes \u00e0 suivre pour permettre \u00e0 vos salari\u00e9s de s\u2019\u00e9panouir dans un cadre positif.<\/p>\n<p><!-- \/wp:paragraph --><\/p>\n<p><!-- wp:heading {\"level\":3} --><\/p>\n<h3 class=\"wp-block-heading\">\n<h3>\u00c9tablir un climat de confiance au sein de l\u2019\u00e9quipe<\/h3>\n<\/h3>\n<p><!-- \/wp:heading --><\/p>\n<p><!-- wp:paragraph --><\/p>\n<p>La confiance est la pierre angulaire du bon fonctionnement d\u2019une \u00e9quipe. Associ\u00e9e \u00e0 un sentiment de s\u00e9curit\u00e9, elle est cl\u00e9 dans l\u2019\u00e9panouissement de vos salari\u00e9s. <strong>Des collaborateurs qui \u00e9voluent en toute confiance sont davantage tourn\u00e9s vers la coop\u00e9ration<\/strong>. <strong>\u00c0 long terme, cela favorise \u00e9galement la performance des entreprises.<\/strong> Pour installer une confiance mutuelle, la premi\u00e8re chose \u00e0 faire est de se remettre en question. <strong>Partez-vous bien du principe que vos salari\u00e9s sont dignes de confiance\u00a0? Il est fr\u00e9quent de voir des managers douter des capacit\u00e9s de leurs collaborateurs<\/strong>. Vous dites-vous parfois<strong> \u00ab\u00a0ils ne sauront pas faire\u00a0\u00bb ou \u00ab\u00a0ils ne sont pas pr\u00eats\u00a0\u00bb<\/strong> ?<strong> <\/strong>Si oui, demandez-vous si, au fond, ce n\u2019est pas vous qui craignez de d\u00e9l\u00e9guer. Pour vous aider \u00e0 prendre du recul et am\u00e9liorer votre pratique manag\u00e9riale, ouvrez-vous \u00e0 une formation ax\u00e9e sur les soft skills.  <\/p>\n<p><!-- \/wp:paragraph --><\/p>\n<p><!-- wp:paragraph --><\/p>\n<p>\u00c0 lire aussi : <a href=\"https:\/\/www.wojo.com\/blog\/fr\/la-boite-a-outils\/pression-management-travail\/\" target=\"_blank\" rel=\"noopener\">Refuser de (vous) mettre la pression au trava<\/a><a href=\"https:\/\/www.wojo.com\/blog\/fr\/la-boite-a-outils\/pression-management-travail\/\" target=\"_blank\" rel=\"noreferrer noopener\">il : nous avons tous \u00e0 y gagner<\/a><\/p>\n<p><!-- \/wp:paragraph --><\/p>\n<p><!-- wp:heading {\"level\":3} --><\/p>\n<h3 class=\"wp-block-heading\">\n<h3>\u00c9quilibrer le temps de travail des collaborateurs<\/h3>\n<\/h3>\n<p><!-- \/wp:heading --><\/p>\n<p><!-- wp:paragraph --><\/p>\n<p><strong>90% des salari\u00e9s comptent sur leur manager<\/strong>. <strong>Pourquoi ? <\/strong>P<strong>our garantir l\u2019\u00e9quilibre des horaires et favoriser l\u2019\u00e9quilibre vie priv\u00e9e et vie professionnelle (enqu\u00eate OpinionWay pour Horoquartz).<\/strong> Le manager est garant de la charge de travail de son \u00e9quipe. Il existe plusieurs solutions pour accompagner efficacement le collaborateur dans la gestion du temps de travail. <\/p>\n<p><!-- \/wp:paragraph --><\/p>\n<p><!-- wp:heading {\"level\":3} --><\/p>\n<h3 class=\"wp-block-heading\">Miser sur la flexibilit\u00e9 et l'autonomie !<\/h3>\n<p><!-- \/wp:heading --><\/p>\n<p><!-- wp:paragraph --><\/p>\n<p><strong>Favorisez la flexibilit\u00e9 des horaires avec plages horaires d\u2019entr\u00e9e et de sortie plus ou moins \u00e9tendues, les jours de pr\u00e9sence physique au bureau. Les salari\u00e9s s\u2019organisent de mani\u00e8re autonome en fonction de leurs propres occupations<\/strong> (cr\u00e8che, rendez-vous m\u00e9dicaux, <a href=\"https:\/\/www.wojo.com\/blog\/fr\/du-bonheur-en-boite\/faire-du-sport-au-travail\/\" target=\"_blank\" rel=\"noopener\">activit\u00e9s sportives<\/a>, etc.). <\/p>\n<p><!-- \/wp:paragraph --><\/p>\n<p><!-- wp:heading {\"level\":3} --><\/p>\n<h3 class=\"wp-block-heading\">Faciliter le t\u00e9l\u00e9travail dans de bonnes conditions<\/h3>\n<p><!-- \/wp:heading --><\/p>\n<p><!-- wp:paragraph --><\/p>\n<p>Le recours au t\u00e9l\u00e9travail est aussi un levier int\u00e9ressant pour apporter de la flexibilit\u00e9. L\u2019entreprise peut alors d\u00e9cider de proposer \u00e0 ses employ\u00e9s un abonnement dans un r\u00e9seau d\u2019espaces de coworking. Chacun choisit ainsi des bureaux \u00e0 proximit\u00e9 de son domicile pour ses jours de t\u00e9l\u00e9travail. Ainsi, plus de perte d\u2019\u00e9nergie dans les transports, et plus de facilit\u00e9 \u00e0 articuler les diff\u00e9rentes sph\u00e8res du quotidien\u00a0! D\u00e9finissez \u00e9galement avec votre \u00e9quipe les deadlines et les objectifs \u00e0 atteindre. Vous \u00e9vitez ainsi les pics de stress, souvent vecteurs d\u2019heures suppl\u00e9mentaires. Ainsi, vous ne perdez pas le b\u00e9n\u00e9fice li\u00e9 \u00e0 l\u2019\u00e9quilibre vie professionnelle et vie personnelle, gage d\u2019un environnement de travail positif.  <\/p>\n<p><!-- \/wp:paragraph --><\/p>\n<p><!-- wp:paragraph --><\/p>\n<p>\u00c0 lire aussi : <a href=\"https:\/\/www.wojo.com\/blog\/fr\/du-bonheur-en-boite\/presenteisme-au-travail-absenteisme-comprendre-prevenir\/\" target=\"_blank\" rel=\"noopener\">Pr\u00e9sent\u00e9isme, pourquoi il faut savoir partir<\/a><\/p>\n<p><!-- \/wp:paragraph --><\/p>\n<p><!-- wp:heading --><\/p>\n<h2 class=\"wp-block-heading\">Le mot de la fin<\/h2>\n<p><!-- \/wp:heading --><\/p>\n<p><!-- wp:paragraph --><\/p>\n<p><strong>Un environnement de travail positif s\u2019inscrit dans une volont\u00e9 globale de garantir le bien-\u00eatre et l\u2019\u00e9quilibre de chaque personne, et refl\u00e8te les valeurs de votre entreprise. Les lieux de travail et le management se compl\u00e8tent pour former un socle solide, indispensable \u00e0 la fid\u00e9lisation des talents et le d\u00e9veloppement r\u00e9gulier de l\u2019activit\u00e9.<\/strong><\/p>\n<p><!-- \/wp:paragraph --><\/p>\n<p><!-- wp:paragraph --><\/p>\n<p><em>Merci \u00e0 notre partenaire <\/em><a href=\"https:\/\/www.lucca.fr\/\" target=\"_blank\" rel=\"noopener\">Lucca<\/a><em> pour la r\u00e9daction de cet article.<\/em><\/p>\n<p class=\"MsoNormal\">\n<\/p>\n<p><!-- \/wp:paragraph --><\/p>\n<p><!-- wp:spacer {\"height\":\"46px\"} --><\/p>\n<div style=\"height:46px\" aria-hidden=\"true\" class=\"wp-block-spacer\"><\/div>\n<p><!-- \/wp:spacer --><\/p>\n<p><!-- wp:buttons --><\/p>\n<div class=\"wp-block-buttons\"><!-- wp:button {\"backgroundColor\":\"vivid-cyan-blue\",\"className\":\"aligncenter\"} --><\/p>\n<div class=\"wp-block-button aligncenter\"><a class=\"wp-block-button__link has-vivid-cyan-blue-background-color has-background wp-element-button\" href=\"https:\/\/www.wojo.com\/fr-FR\" target=\"_blank\" rel=\"noreferrer noopener\">D\u00e9couvrir les espaces de travail Wojo<\/a><\/div>\n<p><!-- \/wp:button --><\/div>\n<p><!-- \/wp:buttons --><\/p>\n<p><!-- wp:spacer --><\/p>\n<div style=\"height:100px\" aria-hidden=\"true\" class=\"wp-block-spacer\"><\/div>\n<p><!-- \/wp:spacer --><\/p>\n","protected":false},"excerpt":{"rendered":"<p>Selon un sondage IPSOS r\u00e9alis\u00e9 pour OurCo, 74% des salari\u00e9s d\u00e9clarent avoir d\u00e9j\u00e0 \u00e9t\u00e9 absents psychologiquement au travail. L\u2019absent\u00e9isme moral, c\u2019est \u00eatre pr\u00e9sent physiquement mais avoir l\u2019esprit ailleurs. \u00c0 l\u2019origine du ph\u00e9nom\u00e8ne, un cadre de travail toxique qui repose sur une culture exacerb\u00e9e du pr\u00e9sent\u00e9isme et un manque d\u2019accompagnement manag\u00e9rial. Il s'agit donc de mettre [&hellip;]<\/p>\n","protected":false},"author":1,"featured_media":49414,"comment_status":"closed","ping_status":"open","sticky":false,"template":"","format":"standard","meta":{"podcast_url_v2":"","footnotes":""},"categories":[15],"tags":[281,285,299],"class_list":["post-49411","post","type-post","status-publish","format-standard","has-post-thumbnail","hentry","category-la-boite-a-outils","tag-management-fr","tag-qvt","tag-rh-fr"],"yoast_head":"<!-- This site is optimized with the Yoast SEO plugin v27.4 - https:\/\/yoast.com\/product\/yoast-seo-wordpress\/ -->\n<title>3 pistes pour favoriser un environnement de travail positif<\/title>\n<meta name=\"description\" content=\"Les cadres de travail toxiques impactent l\u2019engagement et le bien-\u00eatre de vos \u00e9quipes. Comment d\u00e9velopper un environnement de travail positif ?\" \/>\n<meta name=\"robots\" content=\"index, follow, max-snippet:-1, max-image-preview:large, max-video-preview:-1\" \/>\n<link rel=\"canonical\" href=\"https:\/\/www.wojo.com\/blog\/fr\/la-boite-a-outils\/contre-labsenteisme-moral-creez-un-environnement-de-travail-positif\/\" \/>\n<meta property=\"og:locale\" content=\"fr_FR\" \/>\n<meta property=\"og:type\" content=\"article\" \/>\n<meta property=\"og:title\" content=\"3 pistes pour favoriser un environnement de travail positif\" \/>\n<meta property=\"og:description\" content=\"Les cadres de travail toxiques impactent l\u2019engagement et le bien-\u00eatre de vos \u00e9quipes. Comment d\u00e9velopper un environnement de travail positif ?\" \/>\n<meta property=\"og:url\" content=\"https:\/\/www.wojo.com\/blog\/fr\/la-boite-a-outils\/contre-labsenteisme-moral-creez-un-environnement-de-travail-positif\/\" \/>\n<meta property=\"og:site_name\" content=\"Blog Wojo\" \/>\n<meta property=\"article:publisher\" content=\"https:\/\/www.facebook.com\/Wojo.coworking\/\" \/>\n<meta property=\"article:published_time\" content=\"2024-01-11T10:44:00+00:00\" \/>\n<meta property=\"article:modified_time\" content=\"2024-01-11T10:46:31+00:00\" \/>\n<meta property=\"og:image\" content=\"https:\/\/www.wojo.com\/blog\/wp-content\/uploads\/2022\/06\/Environnement-de-travail-positif-1-scaled.jpg\" \/>\n\t<meta property=\"og:image:width\" content=\"2560\" \/>\n\t<meta property=\"og:image:height\" content=\"1772\" \/>\n\t<meta property=\"og:image:type\" content=\"image\/jpeg\" \/>\n<meta name=\"author\" content=\"Wojo\" \/>\n<meta name=\"twitter:card\" content=\"summary_large_image\" \/>\n<meta name=\"twitter:creator\" content=\"@Wojo_co\" \/>\n<meta name=\"twitter:site\" content=\"@Wojo_co\" \/>\n<meta name=\"twitter:label1\" content=\"\u00c9crit par\" \/>\n\t<meta name=\"twitter:data1\" content=\"Wojo\" \/>\n\t<meta name=\"twitter:label2\" content=\"Dur\u00e9e de lecture estim\u00e9e\" \/>\n\t<meta name=\"twitter:data2\" content=\"11 minutes\" \/>\n<script type=\"application\/ld+json\" class=\"yoast-schema-graph\">{\"@context\":\"https:\\\/\\\/schema.org\",\"@graph\":[{\"@type\":\"Article\",\"@id\":\"https:\\\/\\\/www.wojo.com\\\/blog\\\/fr\\\/la-boite-a-outils\\\/contre-labsenteisme-moral-creez-un-environnement-de-travail-positif\\\/#article\",\"isPartOf\":{\"@id\":\"https:\\\/\\\/www.wojo.com\\\/blog\\\/fr\\\/la-boite-a-outils\\\/contre-labsenteisme-moral-creez-un-environnement-de-travail-positif\\\/\"},\"author\":{\"name\":\"Wojo\",\"@id\":\"https:\\\/\\\/www.wojo.com\\\/blog\\\/#\\\/schema\\\/person\\\/52175cfaea09e0d3479bdd89e2993639\"},\"headline\":\"Contre l'absent\u00e9isme moral, cr\u00e9ez un environnement de travail positif\",\"datePublished\":\"2024-01-11T10:44:00+00:00\",\"dateModified\":\"2024-01-11T10:46:31+00:00\",\"mainEntityOfPage\":{\"@id\":\"https:\\\/\\\/www.wojo.com\\\/blog\\\/fr\\\/la-boite-a-outils\\\/contre-labsenteisme-moral-creez-un-environnement-de-travail-positif\\\/\"},\"wordCount\":2279,\"publisher\":{\"@id\":\"https:\\\/\\\/www.wojo.com\\\/blog\\\/#organization\"},\"image\":{\"@id\":\"https:\\\/\\\/www.wojo.com\\\/blog\\\/fr\\\/la-boite-a-outils\\\/contre-labsenteisme-moral-creez-un-environnement-de-travail-positif\\\/#primaryimage\"},\"thumbnailUrl\":\"https:\\\/\\\/www.wojo.com\\\/blog\\\/wp-content\\\/uploads\\\/2022\\\/06\\\/Environnement-de-travail-positif-1-scaled.jpg\",\"keywords\":[\"Management - FR\",\"QVT\",\"RH - FR\"],\"articleSection\":[\"La bo\u00eete \u00e0 outils\"],\"inLanguage\":\"fr-FR\"},{\"@type\":\"WebPage\",\"@id\":\"https:\\\/\\\/www.wojo.com\\\/blog\\\/fr\\\/la-boite-a-outils\\\/contre-labsenteisme-moral-creez-un-environnement-de-travail-positif\\\/\",\"url\":\"https:\\\/\\\/www.wojo.com\\\/blog\\\/fr\\\/la-boite-a-outils\\\/contre-labsenteisme-moral-creez-un-environnement-de-travail-positif\\\/\",\"name\":\"3 pistes pour favoriser un environnement de travail positif\",\"isPartOf\":{\"@id\":\"https:\\\/\\\/www.wojo.com\\\/blog\\\/#website\"},\"primaryImageOfPage\":{\"@id\":\"https:\\\/\\\/www.wojo.com\\\/blog\\\/fr\\\/la-boite-a-outils\\\/contre-labsenteisme-moral-creez-un-environnement-de-travail-positif\\\/#primaryimage\"},\"image\":{\"@id\":\"https:\\\/\\\/www.wojo.com\\\/blog\\\/fr\\\/la-boite-a-outils\\\/contre-labsenteisme-moral-creez-un-environnement-de-travail-positif\\\/#primaryimage\"},\"thumbnailUrl\":\"https:\\\/\\\/www.wojo.com\\\/blog\\\/wp-content\\\/uploads\\\/2022\\\/06\\\/Environnement-de-travail-positif-1-scaled.jpg\",\"datePublished\":\"2024-01-11T10:44:00+00:00\",\"dateModified\":\"2024-01-11T10:46:31+00:00\",\"description\":\"Les cadres de travail toxiques impactent l\u2019engagement et le bien-\u00eatre de vos \u00e9quipes. Comment d\u00e9velopper un environnement de travail positif ?\",\"breadcrumb\":{\"@id\":\"https:\\\/\\\/www.wojo.com\\\/blog\\\/fr\\\/la-boite-a-outils\\\/contre-labsenteisme-moral-creez-un-environnement-de-travail-positif\\\/#breadcrumb\"},\"inLanguage\":\"fr-FR\",\"potentialAction\":[{\"@type\":\"ReadAction\",\"target\":[\"https:\\\/\\\/www.wojo.com\\\/blog\\\/fr\\\/la-boite-a-outils\\\/contre-labsenteisme-moral-creez-un-environnement-de-travail-positif\\\/\"]}]},{\"@type\":\"ImageObject\",\"inLanguage\":\"fr-FR\",\"@id\":\"https:\\\/\\\/www.wojo.com\\\/blog\\\/fr\\\/la-boite-a-outils\\\/contre-labsenteisme-moral-creez-un-environnement-de-travail-positif\\\/#primaryimage\",\"url\":\"https:\\\/\\\/www.wojo.com\\\/blog\\\/wp-content\\\/uploads\\\/2022\\\/06\\\/Environnement-de-travail-positif-1-scaled.jpg\",\"contentUrl\":\"https:\\\/\\\/www.wojo.com\\\/blog\\\/wp-content\\\/uploads\\\/2022\\\/06\\\/Environnement-de-travail-positif-1-scaled.jpg\",\"width\":2560,\"height\":1772},{\"@type\":\"BreadcrumbList\",\"@id\":\"https:\\\/\\\/www.wojo.com\\\/blog\\\/fr\\\/la-boite-a-outils\\\/contre-labsenteisme-moral-creez-un-environnement-de-travail-positif\\\/#breadcrumb\",\"itemListElement\":[{\"@type\":\"ListItem\",\"position\":1,\"name\":\"Accueil\",\"item\":\"https:\\\/\\\/www.wojo.com\\\/blog\\\/fr\\\/\"},{\"@type\":\"ListItem\",\"position\":2,\"name\":\"La bo\u00eete \u00e0 outils\",\"item\":\"https:\\\/\\\/www.wojo.com\\\/blog\\\/fr\\\/category\\\/la-boite-a-outils\\\/\"},{\"@type\":\"ListItem\",\"position\":3,\"name\":\"Contre l'absent\u00e9isme moral, cr\u00e9ez un environnement de travail positif\"}]},{\"@type\":\"WebSite\",\"@id\":\"https:\\\/\\\/www.wojo.com\\\/blog\\\/#website\",\"url\":\"https:\\\/\\\/www.wojo.com\\\/blog\\\/\",\"name\":\"Blog Wojo\",\"description\":\"Work. Share. Live.\",\"publisher\":{\"@id\":\"https:\\\/\\\/www.wojo.com\\\/blog\\\/#organization\"},\"potentialAction\":[{\"@type\":\"SearchAction\",\"target\":{\"@type\":\"EntryPoint\",\"urlTemplate\":\"https:\\\/\\\/www.wojo.com\\\/blog\\\/?s={search_term_string}\"},\"query-input\":{\"@type\":\"PropertyValueSpecification\",\"valueRequired\":true,\"valueName\":\"search_term_string\"}}],\"inLanguage\":\"fr-FR\"},{\"@type\":\"Organization\",\"@id\":\"https:\\\/\\\/www.wojo.com\\\/blog\\\/#organization\",\"name\":\"Wojo\",\"url\":\"https:\\\/\\\/www.wojo.com\\\/blog\\\/\",\"logo\":{\"@type\":\"ImageObject\",\"inLanguage\":\"fr-FR\",\"@id\":\"https:\\\/\\\/www.wojo.com\\\/blog\\\/#\\\/schema\\\/logo\\\/image\\\/\",\"url\":\"\",\"contentUrl\":\"\",\"caption\":\"Wojo\"},\"image\":{\"@id\":\"https:\\\/\\\/www.wojo.com\\\/blog\\\/#\\\/schema\\\/logo\\\/image\\\/\"},\"sameAs\":[\"https:\\\/\\\/www.facebook.com\\\/Wojo.coworking\\\/\",\"https:\\\/\\\/x.com\\\/Wojo_co\",\"https:\\\/\\\/instagram.com\\\/wojo_co\\\/\",\"https:\\\/\\\/www.linkedin.com\\\/company\\\/wojo-co\\\/\",\"https:\\\/\\\/www.youtube.com\\\/channel\\\/UCorVBPUgSsTQ3zUR9CYSp8Q\"]},{\"@type\":\"Person\",\"@id\":\"https:\\\/\\\/www.wojo.com\\\/blog\\\/#\\\/schema\\\/person\\\/52175cfaea09e0d3479bdd89e2993639\",\"name\":\"Wojo\"}]}<\/script>\n<!-- \/ Yoast SEO plugin. -->","yoast_head_json":{"title":"3 pistes pour favoriser un environnement de travail positif","description":"Les cadres de travail toxiques impactent l\u2019engagement et le bien-\u00eatre de vos \u00e9quipes. Comment d\u00e9velopper un environnement de travail positif ?","robots":{"index":"index","follow":"follow","max-snippet":"max-snippet:-1","max-image-preview":"max-image-preview:large","max-video-preview":"max-video-preview:-1"},"canonical":"https:\/\/www.wojo.com\/blog\/fr\/la-boite-a-outils\/contre-labsenteisme-moral-creez-un-environnement-de-travail-positif\/","og_locale":"fr_FR","og_type":"article","og_title":"3 pistes pour favoriser un environnement de travail positif","og_description":"Les cadres de travail toxiques impactent l\u2019engagement et le bien-\u00eatre de vos \u00e9quipes. Comment d\u00e9velopper un environnement de travail positif ?","og_url":"https:\/\/www.wojo.com\/blog\/fr\/la-boite-a-outils\/contre-labsenteisme-moral-creez-un-environnement-de-travail-positif\/","og_site_name":"Blog Wojo","article_publisher":"https:\/\/www.facebook.com\/Wojo.coworking\/","article_published_time":"2024-01-11T10:44:00+00:00","article_modified_time":"2024-01-11T10:46:31+00:00","og_image":[{"width":2560,"height":1772,"url":"https:\/\/www.wojo.com\/blog\/wp-content\/uploads\/2022\/06\/Environnement-de-travail-positif-1-scaled.jpg","type":"image\/jpeg"}],"author":"Wojo","twitter_card":"summary_large_image","twitter_creator":"@Wojo_co","twitter_site":"@Wojo_co","twitter_misc":{"\u00c9crit par":"Wojo","Dur\u00e9e de lecture estim\u00e9e":"11 minutes"},"schema":{"@context":"https:\/\/schema.org","@graph":[{"@type":"Article","@id":"https:\/\/www.wojo.com\/blog\/fr\/la-boite-a-outils\/contre-labsenteisme-moral-creez-un-environnement-de-travail-positif\/#article","isPartOf":{"@id":"https:\/\/www.wojo.com\/blog\/fr\/la-boite-a-outils\/contre-labsenteisme-moral-creez-un-environnement-de-travail-positif\/"},"author":{"name":"Wojo","@id":"https:\/\/www.wojo.com\/blog\/#\/schema\/person\/52175cfaea09e0d3479bdd89e2993639"},"headline":"Contre l'absent\u00e9isme moral, cr\u00e9ez un environnement de travail positif","datePublished":"2024-01-11T10:44:00+00:00","dateModified":"2024-01-11T10:46:31+00:00","mainEntityOfPage":{"@id":"https:\/\/www.wojo.com\/blog\/fr\/la-boite-a-outils\/contre-labsenteisme-moral-creez-un-environnement-de-travail-positif\/"},"wordCount":2279,"publisher":{"@id":"https:\/\/www.wojo.com\/blog\/#organization"},"image":{"@id":"https:\/\/www.wojo.com\/blog\/fr\/la-boite-a-outils\/contre-labsenteisme-moral-creez-un-environnement-de-travail-positif\/#primaryimage"},"thumbnailUrl":"https:\/\/www.wojo.com\/blog\/wp-content\/uploads\/2022\/06\/Environnement-de-travail-positif-1-scaled.jpg","keywords":["Management - FR","QVT","RH - FR"],"articleSection":["La bo\u00eete \u00e0 outils"],"inLanguage":"fr-FR"},{"@type":"WebPage","@id":"https:\/\/www.wojo.com\/blog\/fr\/la-boite-a-outils\/contre-labsenteisme-moral-creez-un-environnement-de-travail-positif\/","url":"https:\/\/www.wojo.com\/blog\/fr\/la-boite-a-outils\/contre-labsenteisme-moral-creez-un-environnement-de-travail-positif\/","name":"3 pistes pour favoriser un environnement de travail positif","isPartOf":{"@id":"https:\/\/www.wojo.com\/blog\/#website"},"primaryImageOfPage":{"@id":"https:\/\/www.wojo.com\/blog\/fr\/la-boite-a-outils\/contre-labsenteisme-moral-creez-un-environnement-de-travail-positif\/#primaryimage"},"image":{"@id":"https:\/\/www.wojo.com\/blog\/fr\/la-boite-a-outils\/contre-labsenteisme-moral-creez-un-environnement-de-travail-positif\/#primaryimage"},"thumbnailUrl":"https:\/\/www.wojo.com\/blog\/wp-content\/uploads\/2022\/06\/Environnement-de-travail-positif-1-scaled.jpg","datePublished":"2024-01-11T10:44:00+00:00","dateModified":"2024-01-11T10:46:31+00:00","description":"Les cadres de travail toxiques impactent l\u2019engagement et le bien-\u00eatre de vos \u00e9quipes. Comment d\u00e9velopper un environnement de travail positif ?","breadcrumb":{"@id":"https:\/\/www.wojo.com\/blog\/fr\/la-boite-a-outils\/contre-labsenteisme-moral-creez-un-environnement-de-travail-positif\/#breadcrumb"},"inLanguage":"fr-FR","potentialAction":[{"@type":"ReadAction","target":["https:\/\/www.wojo.com\/blog\/fr\/la-boite-a-outils\/contre-labsenteisme-moral-creez-un-environnement-de-travail-positif\/"]}]},{"@type":"ImageObject","inLanguage":"fr-FR","@id":"https:\/\/www.wojo.com\/blog\/fr\/la-boite-a-outils\/contre-labsenteisme-moral-creez-un-environnement-de-travail-positif\/#primaryimage","url":"https:\/\/www.wojo.com\/blog\/wp-content\/uploads\/2022\/06\/Environnement-de-travail-positif-1-scaled.jpg","contentUrl":"https:\/\/www.wojo.com\/blog\/wp-content\/uploads\/2022\/06\/Environnement-de-travail-positif-1-scaled.jpg","width":2560,"height":1772},{"@type":"BreadcrumbList","@id":"https:\/\/www.wojo.com\/blog\/fr\/la-boite-a-outils\/contre-labsenteisme-moral-creez-un-environnement-de-travail-positif\/#breadcrumb","itemListElement":[{"@type":"ListItem","position":1,"name":"Accueil","item":"https:\/\/www.wojo.com\/blog\/fr\/"},{"@type":"ListItem","position":2,"name":"La bo\u00eete \u00e0 outils","item":"https:\/\/www.wojo.com\/blog\/fr\/category\/la-boite-a-outils\/"},{"@type":"ListItem","position":3,"name":"Contre l'absent\u00e9isme moral, cr\u00e9ez un environnement de travail positif"}]},{"@type":"WebSite","@id":"https:\/\/www.wojo.com\/blog\/#website","url":"https:\/\/www.wojo.com\/blog\/","name":"Blog Wojo","description":"Work. Share. Live.","publisher":{"@id":"https:\/\/www.wojo.com\/blog\/#organization"},"potentialAction":[{"@type":"SearchAction","target":{"@type":"EntryPoint","urlTemplate":"https:\/\/www.wojo.com\/blog\/?s={search_term_string}"},"query-input":{"@type":"PropertyValueSpecification","valueRequired":true,"valueName":"search_term_string"}}],"inLanguage":"fr-FR"},{"@type":"Organization","@id":"https:\/\/www.wojo.com\/blog\/#organization","name":"Wojo","url":"https:\/\/www.wojo.com\/blog\/","logo":{"@type":"ImageObject","inLanguage":"fr-FR","@id":"https:\/\/www.wojo.com\/blog\/#\/schema\/logo\/image\/","url":"","contentUrl":"","caption":"Wojo"},"image":{"@id":"https:\/\/www.wojo.com\/blog\/#\/schema\/logo\/image\/"},"sameAs":["https:\/\/www.facebook.com\/Wojo.coworking\/","https:\/\/x.com\/Wojo_co","https:\/\/instagram.com\/wojo_co\/","https:\/\/www.linkedin.com\/company\/wojo-co\/","https:\/\/www.youtube.com\/channel\/UCorVBPUgSsTQ3zUR9CYSp8Q"]},{"@type":"Person","@id":"https:\/\/www.wojo.com\/blog\/#\/schema\/person\/52175cfaea09e0d3479bdd89e2993639","name":"Wojo"}]}},"_links":{"self":[{"href":"https:\/\/www.wojo.com\/blog\/wp-json\/wp\/v2\/posts\/49411","targetHints":{"allow":["GET"]}}],"collection":[{"href":"https:\/\/www.wojo.com\/blog\/wp-json\/wp\/v2\/posts"}],"about":[{"href":"https:\/\/www.wojo.com\/blog\/wp-json\/wp\/v2\/types\/post"}],"author":[{"embeddable":true,"href":"https:\/\/www.wojo.com\/blog\/wp-json\/wp\/v2\/users\/1"}],"replies":[{"embeddable":true,"href":"https:\/\/www.wojo.com\/blog\/wp-json\/wp\/v2\/comments?post=49411"}],"version-history":[{"count":0,"href":"https:\/\/www.wojo.com\/blog\/wp-json\/wp\/v2\/posts\/49411\/revisions"}],"wp:featuredmedia":[{"embeddable":true,"href":"https:\/\/www.wojo.com\/blog\/wp-json\/wp\/v2\/media\/49414"}],"wp:attachment":[{"href":"https:\/\/www.wojo.com\/blog\/wp-json\/wp\/v2\/media?parent=49411"}],"wp:term":[{"taxonomy":"category","embeddable":true,"href":"https:\/\/www.wojo.com\/blog\/wp-json\/wp\/v2\/categories?post=49411"},{"taxonomy":"post_tag","embeddable":true,"href":"https:\/\/www.wojo.com\/blog\/wp-json\/wp\/v2\/tags?post=49411"}],"curies":[{"name":"wp","href":"https:\/\/api.w.org\/{rel}","templated":true}]}}