{"id":50901,"date":"2022-10-10T15:11:21","date_gmt":"2022-10-10T13:11:21","guid":{"rendered":"https:\/\/www.wojo.com\/blog\/?p=50901"},"modified":"2023-01-11T21:06:15","modified_gmt":"2023-01-11T20:06:15","slug":"mobilite-professionnelle-nouvelles-regles-du-jeu","status":"publish","type":"post","link":"https:\/\/www.wojo.com\/blog\/fr\/la-boite-a-outils\/mobilite-professionnelle-nouvelles-regles-du-jeu\/","title":{"rendered":"Mobilit\u00e9 professionnelle\u00a0: les nouvelles r\u00e8gles du jeu"},"content":{"rendered":"<p><!-- wp:paragraph --><\/p>\n<p><strong>La mobilit\u00e9 professionnelle recouvre de nombreux enjeux&nbsp;: g\u00e9ographique, interne, externe\u2026 dessinant des parcours professionnels propres \u00e0 chacun. Entre chambardement post crise sanitaire et nouvelles attentes des collaborateurs en termes de flexibilit\u00e9, le march\u00e9 du travail s\u2019adapte afin de proposer de nouvelles organisations du travail. Vue d\u2019ensemble des opportunit\u00e9s sur ce sujet, et zoom sur la n\u00e9cessit\u00e9 de mettre en place des mesures d\u2019accompagnement \u00e0 la mobilit\u00e9.<\/strong><\/p>\n<p><!-- \/wp:paragraph --><\/p>\n<p><!-- wp:heading --><\/p>\n<h2>Les d\u00e9finitions de la mobilit\u00e9 professionnelle<\/h2>\n<p><!-- \/wp:heading --><\/p>\n<p><!-- wp:paragraph --><\/p>\n<p>Il n\u2019existe pas une mais plusieurs mobilit\u00e9s professionnelles derri\u00e8re un terme unique&nbsp;:<\/p>\n<p><!-- \/wp:paragraph --><\/p>\n<p><!-- wp:list --><\/p>\n<ul>\n<li>La <strong>mobilit\u00e9 professionnelle g\u00e9ographique<\/strong><\/li>\n<li>La <strong>mobilit\u00e9 professionnelle interne<\/strong><\/li>\n<li>La <strong>mobilit\u00e9 professionnelle externe,<\/strong> vers une autre entreprise<\/li>\n<\/ul>\n<p><!-- \/wp:list --><\/p>\n<p><!-- wp:paragraph --><\/p>\n<p>Un sc\u00e9nario pouvant se combiner \u00e0 un autre, comme par exemple une mobilit\u00e9 professionnelle g\u00e9ographique engendr\u00e9e par une mobilit\u00e9 interne, ou une mobilit\u00e9 externe qui n\u00e9cessite un changement de r\u00e9gion. On parle aussi de mobilit\u00e9 pour \u00e9voquer la capacit\u00e9 d\u2019un travailleur \u00e0 s\u2019\u00e9loigner de son lieu principal de travail, ou \u00e0 changer de lieu principal de travail en fonction de son plan de carri\u00e8re, et\/ou de ses contraintes personnelles.<\/p>\n<p><!-- \/wp:paragraph --><\/p>\n<p><!-- wp:heading {\"level\":3} --><\/p>\n<h3>Mobilit\u00e9 professionnelle interne ou externe<\/h3>\n<p><!-- \/wp:heading --><\/p>\n<p><!-- wp:paragraph --><\/p>\n<p>La premi\u00e8re implique un <strong>changement de poste au sein de son entreprise actuelle<\/strong>, de mani\u00e8re temporaire (fluctuation d\u2019activit\u00e9) ou d\u00e9finitive (mutation). Elle est pilot\u00e9e par les ressources humaines et le management du collaborateur, afin de r\u00e9pondre aux besoins de l\u2019entreprise comme aux attentes du salari\u00e9.&nbsp;Elle peut s\u2019inscrire dans une politique territoriale de l\u2019entreprise cherchant \u00e0 d\u00e9velopper sa pr\u00e9sence dans une nouvelle zone g\u00e9ographique. Elle s\u2019accompagne parfois de besoins de formation, par exemple quand un collaborateur \u00e9volue vers un nouveau m\u00e9tier ou gagne en responsabilit\u00e9s.<\/p>\n<p>La deuxi\u00e8me implique une <strong>prise de poste dans une autre entreprise, <\/strong>afin de diversifier son exp\u00e9rience professionnelle ou prendre une nouvelle orientation professionnelle. <\/p>\n<p>Les deux peuvent s\u2019accompagner d\u2019une <strong>mobilit\u00e9 g\u00e9ographique<\/strong> pour se rapprocher de son nouveau poste. &nbsp;<\/p>\n<p><!-- \/wp:paragraph --><\/p>\n<p><!-- wp:paragraph --><\/p>\n<p>La mobilit\u00e9 professionnelle est un <strong>enjeu de r\u00e9tention et d\u2019exp\u00e9rience collaborateur<\/strong>, autant dans les entreprises priv\u00e9es que dans la fonction publique.<\/p>\n<p><!-- \/wp:paragraph --><\/p>\n<p><!-- wp:heading {\"level\":3} --><\/p>\n<h3>Mobilit\u00e9 professionnelle g\u00e9ographique<\/h3>\n<p><!-- \/wp:heading --><\/p>\n<p><!-- wp:paragraph --><\/p>\n<p>La mobilit\u00e9 professionnelle g\u00e9ographique d\u00e9crit plut\u00f4t la <strong>capacit\u00e9 d\u2019un travailleur \u00e0 changer de lieu d\u2019habitation<\/strong>.<strong> Soit pour se rapprocher d\u2019un poste, soit pour faire des allers-retours entre la r\u00e9gion o\u00f9 il vit et celle o\u00f9 il travaille<\/strong>.<\/p>\n<p><!-- \/wp:paragraph --><\/p>\n<p><!-- wp:paragraph --><\/p>\n<p>Depuis la crise sanitaire, l\u2019essor du t\u00e9l\u00e9travail a d\u00e9cupl\u00e9 ce ph\u00e9nom\u00e8ne et encourag\u00e9 de nombreux salari\u00e9s \u00e0 mettre en place une mobilit\u00e9 g\u00e9ographique sous forme de trajets r\u00e9guliers (hebdomadaires, bimensuels, etc.) entre leur domicile (\u00e9loign\u00e9 du bureau) et un espace de bureau (si\u00e8ge ou espace de coworking \u00e0 proximit\u00e9 pour travailler dans de bonnes conditions).<\/p>\n<p><!-- \/wp:paragraph --><\/p>\n<p><!-- wp:paragraph --><\/p>\n<p>Cette <strong>mobilit\u00e9 g\u00e9ographique peut \u00eatre demand\u00e9e par le salari\u00e9, en lien ou pas<\/strong> <strong>avec l\u2019\u00e9volution de sa carri\u00e8re et sa situation professionnelle, <\/strong>par exemple lors d\u2019un entretien de carri\u00e8re<strong>.<\/strong> Le collaborateur formalise ses attentes sur son parcours professionnel. II propose des modalit\u00e9s d\u2019organisation de cette mobilit\u00e9&nbsp;si elle implique un \u00e9loignement de son lieu de travail :<\/p>\n<p><!-- \/wp:paragraph --><\/p>\n<p><!-- wp:list --><\/p>\n<ul>\n<li>nombre de jours de pr\u00e9sence au bureau,<\/li>\n<li>mise \u00e0 disposition d\u2019un espace de coworking sur son nouveau lieu de r\u00e9sidence,<\/li>\n<li>prise en charge de tout ou partie du co\u00fbt du transport entre son nouveau domicile et le bureau, etc.<\/li>\n<\/ul>\n<p><!-- \/wp:list --><\/p>\n<p><!-- wp:buttons --><\/p>\n<div class=\"wp-block-buttons\"><!-- wp:button {\"backgroundColor\":\"vivid-cyan-blue\",\"align\":\"center\"} --><\/p>\n<div class=\"wp-block-button aligncenter\"><a class=\"wp-block-button__link has-vivid-cyan-blue-background-color has-background\" href=\"https:\/\/calendly.com\/wojo-hub-fr\/blog?month=2022-03\" target=\"_blank\" rel=\"noreferrer noopener\">Besoin de travailler dans de bonnes conditions en dehors du bureau ? Parlons-en !<\/a><\/div>\n<p><!-- \/wp:button --><\/div>\n<p><!-- \/wp:buttons --><\/p>\n<p><!-- wp:heading --><\/p>\n<h2>Quelques chiffres cl\u00e9s de la mobilit\u00e9 professionnelle<\/h2>\n<p><!-- \/wp:heading --><\/p>\n<p><!-- wp:paragraph --><\/p>\n<p>Selon l\u2019<a href=\"https:\/\/www.manouvelleville.fr\/observatoire-de-la-mobilite-professionnelle-et-geographique-trois-chiffres-a-retenir\/\" target=\"_blank\" rel=\"noreferrer noopener\">Observatoire de la mobilit\u00e9 professionnelle et g\u00e9ographique<\/a>, <strong>1 salari\u00e9 sur deux a d\u00e9j\u00e0 refus\u00e9 une offre d\u2019emploi pour cause d\u2019\u00e9loignement g\u00e9ographique<\/strong>.<strong> 29 % des dirigeants ont abandonn\u00e9 le recrutement d\u2019un candidat en raison de son \u00e9loignement<\/strong>. Des chiffres qui montrent que la distance entre un employeur et ses \u00e9quipes constitue encore un frein, m\u00eame si cette tendance \u00e9volue depuis la crise sanitaire.<\/p>\n<p><!-- \/wp:paragraph --><\/p>\n<p><!-- wp:paragraph --><\/p>\n<p>C\u00f4t\u00e9 attente des salari\u00e9s, l\u2019Observatoire note aussi que 80 % attendent de leur entreprise un accompagnement \u00e0 la mobilit\u00e9 :<\/p>\n<p><!-- \/wp:paragraph --><\/p>\n<p><!-- wp:paragraph --><\/p>\n<p>&#x1f449;Aide financi\u00e8re<\/p>\n<p><!-- \/wp:paragraph --><\/p>\n<p><!-- wp:paragraph --><\/p>\n<p>&#x1f449;Recherche d\u2019un logement<\/p>\n<p><!-- \/wp:paragraph --><\/p>\n<p><!-- wp:paragraph --><\/p>\n<p>&#x1f449;Contraintes administratives (inscription \u00e9cole, changement d\u2019emploi pour le conjoint, etc.)<\/p>\n<p><!-- \/wp:paragraph --><\/p>\n<p><!-- wp:paragraph --><\/p>\n<p>&#x1f449;Contraintes humaines (\u00e9loignement des proches, nouveau cadre de vie \u00e0 construire)<\/p>\n<p><!-- \/wp:paragraph --><\/p>\n<p><!-- wp:paragraph --><\/p>\n<p>Le t\u00e9l\u00e9travail joue un r\u00f4le cl\u00e9 dans l\u2019\u00e9volution r\u00e9cente de la mobilit\u00e9 professionnelle. Une \u00e9tude men\u00e9e par <a href=\"https:\/\/dares.travail-emploi.gouv.fr\/sites\/default\/files\/f0a31a0cd4699dba6db90991b9b9abc7\/Dares-Analyses_Mobilites-geographiques-des%20salaries.pdf\" target=\"_blank\" rel=\"noreferrer noopener\">la Dares<\/a> (publication mai 2022) sur la mobilit\u00e9 professionnelle montre que <strong>les m\u00e9tiers pratiquant le plus le t\u00e9l\u00e9travail contribuent pour les deux tiers \u00e0 la hausse des d\u00e9parts des m\u00e9tropoles<\/strong> au-del\u00e0 de 100 km entre avril 2020 et avril 2021, et en particulier des habitants d\u2019\u00cele-de-France.<\/p>\n<p><!-- \/wp:paragraph --><\/p>\n<p><!-- wp:image {\"align\":\"center\",\"id\":50902,\"width\":497,\"height\":353,\"sizeSlug\":\"full\",\"linkDestination\":\"none\"} --><\/p>\n<figure class=\"wp-block-image aligncenter size-full is-resized\"><img src=\"https:\/\/www.wojo.com\/blog\/wp-content\/uploads\/2022\/10\/Graphique-contribution-teletravail-departs-metropoles.png\" alt=\"\" class=\"wp-image-50902\" width=\"497\" height=\"353\"\/><\/figure>\n<p><!-- \/wp:image --><\/p>\n<p><!-- wp:paragraph --><\/p>\n<p><em>Source&nbsp;: Dares<\/em><\/p>\n<p><!-- \/wp:paragraph --><\/p>\n<p><!-- wp:heading --><\/p>\n<h2>Les opportunit\u00e9s li\u00e9es \u00e0 la mobilit\u00e9 professionnelle<\/h2>\n<p><!-- \/wp:heading --><\/p>\n<p><!-- wp:paragraph --><\/p>\n<p>Les nouveaux outils collaboratifs et num\u00e9riques ont aboli de nombreux freins manag\u00e9riaux et organisationnels. Les entreprises peuvent <strong>d\u00e9sormais \u00e9largir leur bassin de recrutement, et fid\u00e9liser leurs talents<\/strong> en leur offrant des possibilit\u00e9s d\u2019\u00e9volution internes et\/ou g\u00e9ographiques qui viendront am\u00e9liorer leur bien-\u00eatre et leur qualit\u00e9 de vie au travail. Sans oublier <strong>la diminution de l\u2019empreinte carbone de l\u2019entreprise&nbsp;avec la r\u00e9duction des trajets entre le domicile et le bureau<\/strong>.<\/p>\n<p><!-- \/wp:paragraph --><\/p>\n<p><!-- wp:heading {\"level\":3} --><\/p>\n<h3>C\u00f4t\u00e9 collaborateurs<\/h3>\n<p><!-- \/wp:heading --><\/p>\n<p><!-- wp:paragraph --><\/p>\n<p>La mobilit\u00e9 professionnelle donne <strong>les moyens \u00e0 chaque collaborateur de devenir acteur de sa r\u00e9ussite et de son \u00e9volution professionnelle<\/strong>, tout en choisissant, s'il le souhaite, un cadre de vie qui lui convient mieux que l\u2019actuel. Elle s\u2019inscrit dans un plan d\u2019actions global qui d\u00e9finit un parcours professionnel, bas\u00e9 sur des objectifs \u00e0 court, moyen et long terme.<\/p>\n<p><!-- \/wp:paragraph --><\/p>\n<p><!-- wp:heading {\"level\":3} --><\/p>\n<h3>C\u00f4t\u00e9 employeurs<\/h3>\n<p><!-- \/wp:heading --><\/p>\n<p><!-- wp:paragraph --><\/p>\n<p>Dans les entreprises, la mobilit\u00e9 est devenue <strong>un enjeu majeur en termes de flexibilit\u00e9, de gestion des talents, de d\u00e9veloppement des carri\u00e8res<\/strong> des salari\u00e9s, et in fine, d\u2019attractivit\u00e9 sur le march\u00e9 de l\u2019emploi. Favoriser la mobilit\u00e9 est un atout pour attirer des travailleurs qui ne con\u00e7oivent plus leur carri\u00e8re de mani\u00e8re lin\u00e9aire. Cette politique de mobilit\u00e9 interne doit s\u2019appuyer sur une gestion pr\u00e9visionnelle de l\u2019emploi et un plan de d\u00e9veloppement des comp\u00e9tences construit par la Drh et son \u00e9quipe.<\/p>\n<p><!-- \/wp:paragraph --><\/p>\n<p><!-- wp:paragraph --><\/p>\n<p>Pourtant, <strong>seules 26 % des entreprises, selon l\u2019Observatoire de la mobilit\u00e9 professionnelle et g\u00e9ographique, font de la mobilit\u00e9 g\u00e9ographique un enjeu prioritaire<\/strong>. La majorit\u00e9 est n\u00e9anmoins consciente que la mobilit\u00e9 professionnelle et g\u00e9ographique des salari\u00e9s est un outil important de gestion et de management renfor\u00e7ant leur attractivit\u00e9 et leur marque employeur.<\/p>\n<p><!-- \/wp:paragraph --><\/p>\n<p><!-- wp:buttons {\"layout\":{\"type\":\"flex\",\"justifyContent\":\"center\"}} --><\/p>\n<div class=\"wp-block-buttons\"><!-- wp:button {\"backgroundColor\":\"vivid-cyan-blue\"} --><\/p>\n<div class=\"wp-block-button\"><a class=\"wp-block-button__link has-vivid-cyan-blue-background-color has-background\" href=\"https:\/\/calendly.com\/wojo-hub-fr\/blog?month=2022-03\">\u00c9changer avec un expert Wojo sur nos solutions de bureaux flexibles<\/a><\/div>\n<p><!-- \/wp:button --><\/div>\n<p><!-- \/wp:buttons --><\/p>\n<p><!-- wp:heading --><\/p>\n<h2>Quel cadre l\u00e9gal pour la mobilit\u00e9 g\u00e9ographique&nbsp;?<\/h2>\n<p><!-- \/wp:heading --><\/p>\n<p><!-- wp:heading {\"level\":3} --><\/p>\n<h3>Du fait de l\u2019entreprise<\/h3>\n<p><!-- \/wp:heading --><\/p>\n<p><!-- wp:paragraph --><\/p>\n<p><strong>Le droit du travail pr\u00e9voit que le contrat de travail ou la convention collective int\u00e8gre, si l\u2019employeur le souhaite, une clause de mobilit\u00e9<\/strong>. Elle pr\u00e9voit \u00e0 l\u2019avance que le salari\u00e9 accepte une modification de son lieu de travail. Il est alors tenu d\u2019accepter la mobilit\u00e9 demand\u00e9e par l\u2019entreprise.<\/p>\n<p><!-- \/wp:paragraph --><\/p>\n<p><!-- wp:heading {\"level\":3} --><\/p>\n<h3>Du fait du collaborateur<\/h3>\n<p><!-- \/wp:heading --><\/p>\n<p><!-- wp:paragraph --><\/p>\n<p>Un salari\u00e9 peut exprimer <strong>un souhait de mobilit\u00e9 en ayant recours au t\u00e9l\u00e9travail<\/strong>, mais rien ne l\u2019oblige dans la loi \u00e0 d\u00e9clarer un d\u00e9m\u00e9nagement \u00e0 son employeur (sauf si vous partez \u00e0 l\u2019\u00e9tranger). Mais attention \u00e0 ne pas s\u2019exposer \u00e0 des absences ou des retards qui constitueraient une faute, dans l\u2019hypoth\u00e8se o\u00f9 les r\u00e8gles du t\u00e9l\u00e9travail viendraient \u00e0 \u00e9voluer dans l\u2019entreprise.<\/p>\n<p><!-- \/wp:paragraph --><\/p>\n<p><!-- wp:paragraph --><\/p>\n<p>Bon \u00e0 savoir&nbsp;:<\/p>\n<p><!-- \/wp:paragraph --><\/p>\n<p><!-- wp:paragraph --><\/p>\n<p>&#x1f9d0;Un collaborateur qui a choisi de s\u2019\u00e9loigner de son lieu de travail ne peut pas exiger davantage de jours de t\u00e9l\u00e9travail.<\/p>\n<p><!-- \/wp:paragraph --><\/p>\n<p><!-- wp:paragraph --><\/p>\n<p>&#x1f9d0;Il peut en revanche n\u00e9gocier de nouvelles conditions de travail, comme un recours accru au t\u00e9l\u00e9travail, la prise en charge par son employeur d\u2019un abonnement dans un espace de coworking, et pourquoi pas une partie des frais de transports entre l\u2019entreprise et le domicile.<\/p>\n<p><!-- \/wp:paragraph --><\/p>\n<p><!-- wp:buttons --><\/p>\n<div class=\"wp-block-buttons\"><!-- wp:button {\"backgroundColor\":\"vivid-cyan-blue\",\"align\":\"center\"} --><\/p>\n<div class=\"wp-block-button aligncenter\"><a class=\"wp-block-button__link has-vivid-cyan-blue-background-color has-background\" href=\"www.wojo.com\/fr-FR\" target=\"_blank\" rel=\"noreferrer noopener\">D\u00e9couvrir nos espaces de travail pr\u00e8s de vous<\/a><\/div>\n<p><!-- \/wp:button --><\/div>\n<p><!-- \/wp:buttons --><\/p>\n<p><!-- wp:paragraph --><\/p>\n<p><em>\u00c0 lire aussi&nbsp;: <a href=\"https:\/\/www.wojo.com\/blog\/fr\/la-boite-a-outils\/2021\/10\/25\/demenager-teletravail-7-questions-a-se-poser-avant\/\" target=\"_blank\" rel=\"noreferrer noopener\">D\u00e9m\u00e9nager gr\u00e2ce au t\u00e9l\u00e9travail, 7 questions \u00e0 se poser avant de sauter le pas&nbsp;!<\/a><\/em><\/p>\n<p><!-- \/wp:paragraph --><\/p>\n<p><!-- wp:heading --><\/p>\n<h2>Quel cadre pour la mobilit\u00e9 professionnelle interne&nbsp;?<\/h2>\n<p><!-- \/wp:heading --><\/p>\n<p><!-- wp:paragraph --><\/p>\n<p><strong>Elle peut \u00eatre demand\u00e9e par l\u2019entreprise, mais le salari\u00e9 n\u2019est pas oblig\u00e9 de l\u2019accepter<\/strong> si cette mobilit\u00e9 n\u2019est pas pr\u00e9vue dans sa convention collective ou son contrat de travail.<\/p>\n<p><!-- \/wp:paragraph --><\/p>\n<p><!-- wp:paragraph --><\/p>\n<p>Certaines entreprises utilisent cet outil pour <strong>d\u00e9velopper la carri\u00e8re de leurs collaborateurs avec des mobilit\u00e9s r\u00e9guli\u00e8res<\/strong> permettant de d\u00e9couvrir de nouveaux m\u00e9tiers, de nouvelles r\u00e9gions et \u00e9quipes, renfor\u00e7ant ainsi l\u2019employabilit\u00e9 des salari\u00e9s. La mobilit\u00e9 accompagne aussi des transitions de carri\u00e8re d\u2019un m\u00e9tier vers un autre.<\/p>\n<p><!-- \/wp:paragraph --><\/p>\n<p><!-- wp:paragraph --><\/p>\n<p>Un collaborateur peut aussi la demander pour convenances professionnelles ou personnelles. Dans les deux cas, cette mobilit\u00e9 doit susciter un \u00e9change sur les nouvelles modalit\u00e9s de travail qu\u2019elle entra\u00eene, et d\u2019\u00e9ventuelles aides pour sa mise en place.<\/p>\n<p><!-- \/wp:paragraph --><\/p>\n<p><!-- wp:image {\"align\":\"center\",\"id\":50904,\"width\":641,\"height\":426,\"sizeSlug\":\"large\",\"linkDestination\":\"none\"} --><\/p>\n<figure class=\"wp-block-image aligncenter size-large is-resized\"><img src=\"https:\/\/www.wojo.com\/blog\/wp-content\/uploads\/2022\/10\/Mobilite-professionnelle-1-1024x683.jpg\" alt=\"\" class=\"wp-image-50904\" width=\"641\" height=\"426\"\/><\/figure>\n<p><!-- \/wp:image --><\/p>\n<p><!-- wp:heading --><\/p>\n<h2>Quelles aides \u00e0 la mobilit\u00e9 professionnelle&nbsp;?<\/h2>\n<p><!-- \/wp:heading --><\/p>\n<p><!-- wp:heading {\"level\":3} --><\/p>\n<h3>Les aides fournies par l\u2019entreprise<\/h3>\n<p><!-- \/wp:heading --><\/p>\n<p><!-- wp:paragraph --><\/p>\n<p>L\u2019entreprise peut apporter <strong>une aide \u00e0 ses collaborateurs dans le cadre de leur mobilit\u00e9 professionnelle et \/ ou g\u00e9ographique, et en faire un atout pour renforcer sa marque employeur<\/strong>&nbsp;:<\/p>\n<p><!-- \/wp:paragraph --><\/p>\n<p><!-- wp:paragraph --><\/p>\n<p>&#x1f4b0;Frais de d\u00e9m\u00e9nagement&nbsp;;<\/p>\n<p><!-- \/wp:paragraph --><\/p>\n<p><!-- wp:paragraph --><\/p>\n<p>&#x1f3e0;Aide \u00e0 la recherche d\u2019un nouveau logement&nbsp;;<\/p>\n<p><!-- \/wp:paragraph --><\/p>\n<p><!-- wp:paragraph --><\/p>\n<p>&#x1f4dd;Aide aux formalit\u00e9s administratives (P\u00f4le Emploi pour conjoint, \u00e9coles des enfants, etc.) ; <\/p>\n<p><!-- \/wp:paragraph --><\/p>\n<p><!-- wp:paragraph --><\/p>\n<p>&#x1f3e2;Prise en charge d\u2019un abonnement en espace de coworking ou d\u2019un bureau privatif d\u00e9di\u00e9 pour y travailler et organiser ses rendez-vous&nbsp;;<\/p>\n<p><!-- \/wp:paragraph --><\/p>\n<p><!-- wp:paragraph --><\/p>\n<p>&#x1f685;Prise en charge d\u2019une partie des frais de transport li\u00e9s \u00e0 la mobilit\u00e9 et \u00e0 d\u2019\u00e9ventuels allers-retours.<\/p>\n<p><!-- \/wp:paragraph --><\/p>\n<p><!-- wp:heading {\"level\":3} --><\/p>\n<h3>L\u2019aide Mobili-Pass\u00ae<\/h3>\n<p><!-- \/wp:heading --><\/p>\n<p><!-- wp:paragraph --><\/p>\n<p>Dans le cadre d\u2019une <strong>mobilit\u00e9 g\u00e9ographique pour une embauche, mutation ou d\u00e9m\u00e9nagement de l\u2019entreprise, l\u2019aide Mobili-Pass\u00ae propos\u00e9e par <a href=\"https:\/\/www.actionlogement.fr\/financement-mobilite\" target=\"_blank\" rel=\"noreferrer noopener\">Action Logement<\/a> couvre certains frais<\/strong>.<\/p>\n<p><!-- \/wp:paragraph --><\/p>\n<p><!-- wp:paragraph --><\/p>\n<p>&#x1f3e0; Frais d\u2019accompagnement \u00e0 la recherche d\u2019un logement en location par l\u2019op\u00e9rateur de votre choix&nbsp;;<\/p>\n<p><!-- \/wp:paragraph --><\/p>\n<p><!-- wp:paragraph --><\/p>\n<p>&#x1f4b0; Une partie des d\u00e9penses li\u00e9es \u00e0 la mobilit\u00e9 (double loyer, frais d\u2019agence, etc.&nbsp;;<\/p>\n<p><!-- \/wp:paragraph --><\/p>\n<p><!-- wp:paragraph --><\/p>\n<p>&#x1f3e0; Frais de mise en vente ou en location de votre logement sur le site de d\u00e9part&nbsp;;<\/p>\n<p><!-- \/wp:paragraph --><\/p>\n<p><!-- wp:paragraph --><\/p>\n<p>&#x1f4b6; Indemnit\u00e9s de remboursement anticip\u00e9 de votre pr\u00eat immobilier ou int\u00e9r\u00eats intercalaires du pr\u00eat relais ;<\/p>\n<p><!-- \/wp:paragraph --><\/p>\n<p><!-- wp:paragraph --><\/p>\n<p>&#x1f3d8;&#xfe0f; Frais d\u2019agence ou de notaire de la signature d\u2019un nouveau bail.<\/p>\n<p><!-- \/wp:paragraph --><\/p>\n<p><!-- wp:paragraph --><\/p>\n<p>Peuvent b\u00e9n\u00e9ficier de cette aide les salari\u00e9s d\u2019entreprises du secteur priv\u00e9 non agricole d\u2019au moins 10 salari\u00e9s, \u00e0 condition que la distance entre l\u2019ancienne et la nouvelle r\u00e9sidence soit sup\u00e9rieure \u00e0 70 km ou 1h15 de temps de transport.<\/p>\n<p><!-- \/wp:paragraph --><\/p>\n<p><!-- wp:paragraph --><\/p>\n<p><strong>La mobilit\u00e9 professionnelle fait aujourd\u2019hui partie int\u00e9grante du d\u00e9veloppement de carri\u00e8re et des outils \u00e0 la disposition des ressources humaines pour co-construire avec les collaborateurs leurs \u00e9volutions professionnelles. Les transformations soci\u00e9tales et manag\u00e9riales li\u00e9es \u00e0 la crise sanitaire ont mis en lumi\u00e8re les attentes des salari\u00e9s quant \u00e0 l\u2019\u00e9volution de leur cadre de vie, sans renoncer \u00e0 un travail qui leur pla\u00eet. Aux entreprises d\u00e9sormais d\u2019accompagner la tendance et de g\u00e9rer la mobilit\u00e9 pour en faire un atout de recrutement et de fid\u00e9lisation&nbsp;!<\/strong><\/p>\n<p><!-- \/wp:paragraph --><\/p>\n<p><!-- wp:buttons --><\/p>\n<div class=\"wp-block-buttons\"><!-- wp:button {\"backgroundColor\":\"vivid-cyan-blue\",\"align\":\"center\"} --><\/p>\n<div class=\"wp-block-button aligncenter\"><a class=\"wp-block-button__link has-vivid-cyan-blue-background-color has-background\" href=\"https:\/\/calendly.com\/wojo-hub-fr\/blog?month=2022-03\" target=\"_blank\" rel=\"noreferrer noopener\">\u00c9changer avec un expert Wojo sur nos solutions d\u2019espace de travail flexibles<\/a><\/div>\n<p><!-- \/wp:button --><\/div>\n<p><!-- \/wp:buttons --><\/p>\n","protected":false},"excerpt":{"rendered":"<p>La mobilit\u00e9 professionnelle recouvre de nombreux enjeux&nbsp;: g\u00e9ographique, interne, externe\u2026 dessinant des parcours professionnels propres \u00e0 chacun. Entre chambardement post crise sanitaire et nouvelles attentes des collaborateurs en termes de flexibilit\u00e9, le march\u00e9 du travail s\u2019adapte afin de proposer de nouvelles organisations du travail. Vue d\u2019ensemble des opportunit\u00e9s sur ce sujet, et zoom sur la [&hellip;]<\/p>\n","protected":false},"author":1,"featured_media":50905,"comment_status":"closed","ping_status":"open","sticky":false,"template":"","format":"standard","meta":{"podcast_url_v2":"","footnotes":""},"categories":[15],"tags":[256,265,285,249,193],"class_list":["post-50901","post","type-post","status-publish","format-standard","has-post-thumbnail","hentry","category-la-boite-a-outils","tag-mobilite","tag-nouveaux-modes-de-travail","tag-qvt","tag-livre-blanc-strategie-rse-fr","tag-teletravail"],"yoast_head":"<!-- This site is optimized with the Yoast SEO plugin v27.4 - https:\/\/yoast.com\/product\/yoast-seo-wordpress\/ -->\n<title>Mobilit\u00e9 professionnelle, les nouvelles r\u00e8gles du jeu<\/title>\n<meta name=\"description\" content=\"La mobilit\u00e9 professionnelle est autant un enjeu pour les travailleurs que pour les entreprises qui cherchent \u00e0 fid\u00e9liser leurs talents.\" \/>\n<meta name=\"robots\" content=\"index, follow, max-snippet:-1, max-image-preview:large, max-video-preview:-1\" \/>\n<link rel=\"canonical\" href=\"https:\/\/www.wojo.com\/blog\/fr\/la-boite-a-outils\/mobilite-professionnelle-nouvelles-regles-du-jeu\/\" \/>\n<meta property=\"og:locale\" content=\"fr_FR\" \/>\n<meta property=\"og:type\" content=\"article\" \/>\n<meta property=\"og:title\" content=\"Mobilit\u00e9 professionnelle, les nouvelles r\u00e8gles du jeu\" \/>\n<meta property=\"og:description\" content=\"La mobilit\u00e9 professionnelle est autant un enjeu pour les travailleurs que pour les entreprises qui cherchent \u00e0 fid\u00e9liser leurs talents.\" \/>\n<meta property=\"og:url\" content=\"https:\/\/www.wojo.com\/blog\/fr\/la-boite-a-outils\/mobilite-professionnelle-nouvelles-regles-du-jeu\/\" \/>\n<meta property=\"og:site_name\" content=\"Blog Wojo\" \/>\n<meta property=\"article:publisher\" content=\"https:\/\/www.facebook.com\/Wojo.coworking\/\" \/>\n<meta property=\"article:published_time\" content=\"2022-10-10T13:11:21+00:00\" \/>\n<meta property=\"article:modified_time\" content=\"2023-01-11T20:06:15+00:00\" \/>\n<meta property=\"og:image\" content=\"https:\/\/www.wojo.com\/blog\/wp-content\/uploads\/2022\/10\/Mobilite-professionnelle-2-scaled.jpg\" \/>\n\t<meta property=\"og:image:width\" content=\"2560\" \/>\n\t<meta property=\"og:image:height\" content=\"1440\" \/>\n\t<meta property=\"og:image:type\" content=\"image\/jpeg\" \/>\n<meta name=\"author\" content=\"Wojo\" \/>\n<meta name=\"twitter:card\" content=\"summary_large_image\" \/>\n<meta name=\"twitter:creator\" content=\"@Wojo_co\" \/>\n<meta name=\"twitter:site\" content=\"@Wojo_co\" \/>\n<meta name=\"twitter:label1\" content=\"\u00c9crit par\" \/>\n\t<meta name=\"twitter:data1\" content=\"Wojo\" \/>\n\t<meta name=\"twitter:label2\" content=\"Dur\u00e9e de lecture estim\u00e9e\" \/>\n\t<meta name=\"twitter:data2\" content=\"9 minutes\" \/>\n<script type=\"application\/ld+json\" class=\"yoast-schema-graph\">{\"@context\":\"https:\\\/\\\/schema.org\",\"@graph\":[{\"@type\":\"Article\",\"@id\":\"https:\\\/\\\/www.wojo.com\\\/blog\\\/fr\\\/la-boite-a-outils\\\/mobilite-professionnelle-nouvelles-regles-du-jeu\\\/#article\",\"isPartOf\":{\"@id\":\"https:\\\/\\\/www.wojo.com\\\/blog\\\/fr\\\/la-boite-a-outils\\\/mobilite-professionnelle-nouvelles-regles-du-jeu\\\/\"},\"author\":{\"name\":\"Wojo\",\"@id\":\"https:\\\/\\\/www.wojo.com\\\/blog\\\/#\\\/schema\\\/person\\\/52175cfaea09e0d3479bdd89e2993639\"},\"headline\":\"Mobilit\u00e9 professionnelle\u00a0: les nouvelles r\u00e8gles du jeu\",\"datePublished\":\"2022-10-10T13:11:21+00:00\",\"dateModified\":\"2023-01-11T20:06:15+00:00\",\"mainEntityOfPage\":{\"@id\":\"https:\\\/\\\/www.wojo.com\\\/blog\\\/fr\\\/la-boite-a-outils\\\/mobilite-professionnelle-nouvelles-regles-du-jeu\\\/\"},\"wordCount\":1930,\"publisher\":{\"@id\":\"https:\\\/\\\/www.wojo.com\\\/blog\\\/#organization\"},\"image\":{\"@id\":\"https:\\\/\\\/www.wojo.com\\\/blog\\\/fr\\\/la-boite-a-outils\\\/mobilite-professionnelle-nouvelles-regles-du-jeu\\\/#primaryimage\"},\"thumbnailUrl\":\"https:\\\/\\\/www.wojo.com\\\/blog\\\/wp-content\\\/uploads\\\/2022\\\/10\\\/Mobilite-professionnelle-2-scaled.jpg\",\"keywords\":[\"Mobilit\u00e9\",\"Nouveaux modes de travail\",\"QVT\",\"Ressource - strat\u00e9gie RSE\",\"T\u00e9l\u00e9travail\"],\"articleSection\":[\"La bo\u00eete \u00e0 outils\"],\"inLanguage\":\"fr-FR\"},{\"@type\":\"WebPage\",\"@id\":\"https:\\\/\\\/www.wojo.com\\\/blog\\\/fr\\\/la-boite-a-outils\\\/mobilite-professionnelle-nouvelles-regles-du-jeu\\\/\",\"url\":\"https:\\\/\\\/www.wojo.com\\\/blog\\\/fr\\\/la-boite-a-outils\\\/mobilite-professionnelle-nouvelles-regles-du-jeu\\\/\",\"name\":\"Mobilit\u00e9 professionnelle, les nouvelles r\u00e8gles du jeu\",\"isPartOf\":{\"@id\":\"https:\\\/\\\/www.wojo.com\\\/blog\\\/#website\"},\"primaryImageOfPage\":{\"@id\":\"https:\\\/\\\/www.wojo.com\\\/blog\\\/fr\\\/la-boite-a-outils\\\/mobilite-professionnelle-nouvelles-regles-du-jeu\\\/#primaryimage\"},\"image\":{\"@id\":\"https:\\\/\\\/www.wojo.com\\\/blog\\\/fr\\\/la-boite-a-outils\\\/mobilite-professionnelle-nouvelles-regles-du-jeu\\\/#primaryimage\"},\"thumbnailUrl\":\"https:\\\/\\\/www.wojo.com\\\/blog\\\/wp-content\\\/uploads\\\/2022\\\/10\\\/Mobilite-professionnelle-2-scaled.jpg\",\"datePublished\":\"2022-10-10T13:11:21+00:00\",\"dateModified\":\"2023-01-11T20:06:15+00:00\",\"description\":\"La mobilit\u00e9 professionnelle est autant un enjeu pour les travailleurs que pour les entreprises qui cherchent \u00e0 fid\u00e9liser leurs talents.\",\"breadcrumb\":{\"@id\":\"https:\\\/\\\/www.wojo.com\\\/blog\\\/fr\\\/la-boite-a-outils\\\/mobilite-professionnelle-nouvelles-regles-du-jeu\\\/#breadcrumb\"},\"inLanguage\":\"fr-FR\",\"potentialAction\":[{\"@type\":\"ReadAction\",\"target\":[\"https:\\\/\\\/www.wojo.com\\\/blog\\\/fr\\\/la-boite-a-outils\\\/mobilite-professionnelle-nouvelles-regles-du-jeu\\\/\"]}]},{\"@type\":\"ImageObject\",\"inLanguage\":\"fr-FR\",\"@id\":\"https:\\\/\\\/www.wojo.com\\\/blog\\\/fr\\\/la-boite-a-outils\\\/mobilite-professionnelle-nouvelles-regles-du-jeu\\\/#primaryimage\",\"url\":\"https:\\\/\\\/www.wojo.com\\\/blog\\\/wp-content\\\/uploads\\\/2022\\\/10\\\/Mobilite-professionnelle-2-scaled.jpg\",\"contentUrl\":\"https:\\\/\\\/www.wojo.com\\\/blog\\\/wp-content\\\/uploads\\\/2022\\\/10\\\/Mobilite-professionnelle-2-scaled.jpg\",\"width\":2560,\"height\":1440},{\"@type\":\"BreadcrumbList\",\"@id\":\"https:\\\/\\\/www.wojo.com\\\/blog\\\/fr\\\/la-boite-a-outils\\\/mobilite-professionnelle-nouvelles-regles-du-jeu\\\/#breadcrumb\",\"itemListElement\":[{\"@type\":\"ListItem\",\"position\":1,\"name\":\"Accueil\",\"item\":\"https:\\\/\\\/www.wojo.com\\\/blog\\\/fr\\\/\"},{\"@type\":\"ListItem\",\"position\":2,\"name\":\"La bo\u00eete \u00e0 outils\",\"item\":\"https:\\\/\\\/www.wojo.com\\\/blog\\\/fr\\\/category\\\/la-boite-a-outils\\\/\"},{\"@type\":\"ListItem\",\"position\":3,\"name\":\"Mobilit\u00e9 professionnelle\u00a0: les nouvelles r\u00e8gles du jeu\"}]},{\"@type\":\"WebSite\",\"@id\":\"https:\\\/\\\/www.wojo.com\\\/blog\\\/#website\",\"url\":\"https:\\\/\\\/www.wojo.com\\\/blog\\\/\",\"name\":\"Blog Wojo\",\"description\":\"Work. Share. Live.\",\"publisher\":{\"@id\":\"https:\\\/\\\/www.wojo.com\\\/blog\\\/#organization\"},\"potentialAction\":[{\"@type\":\"SearchAction\",\"target\":{\"@type\":\"EntryPoint\",\"urlTemplate\":\"https:\\\/\\\/www.wojo.com\\\/blog\\\/?s={search_term_string}\"},\"query-input\":{\"@type\":\"PropertyValueSpecification\",\"valueRequired\":true,\"valueName\":\"search_term_string\"}}],\"inLanguage\":\"fr-FR\"},{\"@type\":\"Organization\",\"@id\":\"https:\\\/\\\/www.wojo.com\\\/blog\\\/#organization\",\"name\":\"Wojo\",\"url\":\"https:\\\/\\\/www.wojo.com\\\/blog\\\/\",\"logo\":{\"@type\":\"ImageObject\",\"inLanguage\":\"fr-FR\",\"@id\":\"https:\\\/\\\/www.wojo.com\\\/blog\\\/#\\\/schema\\\/logo\\\/image\\\/\",\"url\":\"\",\"contentUrl\":\"\",\"caption\":\"Wojo\"},\"image\":{\"@id\":\"https:\\\/\\\/www.wojo.com\\\/blog\\\/#\\\/schema\\\/logo\\\/image\\\/\"},\"sameAs\":[\"https:\\\/\\\/www.facebook.com\\\/Wojo.coworking\\\/\",\"https:\\\/\\\/x.com\\\/Wojo_co\",\"https:\\\/\\\/instagram.com\\\/wojo_co\\\/\",\"https:\\\/\\\/www.linkedin.com\\\/company\\\/wojo-co\\\/\",\"https:\\\/\\\/www.youtube.com\\\/channel\\\/UCorVBPUgSsTQ3zUR9CYSp8Q\"]},{\"@type\":\"Person\",\"@id\":\"https:\\\/\\\/www.wojo.com\\\/blog\\\/#\\\/schema\\\/person\\\/52175cfaea09e0d3479bdd89e2993639\",\"name\":\"Wojo\"}]}<\/script>\n<!-- \/ Yoast SEO plugin. -->","yoast_head_json":{"title":"Mobilit\u00e9 professionnelle, les nouvelles r\u00e8gles du jeu","description":"La mobilit\u00e9 professionnelle est autant un enjeu pour les travailleurs que pour les entreprises qui cherchent \u00e0 fid\u00e9liser leurs talents.","robots":{"index":"index","follow":"follow","max-snippet":"max-snippet:-1","max-image-preview":"max-image-preview:large","max-video-preview":"max-video-preview:-1"},"canonical":"https:\/\/www.wojo.com\/blog\/fr\/la-boite-a-outils\/mobilite-professionnelle-nouvelles-regles-du-jeu\/","og_locale":"fr_FR","og_type":"article","og_title":"Mobilit\u00e9 professionnelle, les nouvelles r\u00e8gles du jeu","og_description":"La mobilit\u00e9 professionnelle est autant un enjeu pour les travailleurs que pour les entreprises qui cherchent \u00e0 fid\u00e9liser leurs talents.","og_url":"https:\/\/www.wojo.com\/blog\/fr\/la-boite-a-outils\/mobilite-professionnelle-nouvelles-regles-du-jeu\/","og_site_name":"Blog Wojo","article_publisher":"https:\/\/www.facebook.com\/Wojo.coworking\/","article_published_time":"2022-10-10T13:11:21+00:00","article_modified_time":"2023-01-11T20:06:15+00:00","og_image":[{"width":2560,"height":1440,"url":"https:\/\/www.wojo.com\/blog\/wp-content\/uploads\/2022\/10\/Mobilite-professionnelle-2-scaled.jpg","type":"image\/jpeg"}],"author":"Wojo","twitter_card":"summary_large_image","twitter_creator":"@Wojo_co","twitter_site":"@Wojo_co","twitter_misc":{"\u00c9crit par":"Wojo","Dur\u00e9e de lecture estim\u00e9e":"9 minutes"},"schema":{"@context":"https:\/\/schema.org","@graph":[{"@type":"Article","@id":"https:\/\/www.wojo.com\/blog\/fr\/la-boite-a-outils\/mobilite-professionnelle-nouvelles-regles-du-jeu\/#article","isPartOf":{"@id":"https:\/\/www.wojo.com\/blog\/fr\/la-boite-a-outils\/mobilite-professionnelle-nouvelles-regles-du-jeu\/"},"author":{"name":"Wojo","@id":"https:\/\/www.wojo.com\/blog\/#\/schema\/person\/52175cfaea09e0d3479bdd89e2993639"},"headline":"Mobilit\u00e9 professionnelle\u00a0: les nouvelles r\u00e8gles du jeu","datePublished":"2022-10-10T13:11:21+00:00","dateModified":"2023-01-11T20:06:15+00:00","mainEntityOfPage":{"@id":"https:\/\/www.wojo.com\/blog\/fr\/la-boite-a-outils\/mobilite-professionnelle-nouvelles-regles-du-jeu\/"},"wordCount":1930,"publisher":{"@id":"https:\/\/www.wojo.com\/blog\/#organization"},"image":{"@id":"https:\/\/www.wojo.com\/blog\/fr\/la-boite-a-outils\/mobilite-professionnelle-nouvelles-regles-du-jeu\/#primaryimage"},"thumbnailUrl":"https:\/\/www.wojo.com\/blog\/wp-content\/uploads\/2022\/10\/Mobilite-professionnelle-2-scaled.jpg","keywords":["Mobilit\u00e9","Nouveaux modes de travail","QVT","Ressource - strat\u00e9gie RSE","T\u00e9l\u00e9travail"],"articleSection":["La bo\u00eete \u00e0 outils"],"inLanguage":"fr-FR"},{"@type":"WebPage","@id":"https:\/\/www.wojo.com\/blog\/fr\/la-boite-a-outils\/mobilite-professionnelle-nouvelles-regles-du-jeu\/","url":"https:\/\/www.wojo.com\/blog\/fr\/la-boite-a-outils\/mobilite-professionnelle-nouvelles-regles-du-jeu\/","name":"Mobilit\u00e9 professionnelle, les nouvelles r\u00e8gles du jeu","isPartOf":{"@id":"https:\/\/www.wojo.com\/blog\/#website"},"primaryImageOfPage":{"@id":"https:\/\/www.wojo.com\/blog\/fr\/la-boite-a-outils\/mobilite-professionnelle-nouvelles-regles-du-jeu\/#primaryimage"},"image":{"@id":"https:\/\/www.wojo.com\/blog\/fr\/la-boite-a-outils\/mobilite-professionnelle-nouvelles-regles-du-jeu\/#primaryimage"},"thumbnailUrl":"https:\/\/www.wojo.com\/blog\/wp-content\/uploads\/2022\/10\/Mobilite-professionnelle-2-scaled.jpg","datePublished":"2022-10-10T13:11:21+00:00","dateModified":"2023-01-11T20:06:15+00:00","description":"La mobilit\u00e9 professionnelle est autant un enjeu pour les travailleurs que pour les entreprises qui cherchent \u00e0 fid\u00e9liser leurs talents.","breadcrumb":{"@id":"https:\/\/www.wojo.com\/blog\/fr\/la-boite-a-outils\/mobilite-professionnelle-nouvelles-regles-du-jeu\/#breadcrumb"},"inLanguage":"fr-FR","potentialAction":[{"@type":"ReadAction","target":["https:\/\/www.wojo.com\/blog\/fr\/la-boite-a-outils\/mobilite-professionnelle-nouvelles-regles-du-jeu\/"]}]},{"@type":"ImageObject","inLanguage":"fr-FR","@id":"https:\/\/www.wojo.com\/blog\/fr\/la-boite-a-outils\/mobilite-professionnelle-nouvelles-regles-du-jeu\/#primaryimage","url":"https:\/\/www.wojo.com\/blog\/wp-content\/uploads\/2022\/10\/Mobilite-professionnelle-2-scaled.jpg","contentUrl":"https:\/\/www.wojo.com\/blog\/wp-content\/uploads\/2022\/10\/Mobilite-professionnelle-2-scaled.jpg","width":2560,"height":1440},{"@type":"BreadcrumbList","@id":"https:\/\/www.wojo.com\/blog\/fr\/la-boite-a-outils\/mobilite-professionnelle-nouvelles-regles-du-jeu\/#breadcrumb","itemListElement":[{"@type":"ListItem","position":1,"name":"Accueil","item":"https:\/\/www.wojo.com\/blog\/fr\/"},{"@type":"ListItem","position":2,"name":"La bo\u00eete \u00e0 outils","item":"https:\/\/www.wojo.com\/blog\/fr\/category\/la-boite-a-outils\/"},{"@type":"ListItem","position":3,"name":"Mobilit\u00e9 professionnelle\u00a0: les nouvelles r\u00e8gles du jeu"}]},{"@type":"WebSite","@id":"https:\/\/www.wojo.com\/blog\/#website","url":"https:\/\/www.wojo.com\/blog\/","name":"Blog Wojo","description":"Work. Share. Live.","publisher":{"@id":"https:\/\/www.wojo.com\/blog\/#organization"},"potentialAction":[{"@type":"SearchAction","target":{"@type":"EntryPoint","urlTemplate":"https:\/\/www.wojo.com\/blog\/?s={search_term_string}"},"query-input":{"@type":"PropertyValueSpecification","valueRequired":true,"valueName":"search_term_string"}}],"inLanguage":"fr-FR"},{"@type":"Organization","@id":"https:\/\/www.wojo.com\/blog\/#organization","name":"Wojo","url":"https:\/\/www.wojo.com\/blog\/","logo":{"@type":"ImageObject","inLanguage":"fr-FR","@id":"https:\/\/www.wojo.com\/blog\/#\/schema\/logo\/image\/","url":"","contentUrl":"","caption":"Wojo"},"image":{"@id":"https:\/\/www.wojo.com\/blog\/#\/schema\/logo\/image\/"},"sameAs":["https:\/\/www.facebook.com\/Wojo.coworking\/","https:\/\/x.com\/Wojo_co","https:\/\/instagram.com\/wojo_co\/","https:\/\/www.linkedin.com\/company\/wojo-co\/","https:\/\/www.youtube.com\/channel\/UCorVBPUgSsTQ3zUR9CYSp8Q"]},{"@type":"Person","@id":"https:\/\/www.wojo.com\/blog\/#\/schema\/person\/52175cfaea09e0d3479bdd89e2993639","name":"Wojo"}]}},"_links":{"self":[{"href":"https:\/\/www.wojo.com\/blog\/wp-json\/wp\/v2\/posts\/50901","targetHints":{"allow":["GET"]}}],"collection":[{"href":"https:\/\/www.wojo.com\/blog\/wp-json\/wp\/v2\/posts"}],"about":[{"href":"https:\/\/www.wojo.com\/blog\/wp-json\/wp\/v2\/types\/post"}],"author":[{"embeddable":true,"href":"https:\/\/www.wojo.com\/blog\/wp-json\/wp\/v2\/users\/1"}],"replies":[{"embeddable":true,"href":"https:\/\/www.wojo.com\/blog\/wp-json\/wp\/v2\/comments?post=50901"}],"version-history":[{"count":0,"href":"https:\/\/www.wojo.com\/blog\/wp-json\/wp\/v2\/posts\/50901\/revisions"}],"wp:featuredmedia":[{"embeddable":true,"href":"https:\/\/www.wojo.com\/blog\/wp-json\/wp\/v2\/media\/50905"}],"wp:attachment":[{"href":"https:\/\/www.wojo.com\/blog\/wp-json\/wp\/v2\/media?parent=50901"}],"wp:term":[{"taxonomy":"category","embeddable":true,"href":"https:\/\/www.wojo.com\/blog\/wp-json\/wp\/v2\/categories?post=50901"},{"taxonomy":"post_tag","embeddable":true,"href":"https:\/\/www.wojo.com\/blog\/wp-json\/wp\/v2\/tags?post=50901"}],"curies":[{"name":"wp","href":"https:\/\/api.w.org\/{rel}","templated":true}]}}