{"id":51024,"date":"2022-11-03T16:20:00","date_gmt":"2022-11-03T15:20:00","guid":{"rendered":"https:\/\/www.wojo.com\/blog\/?p=51024"},"modified":"2026-01-06T11:49:43","modified_gmt":"2026-01-06T10:49:43","slug":"creche-dentreprise-avantages-et-inconvenients-pour-employeur","status":"publish","type":"post","link":"https:\/\/www.wojo.com\/blog\/fr\/du-bonheur-en-boite\/creche-dentreprise-avantages-et-inconvenients-pour-employeur\/","title":{"rendered":"Faire grandir sa marque employeur avec une cr\u00e8che d\u2019entreprise"},"content":{"rendered":"<p><!-- wp:paragraph --><\/p>\n<p><strong>Afin de garantir un meilleur \u00e9quilibre entre vie professionnelle et vie personnelle, de nombreuses entreprises proposent d\u00e9sormais des solutions de garde d\u2019enfant \u00e0 leurs collaborateurs. Cet engagement RSE en faveur de la parentalit\u00e9 a du sens quand on sait que pr\u00e8s de <\/strong><a href=\"https:\/\/www.ouest-france.fr\/actualites-enfants\/faute-de-nouvelles-places-en-creche-emmanuel-macron-promet-une-indemnisation-c5b8c502-6fa2-11ec-a655-a3b0065c2bef\" target=\"_blank\" rel=\"noreferrer noopener\">20 % des parents n\u2019obtiennent pas de mode de garde<\/a><strong>. Cette aide aux familles n\u2019est plus l\u2019apanage des grands groupes&nbsp;: de plus en plus de PME y ont recours. Fonctionnement d\u2019une cr\u00e8che d\u2019entreprise, avantages et inconv\u00e9nients, co\u00fbt pour l\u2019employeur et pour les parents&nbsp;: on vous dit tout.<\/strong><\/p>\n<p><!-- \/wp:paragraph --><\/p>\n<p><!-- wp:custom-blog\/block {\"icon\":\"&#x1f4a1;\",\"title\":\"En bref\"} --><\/p>\n<div class=\"bloc-en-bref bloc-flex\">\n<div class=\"bloc-icon\">&#x1f4a1;<\/div>\n<div class=\"bloc-content\">\n<h3>En bref<\/h3>\n<div class=\"bloc-description\"><!-- wp:list --><\/p>\n<ul class=\"wp-block-list\"><!-- wp:list-item --><\/p>\n<li><strong>Un vrai gain pour les parents<\/strong> : tarif \u00e9quivalent \u00e0 une cr\u00e8che municipale, moins de stress li\u00e9 \u00e0 la garde et des trajets optimis\u00e9s gr\u00e2ce \u00e0 la proximit\u00e9 du domicile ou du lieu de travail.<\/li>\n<p><!-- \/wp:list-item --><\/ul>\n<p><!-- \/wp:list --><\/p>\n<p><!-- wp:list --><\/p>\n<ul class=\"wp-block-list\"><!-- wp:list-item --><\/p>\n<li><strong>Un levier RH concret et accessible<\/strong> : la cr\u00e8che d\u2019entreprise am\u00e9liore l\u2019\u00e9quilibre vie pro \/ vie perso, renforce la marque employeur et n\u2019est plus r\u00e9serv\u00e9e aux grands groupes gr\u00e2ce aux cr\u00e8ches inter-entreprises.<\/li>\n<p><!-- \/wp:list-item --><\/ul>\n<p><!-- \/wp:list --><\/p>\n<p><!-- wp:list --><\/p>\n<ul class=\"wp-block-list\"><!-- wp:list-item --><\/p>\n<li><strong>Un co\u00fbt largement amorti pour l\u2019employeur<\/strong> : entre aides de la CAF, Cr\u00e9dit d\u2019Imp\u00f4t Famille et charges d\u00e9ductibles, jusqu\u2019\u00e0 <strong>80 % du co\u00fbt d\u2019un berceau<\/strong> peut \u00eatre absorb\u00e9.<\/li>\n<p><!-- \/wp:list-item --><\/ul>\n<p><!-- \/wp:list --><\/div>\n<\/div>\n<\/div>\n<p><!-- \/wp:custom-blog\/block --><\/p>\n<p><!-- wp:heading --><\/p>\n<h2 class=\"wp-block-heading\">Cr\u00e8che d\u2019entreprise&nbsp;: d\u00e9finition<\/h2>\n<p><!-- \/wp:heading --><\/p>\n<p><!-- wp:paragraph --><\/p>\n<p>Une cr\u00e8che d\u2019entreprise est une structure d\u2019accueil destin\u00e9e aux enfants de deux mois \u00e0 trois ans des salari\u00e9s d\u2019un \u00e9tablissement public ou priv\u00e9. Les cr\u00e8ches d\u2019entreprise fonctionnent selon les m\u00eames r\u00e8gles d\u2019une cr\u00e8che collective. Elles peuvent accepter entre 15 et 60 enfants selon la taille des locaux et le personnel pr\u00e9sent dans la structure. <\/p>\n<p><!-- \/wp:paragraph --><\/p>\n<p><!-- wp:custom-blog\/block {\"type\":\"a-lire\",\"icon\":\"&#x1f4d6;\",\"title\":\"\u00c0 lire aussi : \",\"linkText\":\"Cr\u00e8che d'entreprise, tout savoir en 10 questions\",\"linkUrl\":\"https:\/\/www.wojo.com\/blog\/fr\/la-boite-a-outils\/les-creches-dentreprise-savoir-dix-questions\/\",\"openInNewTab\":true} --><\/p>\n<div class=\"bloc-a-lire bloc-flex\">\n<p>\u00c0 lire aussi : <\/p>\n<p><a href=\"https:\/\/www.wojo.com\/blog\/fr\/la-boite-a-outils\/les-creches-dentreprise-savoir-dix-questions\/\" target=\"_blank\" rel=\"noopener noreferrer\"><span>Cr\u00e8che d'entreprise, tout savoir en 10 questions<\/span><\/a><\/div>\n<p><!-- \/wp:custom-blog\/block --><\/p>\n<p><!-- wp:heading {\"level\":3} --><\/p>\n<h3 class=\"wp-block-heading\">Cr\u00e8che d\u2019entreprise interne<\/h3>\n<p><!-- \/wp:heading --><\/p>\n<p><!-- wp:paragraph --><\/p>\n<p>Certains grands groupes disposent de leur cr\u00e8che d\u2019entreprise interne dans les locaux de l\u2019entreprise, et qui respecte les normes de s\u00e9curit\u00e9 de l\u2019accueil de jeunes enfants. Cette solution n\u00e9cessite des investissements sur la dur\u00e9e, et une visibilit\u00e9 sur le nombre d\u2019enfants susceptibles d\u2019\u00eatre accueillis par la structure. L'entreprise peut g\u00e9rer la cr\u00e8che en direct. Elle peut aussi d\u00e9l\u00e9guer cette gestion \u00e0 un partenaire externe, comme une association, une mutuelle ou une entreprise de cr\u00e8che priv\u00e9e.<\/p>\n<p><!-- \/wp:paragraph --><\/p>\n<p><!-- wp:heading {\"level\":3} --><\/p>\n<h3 class=\"wp-block-heading\">Cr\u00e8che inter-entreprise<\/h3>\n<p><!-- \/wp:heading --><\/p>\n<p><!-- wp:paragraph --><\/p>\n<p>De plus en plus d\u2019entreprises, notamment les PME, optent pour la r\u00e9servation de places, appel\u00e9es \u00ab&nbsp;berceaux&nbsp;\u00bb, dans des cr\u00e8ches inter-entreprises. Ces \u00e9tablissements s\u2019occupent de toutes les d\u00e9marches administratives, et r\u00e9unissent assez d\u2019entreprises pour assurer le bon fonctionnement financier de la cr\u00e8che. Cette solution plus souple et moins on\u00e9reuse leur permet de b\u00e9n\u00e9ficier d\u2019une offre cl\u00e9 en main pour leurs salari\u00e9s. Les employeurs peuvent aussi ajuster chaque ann\u00e9e leurs berceaux r\u00e9serv\u00e9s selon les besoins r\u00e9els de leurs collaborateurs.&nbsp;<\/p>\n<p><!-- \/wp:paragraph --><\/p>\n<p><!-- wp:paragraph --><\/p>\n<p>Un employeur peut choisir des berceaux dans un \u00e9tablissement unique \u00e0 proximit\u00e9 de ses bureaux. C\u2019est le cas des entreprises install\u00e9es au <a href=\"https:\/\/www.wojo.com\/fr-FR\/espaces-de-travail\/wojo-paris-14e-montparnasse-gaite\" target=\"_blank\" rel=\"noreferrer noopener\">Wojo Montparnasse<\/a>. Parmi les nombreux services propos\u00e9s \u00e0 leurs salari\u00e9s autour du bureau (commerces, transports, restauration, salle de sport, terrasses, etc.), ils b\u00e9n\u00e9ficient des liens privil\u00e9gi\u00e9s entre Wojo et la cr\u00e8che inter-entreprise Babilou situ\u00e9e \u00e0 proximit\u00e9 imm\u00e9diate.&nbsp;L\u2019\u00e9quipe Wojo accompagne ses membres qui souhaitent solliciter des berceaux pour leurs collaborateurs travaillant sur le site.<\/p>\n<p><!-- \/wp:paragraph --><\/p>\n<p><!-- wp:buttons --><\/p>\n<div class=\"wp-block-buttons\"><!-- wp:button {\"backgroundColor\":\"vivid-cyan-blue\",\"className\":\"aligncenter\"} --><\/p>\n<div class=\"wp-block-button aligncenter\"><a class=\"wp-block-button__link has-vivid-cyan-blue-background-color has-background wp-element-button\" href=\"https:\/\/calendly.com\/wojo-hub-fr\/blog?month=2022-03\" target=\"_blank\" rel=\"noreferrer noopener\">\u00c9changer sur le fonctionnement du Wojo Montparnasse<\/a><\/div>\n<p><!-- \/wp:button --><\/div>\n<p><!-- \/wp:buttons --><\/p>\n<p><!-- wp:spacer {\"height\":\"26px\"} --><\/p>\n<div style=\"height:26px\" aria-hidden=\"true\" class=\"wp-block-spacer\"><\/div>\n<p><!-- \/wp:spacer --><\/p>\n<p><!-- wp:heading --><\/p>\n<h2 class=\"wp-block-heading\">Le fonctionnement d\u2019une cr\u00e8che d\u2019entreprise<\/h2>\n<p><!-- \/wp:heading --><\/p>\n<p><!-- wp:paragraph --><\/p>\n<p>Les cr\u00e8ches d\u2019entreprises, internes ou inter-entreprises, ob\u00e9issent aux m\u00eames r\u00e8gles que les cr\u00e8ches collectives, hormis pour l\u2019attribution des berceaux puisqu\u2019ils sont r\u00e9serv\u00e9s \u00e0 leurs salari\u00e9s. Ces structures sont soumises \u00e0 la surveillance de la PMI (Protection Maternelle Infantile), elle-m\u00eame sous contr\u00f4le du Conseil d\u00e9partemental. Les r\u00e8gles y sont aussi strictes que dans les \u00e9tablissements municipaux d\u2019accueil des jeunes enfants. Les horaires d\u2019ouverture peuvent s'adapter aux horaires de travail des parents salari\u00e9s de l\u2019entreprise.<\/p>\n<p><!-- \/wp:paragraph --><\/p>\n<p><!-- wp:paragraph --><\/p>\n<p>La cr\u00e8che fonctionne avec un personnel encadrant qualifi\u00e9. L'\u00e9quipe est en charge de la sant\u00e9, de la s\u00e9curit\u00e9, du bien-\u00eatre des enfants, de leurs repas, de leurs soins, et bien s\u00fbr de leur d\u00e9veloppement gr\u00e2ce \u00e0 diverses activit\u00e9s&nbsp;:<\/p>\n<p><!-- \/wp:paragraph --><\/p>\n<p><!-- wp:list --><\/p>\n<ul class=\"wp-block-list\"><!-- wp:list-item --><\/p>\n<li>Un.e directeur.rice de cr\u00e8che, ayant une formation de pu\u00e9riculture, d\u2019\u00e9ducateur de jeunes enfants ou de m\u00e9decin\u00a0;<\/li>\n<p><!-- \/wp:list-item --><\/p>\n<p><!-- wp:list-item --><\/p>\n<li>Une \u00e9quipe de professionnel.le.s de la petite enfance. Chaque professionnel.le doit \u00eatre titulaire d\u2019un CAP petite enfance, d\u2019un dipl\u00f4me d\u2019\u00e9ducateur de jeunes enfants, d\u2019auxiliaire de pu\u00e9riculture, ou encore d\u2019un BEP Sanitaire et Social. Chaque professionnel.le peut s\u2019occuper au maximum de cinq enfants qui ne marchent pas, et de huit qui marchent.<\/li>\n<p><!-- \/wp:list-item --><\/ul>\n<p><!-- \/wp:list --><\/p>\n<p><!-- wp:image {\"id\":51026,\"sizeSlug\":\"large\",\"linkDestination\":\"none\"} --><\/p>\n<figure class=\"wp-block-image size-large\"><img src=\"https:\/\/www.wojo.com\/blog\/wp-content\/uploads\/2022\/11\/Biberon-Creche-dentreprise-Wojo-1024x683.jpg\" alt=\"\" class=\"wp-image-51026\"\/><\/figure>\n<p><!-- \/wp:image --><\/p>\n<p><!-- wp:heading --><\/p>\n<h2 class=\"wp-block-heading\">Cr\u00e8che d\u2019entreprise&nbsp;: quel co\u00fbt pour l\u2019employeur&nbsp;?<\/h2>\n<p><!-- \/wp:heading --><\/p>\n<p><!-- wp:paragraph --><\/p>\n<p>Le co\u00fbt d\u2019un berceau en cr\u00e8che inter-entreprises se partage entre trois acteurs&nbsp;: 50 % pour employeur, 25 % chacun pour la CAF et les parents. Bonne nouvelle si vous envisagez d\u2019octroyer des berceaux \u00e0 vos collaborateurs : proposer des places en cr\u00e8che vous fait b\u00e9n\u00e9ficier d\u2019un avantage fiscal. L\u2019\u00c9tat accompagne la parentalit\u00e9 dans les entreprises via plusieurs aides&nbsp;:<\/p>\n<p><!-- \/wp:paragraph --><\/p>\n<p><!-- wp:heading {\"level\":3} --><\/p>\n<h3 class=\"wp-block-heading\">Le Cr\u00e9dit Imp\u00f4t Famille (CIF)<\/h3>\n<p><!-- \/wp:heading --><\/p>\n<p><!-- wp:paragraph --><\/p>\n<p>Toute entreprise payant un imp\u00f4t sur les soci\u00e9t\u00e9s et embauchant au moins un salari\u00e9 a droit \u00e0 un <a href=\"https:\/\/entreprendre.service-public.fr\/vosdroits\/F31922\" target=\"_blank\" rel=\"noreferrer noopener\">cr\u00e9dit d\u2019imp\u00f4t famille<\/a> de 50 % du montant financ\u00e9.<\/p>\n<p><!-- \/wp:paragraph --><\/p>\n<p><!-- wp:heading {\"level\":3} --><\/p>\n<h3 class=\"wp-block-heading\">Des charges d\u00e9ductibles<\/h3>\n<p><!-- \/wp:heading --><\/p>\n<p><!-- wp:paragraph --><\/p>\n<p>D\u00e9penser de l\u2019argent pour la garde des enfants de vos salari\u00e9s rentre dans les charges d\u00e9ductibles. Un employeur peut donc d\u00e9duire ces d\u00e9penses de son r\u00e9sultat fiscal. Il r\u00e9duit ainsi le montant de l\u2019imp\u00f4t sur les soci\u00e9t\u00e9s (IS), avec une limite de trois ans de report sur de futurs exercices en cas de non-paiement d\u2019imp\u00f4ts.<\/p>\n<p><!-- \/wp:paragraph --><\/p>\n<p><!-- wp:paragraph --><\/p>\n<p>Ces deux dispositifs cumul\u00e9s permettent de r\u00e9duire d\u2019environ\u2026 80 % le co\u00fbt annuel d\u2019un berceau&nbsp;! Ceci en contrepartie d\u2019un avantage tr\u00e8s pris\u00e9 par les collaborateurs. Pour disposer d\u2019un montant pr\u00e9cis, il est n\u00e9cessaire de se rapprocher d\u2019une cr\u00e8che inter-entreprise afin d\u2019\u00e9tablir un devis.<\/p>\n<p><!-- \/wp:paragraph --><\/p>\n<p><!-- wp:heading --><\/p>\n<h2 class=\"wp-block-heading\">Cr\u00e8che d\u2019entreprise&nbsp;: quel co\u00fbt pour les parents&nbsp;?<\/h2>\n<p><!-- \/wp:heading --><\/p>\n<p><!-- wp:paragraph --><\/p>\n<p>Bonne nouvelle aussi pour les parents&nbsp;: gr\u00e2ce \u00e0 la participation de la CAF et de leur employeur, le co\u00fbt d\u2019une place en cr\u00e8che d\u2019entreprise est le m\u00eame qu\u2019en cr\u00e8che municipale. Le tarif horaire d\u00e9pend du bar\u00e8me de la CAF. Il est index\u00e9 sur le nombre d\u2019enfants dans la famille et les revenus bruts mensuels cumul\u00e9s du foyer. La CAF compl\u00e8te ensuite la contribution des parents afin de garantir \u00e0 l\u2019\u00e9tablissement un taux horaire minimum.<\/p>\n<p><!-- \/wp:paragraph --><\/p>\n<p><!-- wp:paragraph --><\/p>\n<p>Si la CAF ne finance pas la cr\u00e8che d'entreprise, les parents ne disposent pas d\u2019un tarif pr\u00e9f\u00e9rentiel. Ils re\u00e7oivent quand m\u00eame une aide avec le <a href=\"https:\/\/www.service-public.fr\/particuliers\/vosdroits\/F345\" target=\"_blank\" rel=\"noreferrer noopener\">compl\u00e9ment de libre choix du mode de garde<\/a> (CMG) de la Paje.<\/p>\n<p><!-- \/wp:paragraph --><\/p>\n<p><!-- wp:paragraph --><\/p>\n<p>Dans les deux cas, les parents b\u00e9n\u00e9ficient d\u2019un cr\u00e9dit d\u2019imp\u00f4ts pour les frais de garde de leurs enfants de moins de six ans. Il s'\u00e9l\u00e8ve \u00e0 hauteur de 50 % de ces d\u00e9penses et dans un maximum de 2 300 \u20ac par enfant gard\u00e9.<\/p>\n<p><!-- \/wp:paragraph --><\/p>\n<p><!-- wp:heading --><\/p>\n<h2 class=\"wp-block-heading\">Les avantages et les inconv\u00e9nients d\u2019une cr\u00e8che d\u2019entreprise&nbsp;?<\/h2>\n<p><!-- \/wp:heading --><\/p>\n<p><!-- wp:spacer {\"height\":\"29px\"} --><\/p>\n<div style=\"height:29px\" aria-hidden=\"true\" class=\"wp-block-spacer\"><\/div>\n<p><!-- \/wp:spacer --><\/p>\n<p><!-- wp:heading {\"level\":3} --><\/p>\n<h3 class=\"wp-block-heading\">&nbsp;&nbsp;&nbsp;&nbsp;&nbsp;&nbsp;&nbsp;&nbsp;&nbsp;&nbsp;&nbsp;&nbsp; Commen\u00e7ons par les avantages<\/h3>\n<p><!-- \/wp:heading --><\/p>\n<p><!-- wp:paragraph --><\/p>\n<p>Spoiler alert&nbsp;: il y a bien plus d\u2019avantages que d\u2019inconv\u00e9nients\u2026 Du c\u00f4t\u00e9 des avantages, mentionnons pour l\u2019entreprise :<\/p>\n<p><!-- \/wp:paragraph --><\/p>\n<p><!-- wp:list --><\/p>\n<ul class=\"wp-block-list\"><!-- wp:list-item --><\/p>\n<li>Renforcement de sa politique RH et de sa <a href=\"https:\/\/www.wojo.com\/blog\/fr\/la-boite-a-outils\/propriete-intellectuelle-bien-proteger-marque\/\" target=\"_blank\" rel=\"noreferrer noopener\">marque <\/a>employeur gr\u00e2ce \u00e0 cet accompagnement \u00e0 la parentalit\u00e9 ;<\/li>\n<p><!-- \/wp:list-item --><\/p>\n<p><!-- wp:list-item --><\/p>\n<li>Am\u00e9lioration de l\u2019exp\u00e9rience collaborateur ;<\/li>\n<p><!-- \/wp:list-item --><\/p>\n<p><!-- wp:list-item --><\/p>\n<li>Meilleur \u00e9quilibre vie professionnelle, vie personnelle des salari\u00e9s\u00a0;\u00a0 \u00a0<\/li>\n<p><!-- \/wp:list-item --><\/p>\n<p><!-- wp:list-item --><\/p>\n<li>Flexibilit\u00e9 des plages horaires, et proximit\u00e9 avec le bureau qui optimise le temps de travail\u00a0;<\/li>\n<p><!-- \/wp:list-item --><\/p>\n<p><!-- wp:list-item --><\/p>\n<li>Renforcement de l\u2019\u00e9galit\u00e9 homme \/ femme\u00a0gr\u00e2ce \u00e0 un retour \u00e0 la vie professionnelle facilit\u00e9 apr\u00e8s un cong\u00e9 maternit\u00e9\u00a0;<\/li>\n<p><!-- \/wp:list-item --><\/p>\n<p><!-- wp:list-item --><\/p>\n<li>Places d\u2019urgence r\u00e9serv\u00e9es dans le r\u00e9seau de cr\u00e8che d\u2019entreprise pour les collaborateurs rencontrant un probl\u00e8me de garde ponctuel (nounou malade, etc.).<\/li>\n<p><!-- \/wp:list-item --><\/ul>\n<p><!-- \/wp:list --><\/p>\n<p><!-- wp:paragraph --><\/p>\n<p>Les collaborateurs qui b\u00e9n\u00e9ficient de ce dispositif auront moins de stress li\u00e9 \u00e0 la recherche d\u2019un mode de garde compatible avec leurs contraintes professionnelles. Selon la solution de cr\u00e8che d\u2019entreprise choisie, les parents pourront  : <\/p>\n<p><!-- \/wp:paragraph --><\/p>\n<p><!-- wp:list --><\/p>\n<ul class=\"wp-block-list\"><!-- wp:list-item --><\/p>\n<li>soit d\u00e9poser leurs enfants \u00e0 proximit\u00e9 de leur bureau, dans le cas d\u2019un \u00e9tablissement unique,<\/li>\n<p><!-- \/wp:list-item --><\/p>\n<p><!-- wp:list-item --><\/p>\n<li>soit dans une cr\u00e8che pr\u00e8s de chez eux si l\u2019employeur s\u2019appuie sur un r\u00e9seau pour son offre de cr\u00e8che d\u2019entreprise.\n<p>Dans les deux cas, les temps de trajets sont optimis\u00e9s.<\/li>\n<p><!-- \/wp:list-item --><\/ul>\n<p><!-- \/wp:list --><\/p>\n<p><!-- wp:image {\"id\":51027,\"sizeSlug\":\"large\",\"linkDestination\":\"none\"} --><\/p>\n<figure class=\"wp-block-image size-large\"><img src=\"https:\/\/www.wojo.com\/blog\/wp-content\/uploads\/2022\/11\/Circuit-Creche-dentreprise-Wojo-1024x683.jpg\" alt=\"\" class=\"wp-image-51027\"\/><\/figure>\n<p><!-- \/wp:image --><\/p>\n<p><!-- wp:heading {\"level\":3} --><\/p>\n<h3 class=\"wp-block-heading\">Et listons les rares inconv\u00e9nients<\/h3>\n<p><!-- \/wp:heading --><\/p>\n<p><!-- wp:paragraph --><\/p>\n<p>Le principal inconv\u00e9nient des cr\u00e8ches d\u2019entreprise\u2026 est que toutes les entreprises n\u2019en proposent pas encore&nbsp;&#x1f60a;. Le co\u00fbt d\u2019une cr\u00e8che d\u2019entreprise peut \u00eatre l\u00e9g\u00e8rement sup\u00e9rieur \u00e0 celui d\u2019une cr\u00e8che municipale pour les parents si l\u2019\u00e9tablissement ne b\u00e9n\u00e9ficie pas de subventions. Autre b\u00e9mol, qui a son importance pour les jeunes enfants&nbsp;: si la cr\u00e8che est \u00e0 proximit\u00e9 de l\u2019entreprise, le trajet peut \u00eatre long pour des tout-petits (et leurs parents). Enfin, rappelons qu\u2019une cr\u00e8che d\u2019entreprise interne n\u00e9cessite un certain nombre d\u2019enfants pour fonctionner.<\/p>\n<p><!-- \/wp:paragraph --><\/p>\n<p><!-- wp:heading --><\/p>\n<h2 class=\"wp-block-heading\">Cr\u00e8che d\u2019entreprise, pourquoi se lancer ?<\/h2>\n<p><!-- \/wp:heading --><\/p>\n<p><!-- wp:paragraph --><\/p>\n<p><strong>Attractivit\u00e9, fid\u00e9lisation, bien-\u00eatre au travail\u2026 L\u2019employeur a beaucoup \u00e0 gagner \u00e0 proposer une offre de cr\u00e8che d\u2019entreprise \u00e0 ses collaborateurs. Cet avantage n\u2019est plus r\u00e9serv\u00e9 aux grandes entreprises gr\u00e2ce au d\u00e9veloppement des cr\u00e8ches inter-entreprises. Les sites Wojo ne proposent pas de cr\u00e8ches int\u00e9gr\u00e9es \u00e0 leurs espaces, mais utilisent leur connaissance de l\u2019\u00e9cosyst\u00e8me local pour proposer des solutions \u00e0 proximit\u00e9 de leurs espaces aux membres qui souhaitent \u00e9tudier cette solution. On s\u2019en parle&nbsp;?<\/strong><\/p>\n<p><!-- \/wp:paragraph --><\/p>\n<p><!-- wp:spacer {\"height\":\"39px\"} --><\/p>\n<div style=\"height:39px\" aria-hidden=\"true\" class=\"wp-block-spacer\"><\/div>\n<p><!-- \/wp:spacer --><\/p>\n<p><!-- wp:buttons --><\/p>\n<div class=\"wp-block-buttons\"><!-- wp:button {\"backgroundColor\":\"vivid-cyan-blue\",\"className\":\"aligncenter\"} --><\/p>\n<div class=\"wp-block-button aligncenter\"><a class=\"wp-block-button__link has-vivid-cyan-blue-background-color has-background wp-element-button\" href=\"https:\/\/calendly.com\/wojo-hub-fr\/blog?month=2022-03\" target=\"_blank\" rel=\"noreferrer noopener\">\u00c9changer avec un expert des espaces de travail et des services associ\u00e9s<\/a><\/div>\n<p><!-- \/wp:button --><\/div>\n<p><!-- \/wp:buttons --><\/p>\n<p><!-- wp:custom-blog\/block {\"type\":\"a-lire\",\"icon\":\"&#x1f4d6;\",\"title\":\"\u00c0 lire aussi : \",\"linkText\":\"Travail et vacances scolaires, comment s'organiser ?\",\"linkUrl\":\"https:\/\/www.wojo.com\/blog\/fr\/du-bonheur-en-boite\/guide-de-survie-travail-vacances-scolaires-faire\/\",\"openInNewTab\":true} --><\/p>\n<div class=\"bloc-a-lire bloc-flex\">\n<p>\u00c0 lire aussi : <\/p>\n<p><a href=\"https:\/\/www.wojo.com\/blog\/fr\/du-bonheur-en-boite\/guide-de-survie-travail-vacances-scolaires-faire\/\" target=\"_blank\" rel=\"noopener noreferrer\"><span>Travail et vacances scolaires, comment s'organiser ?<\/span><\/a><\/div>\n<p><!-- \/wp:custom-blog\/block --><\/p>\n<p><!-- wp:paragraph --><\/p>\n<p><!-- \/wp:paragraph --><\/p>\n","protected":false},"excerpt":{"rendered":"<p>Afin de garantir un meilleur \u00e9quilibre entre vie professionnelle et vie personnelle, de nombreuses entreprises proposent d\u00e9sormais des solutions de garde d\u2019enfant \u00e0 leurs collaborateurs. Cet engagement RSE en faveur de la parentalit\u00e9 a du sens quand on sait que pr\u00e8s de 20 % des parents n\u2019obtiennent pas de mode de garde. Cette aide aux [&hellip;]<\/p>\n","protected":false},"author":1,"featured_media":51031,"comment_status":"closed","ping_status":"open","sticky":false,"template":"","format":"standard","meta":{"podcast_url_v2":"","footnotes":""},"categories":[14],"tags":[266,285,249],"class_list":["post-51024","post","type-post","status-publish","format-standard","has-post-thumbnail","hentry","category-du-bonheur-en-boite","tag-marque-employeur","tag-qvt","tag-livre-blanc-strategie-rse-fr"],"yoast_head":"<!-- This site is optimized with the Yoast SEO plugin v27.4 - https:\/\/yoast.com\/product\/yoast-seo-wordpress\/ -->\n<title>Cr\u00e8che d\u2019entreprise : beaucoup d\u2019avantages et peu d\u2019inconv\u00e9nients<\/title>\n<meta name=\"description\" content=\"Atout majeur pour la marque employeur, comment fonctionne une cr\u00e8che d\u2019entreprise ? Quel est le co\u00fbt pour l\u2019employeur ? Explications !\" \/>\n<meta name=\"robots\" content=\"index, follow, max-snippet:-1, max-image-preview:large, max-video-preview:-1\" \/>\n<link rel=\"canonical\" href=\"https:\/\/www.wojo.com\/blog\/fr\/du-bonheur-en-boite\/creche-dentreprise-avantages-et-inconvenients-pour-employeur\/\" \/>\n<meta property=\"og:locale\" content=\"fr_FR\" \/>\n<meta property=\"og:type\" content=\"article\" \/>\n<meta property=\"og:title\" content=\"Cr\u00e8che d\u2019entreprise : beaucoup d\u2019avantages et peu d\u2019inconv\u00e9nients\" \/>\n<meta property=\"og:description\" content=\"Atout majeur pour la marque employeur, comment fonctionne une cr\u00e8che d\u2019entreprise ? Quel est le co\u00fbt pour l\u2019employeur ? Explications !\" \/>\n<meta property=\"og:url\" content=\"https:\/\/www.wojo.com\/blog\/fr\/du-bonheur-en-boite\/creche-dentreprise-avantages-et-inconvenients-pour-employeur\/\" \/>\n<meta property=\"og:site_name\" content=\"Blog Wojo\" \/>\n<meta property=\"article:publisher\" content=\"https:\/\/www.facebook.com\/Wojo.coworking\/\" \/>\n<meta property=\"article:published_time\" content=\"2022-11-03T15:20:00+00:00\" \/>\n<meta property=\"article:modified_time\" content=\"2026-01-06T10:49:43+00:00\" \/>\n<meta property=\"og:image\" content=\"https:\/\/www.wojo.com\/blog\/wp-content\/uploads\/2022\/11\/Creche-dentreprise-Wojo-scaled.jpg\" \/>\n\t<meta property=\"og:image:width\" content=\"2560\" \/>\n\t<meta property=\"og:image:height\" content=\"1709\" \/>\n\t<meta property=\"og:image:type\" content=\"image\/jpeg\" \/>\n<meta name=\"author\" content=\"Wojo\" \/>\n<meta name=\"twitter:card\" content=\"summary_large_image\" \/>\n<meta name=\"twitter:creator\" content=\"@Wojo_co\" \/>\n<meta name=\"twitter:site\" content=\"@Wojo_co\" \/>\n<meta name=\"twitter:label1\" content=\"\u00c9crit par\" \/>\n\t<meta name=\"twitter:data1\" content=\"Wojo\" \/>\n\t<meta name=\"twitter:label2\" content=\"Dur\u00e9e de lecture estim\u00e9e\" \/>\n\t<meta name=\"twitter:data2\" content=\"8 minutes\" \/>\n<script type=\"application\/ld+json\" class=\"yoast-schema-graph\">{\"@context\":\"https:\\\/\\\/schema.org\",\"@graph\":[{\"@type\":\"Article\",\"@id\":\"https:\\\/\\\/www.wojo.com\\\/blog\\\/fr\\\/du-bonheur-en-boite\\\/creche-dentreprise-avantages-et-inconvenients-pour-employeur\\\/#article\",\"isPartOf\":{\"@id\":\"https:\\\/\\\/www.wojo.com\\\/blog\\\/fr\\\/du-bonheur-en-boite\\\/creche-dentreprise-avantages-et-inconvenients-pour-employeur\\\/\"},\"author\":{\"name\":\"Wojo\",\"@id\":\"https:\\\/\\\/www.wojo.com\\\/blog\\\/#\\\/schema\\\/person\\\/52175cfaea09e0d3479bdd89e2993639\"},\"headline\":\"Faire grandir sa marque employeur avec une cr\u00e8che d\u2019entreprise\",\"datePublished\":\"2022-11-03T15:20:00+00:00\",\"dateModified\":\"2026-01-06T10:49:43+00:00\",\"mainEntityOfPage\":{\"@id\":\"https:\\\/\\\/www.wojo.com\\\/blog\\\/fr\\\/du-bonheur-en-boite\\\/creche-dentreprise-avantages-et-inconvenients-pour-employeur\\\/\"},\"wordCount\":1719,\"publisher\":{\"@id\":\"https:\\\/\\\/www.wojo.com\\\/blog\\\/#organization\"},\"image\":{\"@id\":\"https:\\\/\\\/www.wojo.com\\\/blog\\\/fr\\\/du-bonheur-en-boite\\\/creche-dentreprise-avantages-et-inconvenients-pour-employeur\\\/#primaryimage\"},\"thumbnailUrl\":\"https:\\\/\\\/www.wojo.com\\\/blog\\\/wp-content\\\/uploads\\\/2022\\\/11\\\/Creche-dentreprise-Wojo-scaled.jpg\",\"keywords\":[\"Marque employeur\",\"QVT\",\"Ressource - strat\u00e9gie RSE\"],\"articleSection\":[\"Du bonheur en bo\u00eete\"],\"inLanguage\":\"fr-FR\"},{\"@type\":\"WebPage\",\"@id\":\"https:\\\/\\\/www.wojo.com\\\/blog\\\/fr\\\/du-bonheur-en-boite\\\/creche-dentreprise-avantages-et-inconvenients-pour-employeur\\\/\",\"url\":\"https:\\\/\\\/www.wojo.com\\\/blog\\\/fr\\\/du-bonheur-en-boite\\\/creche-dentreprise-avantages-et-inconvenients-pour-employeur\\\/\",\"name\":\"Cr\u00e8che d\u2019entreprise : beaucoup d\u2019avantages et peu d\u2019inconv\u00e9nients\",\"isPartOf\":{\"@id\":\"https:\\\/\\\/www.wojo.com\\\/blog\\\/#website\"},\"primaryImageOfPage\":{\"@id\":\"https:\\\/\\\/www.wojo.com\\\/blog\\\/fr\\\/du-bonheur-en-boite\\\/creche-dentreprise-avantages-et-inconvenients-pour-employeur\\\/#primaryimage\"},\"image\":{\"@id\":\"https:\\\/\\\/www.wojo.com\\\/blog\\\/fr\\\/du-bonheur-en-boite\\\/creche-dentreprise-avantages-et-inconvenients-pour-employeur\\\/#primaryimage\"},\"thumbnailUrl\":\"https:\\\/\\\/www.wojo.com\\\/blog\\\/wp-content\\\/uploads\\\/2022\\\/11\\\/Creche-dentreprise-Wojo-scaled.jpg\",\"datePublished\":\"2022-11-03T15:20:00+00:00\",\"dateModified\":\"2026-01-06T10:49:43+00:00\",\"description\":\"Atout majeur pour la marque employeur, comment fonctionne une cr\u00e8che d\u2019entreprise ? Quel est le co\u00fbt pour l\u2019employeur ? Explications !\",\"breadcrumb\":{\"@id\":\"https:\\\/\\\/www.wojo.com\\\/blog\\\/fr\\\/du-bonheur-en-boite\\\/creche-dentreprise-avantages-et-inconvenients-pour-employeur\\\/#breadcrumb\"},\"inLanguage\":\"fr-FR\",\"potentialAction\":[{\"@type\":\"ReadAction\",\"target\":[\"https:\\\/\\\/www.wojo.com\\\/blog\\\/fr\\\/du-bonheur-en-boite\\\/creche-dentreprise-avantages-et-inconvenients-pour-employeur\\\/\"]}]},{\"@type\":\"ImageObject\",\"inLanguage\":\"fr-FR\",\"@id\":\"https:\\\/\\\/www.wojo.com\\\/blog\\\/fr\\\/du-bonheur-en-boite\\\/creche-dentreprise-avantages-et-inconvenients-pour-employeur\\\/#primaryimage\",\"url\":\"https:\\\/\\\/www.wojo.com\\\/blog\\\/wp-content\\\/uploads\\\/2022\\\/11\\\/Creche-dentreprise-Wojo-scaled.jpg\",\"contentUrl\":\"https:\\\/\\\/www.wojo.com\\\/blog\\\/wp-content\\\/uploads\\\/2022\\\/11\\\/Creche-dentreprise-Wojo-scaled.jpg\",\"width\":2560,\"height\":1709},{\"@type\":\"BreadcrumbList\",\"@id\":\"https:\\\/\\\/www.wojo.com\\\/blog\\\/fr\\\/du-bonheur-en-boite\\\/creche-dentreprise-avantages-et-inconvenients-pour-employeur\\\/#breadcrumb\",\"itemListElement\":[{\"@type\":\"ListItem\",\"position\":1,\"name\":\"Accueil\",\"item\":\"https:\\\/\\\/www.wojo.com\\\/blog\\\/fr\\\/\"},{\"@type\":\"ListItem\",\"position\":2,\"name\":\"Du bonheur en bo\u00eete\",\"item\":\"https:\\\/\\\/www.wojo.com\\\/blog\\\/fr\\\/category\\\/du-bonheur-en-boite\\\/\"},{\"@type\":\"ListItem\",\"position\":3,\"name\":\"Faire grandir sa marque employeur avec une cr\u00e8che d\u2019entreprise\"}]},{\"@type\":\"WebSite\",\"@id\":\"https:\\\/\\\/www.wojo.com\\\/blog\\\/#website\",\"url\":\"https:\\\/\\\/www.wojo.com\\\/blog\\\/\",\"name\":\"Blog Wojo\",\"description\":\"Work. Share. Live.\",\"publisher\":{\"@id\":\"https:\\\/\\\/www.wojo.com\\\/blog\\\/#organization\"},\"potentialAction\":[{\"@type\":\"SearchAction\",\"target\":{\"@type\":\"EntryPoint\",\"urlTemplate\":\"https:\\\/\\\/www.wojo.com\\\/blog\\\/?s={search_term_string}\"},\"query-input\":{\"@type\":\"PropertyValueSpecification\",\"valueRequired\":true,\"valueName\":\"search_term_string\"}}],\"inLanguage\":\"fr-FR\"},{\"@type\":\"Organization\",\"@id\":\"https:\\\/\\\/www.wojo.com\\\/blog\\\/#organization\",\"name\":\"Wojo\",\"url\":\"https:\\\/\\\/www.wojo.com\\\/blog\\\/\",\"logo\":{\"@type\":\"ImageObject\",\"inLanguage\":\"fr-FR\",\"@id\":\"https:\\\/\\\/www.wojo.com\\\/blog\\\/#\\\/schema\\\/logo\\\/image\\\/\",\"url\":\"\",\"contentUrl\":\"\",\"caption\":\"Wojo\"},\"image\":{\"@id\":\"https:\\\/\\\/www.wojo.com\\\/blog\\\/#\\\/schema\\\/logo\\\/image\\\/\"},\"sameAs\":[\"https:\\\/\\\/www.facebook.com\\\/Wojo.coworking\\\/\",\"https:\\\/\\\/x.com\\\/Wojo_co\",\"https:\\\/\\\/instagram.com\\\/wojo_co\\\/\",\"https:\\\/\\\/www.linkedin.com\\\/company\\\/wojo-co\\\/\",\"https:\\\/\\\/www.youtube.com\\\/channel\\\/UCorVBPUgSsTQ3zUR9CYSp8Q\"]},{\"@type\":\"Person\",\"@id\":\"https:\\\/\\\/www.wojo.com\\\/blog\\\/#\\\/schema\\\/person\\\/52175cfaea09e0d3479bdd89e2993639\",\"name\":\"Wojo\"}]}<\/script>\n<!-- \/ Yoast SEO plugin. -->","yoast_head_json":{"title":"Cr\u00e8che d\u2019entreprise : beaucoup d\u2019avantages et peu d\u2019inconv\u00e9nients","description":"Atout majeur pour la marque employeur, comment fonctionne une cr\u00e8che d\u2019entreprise ? Quel est le co\u00fbt pour l\u2019employeur ? Explications !","robots":{"index":"index","follow":"follow","max-snippet":"max-snippet:-1","max-image-preview":"max-image-preview:large","max-video-preview":"max-video-preview:-1"},"canonical":"https:\/\/www.wojo.com\/blog\/fr\/du-bonheur-en-boite\/creche-dentreprise-avantages-et-inconvenients-pour-employeur\/","og_locale":"fr_FR","og_type":"article","og_title":"Cr\u00e8che d\u2019entreprise : beaucoup d\u2019avantages et peu d\u2019inconv\u00e9nients","og_description":"Atout majeur pour la marque employeur, comment fonctionne une cr\u00e8che d\u2019entreprise ? Quel est le co\u00fbt pour l\u2019employeur ? Explications !","og_url":"https:\/\/www.wojo.com\/blog\/fr\/du-bonheur-en-boite\/creche-dentreprise-avantages-et-inconvenients-pour-employeur\/","og_site_name":"Blog Wojo","article_publisher":"https:\/\/www.facebook.com\/Wojo.coworking\/","article_published_time":"2022-11-03T15:20:00+00:00","article_modified_time":"2026-01-06T10:49:43+00:00","og_image":[{"width":2560,"height":1709,"url":"https:\/\/www.wojo.com\/blog\/wp-content\/uploads\/2022\/11\/Creche-dentreprise-Wojo-scaled.jpg","type":"image\/jpeg"}],"author":"Wojo","twitter_card":"summary_large_image","twitter_creator":"@Wojo_co","twitter_site":"@Wojo_co","twitter_misc":{"\u00c9crit par":"Wojo","Dur\u00e9e de lecture estim\u00e9e":"8 minutes"},"schema":{"@context":"https:\/\/schema.org","@graph":[{"@type":"Article","@id":"https:\/\/www.wojo.com\/blog\/fr\/du-bonheur-en-boite\/creche-dentreprise-avantages-et-inconvenients-pour-employeur\/#article","isPartOf":{"@id":"https:\/\/www.wojo.com\/blog\/fr\/du-bonheur-en-boite\/creche-dentreprise-avantages-et-inconvenients-pour-employeur\/"},"author":{"name":"Wojo","@id":"https:\/\/www.wojo.com\/blog\/#\/schema\/person\/52175cfaea09e0d3479bdd89e2993639"},"headline":"Faire grandir sa marque employeur avec une cr\u00e8che d\u2019entreprise","datePublished":"2022-11-03T15:20:00+00:00","dateModified":"2026-01-06T10:49:43+00:00","mainEntityOfPage":{"@id":"https:\/\/www.wojo.com\/blog\/fr\/du-bonheur-en-boite\/creche-dentreprise-avantages-et-inconvenients-pour-employeur\/"},"wordCount":1719,"publisher":{"@id":"https:\/\/www.wojo.com\/blog\/#organization"},"image":{"@id":"https:\/\/www.wojo.com\/blog\/fr\/du-bonheur-en-boite\/creche-dentreprise-avantages-et-inconvenients-pour-employeur\/#primaryimage"},"thumbnailUrl":"https:\/\/www.wojo.com\/blog\/wp-content\/uploads\/2022\/11\/Creche-dentreprise-Wojo-scaled.jpg","keywords":["Marque employeur","QVT","Ressource - strat\u00e9gie RSE"],"articleSection":["Du bonheur en bo\u00eete"],"inLanguage":"fr-FR"},{"@type":"WebPage","@id":"https:\/\/www.wojo.com\/blog\/fr\/du-bonheur-en-boite\/creche-dentreprise-avantages-et-inconvenients-pour-employeur\/","url":"https:\/\/www.wojo.com\/blog\/fr\/du-bonheur-en-boite\/creche-dentreprise-avantages-et-inconvenients-pour-employeur\/","name":"Cr\u00e8che d\u2019entreprise : beaucoup d\u2019avantages et peu d\u2019inconv\u00e9nients","isPartOf":{"@id":"https:\/\/www.wojo.com\/blog\/#website"},"primaryImageOfPage":{"@id":"https:\/\/www.wojo.com\/blog\/fr\/du-bonheur-en-boite\/creche-dentreprise-avantages-et-inconvenients-pour-employeur\/#primaryimage"},"image":{"@id":"https:\/\/www.wojo.com\/blog\/fr\/du-bonheur-en-boite\/creche-dentreprise-avantages-et-inconvenients-pour-employeur\/#primaryimage"},"thumbnailUrl":"https:\/\/www.wojo.com\/blog\/wp-content\/uploads\/2022\/11\/Creche-dentreprise-Wojo-scaled.jpg","datePublished":"2022-11-03T15:20:00+00:00","dateModified":"2026-01-06T10:49:43+00:00","description":"Atout majeur pour la marque employeur, comment fonctionne une cr\u00e8che d\u2019entreprise ? Quel est le co\u00fbt pour l\u2019employeur ? Explications !","breadcrumb":{"@id":"https:\/\/www.wojo.com\/blog\/fr\/du-bonheur-en-boite\/creche-dentreprise-avantages-et-inconvenients-pour-employeur\/#breadcrumb"},"inLanguage":"fr-FR","potentialAction":[{"@type":"ReadAction","target":["https:\/\/www.wojo.com\/blog\/fr\/du-bonheur-en-boite\/creche-dentreprise-avantages-et-inconvenients-pour-employeur\/"]}]},{"@type":"ImageObject","inLanguage":"fr-FR","@id":"https:\/\/www.wojo.com\/blog\/fr\/du-bonheur-en-boite\/creche-dentreprise-avantages-et-inconvenients-pour-employeur\/#primaryimage","url":"https:\/\/www.wojo.com\/blog\/wp-content\/uploads\/2022\/11\/Creche-dentreprise-Wojo-scaled.jpg","contentUrl":"https:\/\/www.wojo.com\/blog\/wp-content\/uploads\/2022\/11\/Creche-dentreprise-Wojo-scaled.jpg","width":2560,"height":1709},{"@type":"BreadcrumbList","@id":"https:\/\/www.wojo.com\/blog\/fr\/du-bonheur-en-boite\/creche-dentreprise-avantages-et-inconvenients-pour-employeur\/#breadcrumb","itemListElement":[{"@type":"ListItem","position":1,"name":"Accueil","item":"https:\/\/www.wojo.com\/blog\/fr\/"},{"@type":"ListItem","position":2,"name":"Du bonheur en bo\u00eete","item":"https:\/\/www.wojo.com\/blog\/fr\/category\/du-bonheur-en-boite\/"},{"@type":"ListItem","position":3,"name":"Faire grandir sa marque employeur avec une cr\u00e8che d\u2019entreprise"}]},{"@type":"WebSite","@id":"https:\/\/www.wojo.com\/blog\/#website","url":"https:\/\/www.wojo.com\/blog\/","name":"Blog Wojo","description":"Work. Share. Live.","publisher":{"@id":"https:\/\/www.wojo.com\/blog\/#organization"},"potentialAction":[{"@type":"SearchAction","target":{"@type":"EntryPoint","urlTemplate":"https:\/\/www.wojo.com\/blog\/?s={search_term_string}"},"query-input":{"@type":"PropertyValueSpecification","valueRequired":true,"valueName":"search_term_string"}}],"inLanguage":"fr-FR"},{"@type":"Organization","@id":"https:\/\/www.wojo.com\/blog\/#organization","name":"Wojo","url":"https:\/\/www.wojo.com\/blog\/","logo":{"@type":"ImageObject","inLanguage":"fr-FR","@id":"https:\/\/www.wojo.com\/blog\/#\/schema\/logo\/image\/","url":"","contentUrl":"","caption":"Wojo"},"image":{"@id":"https:\/\/www.wojo.com\/blog\/#\/schema\/logo\/image\/"},"sameAs":["https:\/\/www.facebook.com\/Wojo.coworking\/","https:\/\/x.com\/Wojo_co","https:\/\/instagram.com\/wojo_co\/","https:\/\/www.linkedin.com\/company\/wojo-co\/","https:\/\/www.youtube.com\/channel\/UCorVBPUgSsTQ3zUR9CYSp8Q"]},{"@type":"Person","@id":"https:\/\/www.wojo.com\/blog\/#\/schema\/person\/52175cfaea09e0d3479bdd89e2993639","name":"Wojo"}]}},"_links":{"self":[{"href":"https:\/\/www.wojo.com\/blog\/wp-json\/wp\/v2\/posts\/51024","targetHints":{"allow":["GET"]}}],"collection":[{"href":"https:\/\/www.wojo.com\/blog\/wp-json\/wp\/v2\/posts"}],"about":[{"href":"https:\/\/www.wojo.com\/blog\/wp-json\/wp\/v2\/types\/post"}],"author":[{"embeddable":true,"href":"https:\/\/www.wojo.com\/blog\/wp-json\/wp\/v2\/users\/1"}],"replies":[{"embeddable":true,"href":"https:\/\/www.wojo.com\/blog\/wp-json\/wp\/v2\/comments?post=51024"}],"version-history":[{"count":1,"href":"https:\/\/www.wojo.com\/blog\/wp-json\/wp\/v2\/posts\/51024\/revisions"}],"predecessor-version":[{"id":304368,"href":"https:\/\/www.wojo.com\/blog\/wp-json\/wp\/v2\/posts\/51024\/revisions\/304368"}],"wp:featuredmedia":[{"embeddable":true,"href":"https:\/\/www.wojo.com\/blog\/wp-json\/wp\/v2\/media\/51031"}],"wp:attachment":[{"href":"https:\/\/www.wojo.com\/blog\/wp-json\/wp\/v2\/media?parent=51024"}],"wp:term":[{"taxonomy":"category","embeddable":true,"href":"https:\/\/www.wojo.com\/blog\/wp-json\/wp\/v2\/categories?post=51024"},{"taxonomy":"post_tag","embeddable":true,"href":"https:\/\/www.wojo.com\/blog\/wp-json\/wp\/v2\/tags?post=51024"}],"curies":[{"name":"wp","href":"https:\/\/api.w.org\/{rel}","templated":true}]}}