{"id":60383,"date":"2026-04-23T09:19:00","date_gmt":"2026-04-23T07:19:00","guid":{"rendered":"https:\/\/www.wojo.com\/blog\/?p=60383"},"modified":"2026-04-24T15:42:26","modified_gmt":"2026-04-24T13:42:26","slug":"developper-sa-marque-employeur-16-leviers-a-activer","status":"publish","type":"post","link":"https:\/\/www.wojo.com\/blog\/fr\/la-boite-a-outils\/developper-sa-marque-employeur-16-leviers-a-activer\/","title":{"rendered":"D\u00e9velopper sa marque employeur\u00a0: quels leviers activer ?"},"content":{"rendered":"<p><!-- wp:paragraph --><\/p>\n<p><strong>Dans un contexte de guerre des talents, d\u00e9velopper sa marque employeur est un atout d\u00e9cisif. Une marque employeur forte contribue \u00e0 attirer les talents, \u00e0 les fid\u00e9liser et renforce le sentiment d\u2019appartenance \u00e0 l\u2019entreprise. Alors comment la d\u00e9velopper, \u00e0 la fois en interne et en externe\u00a0? D\u00e9couvrez en d\u00e9tail les leviers \u00e0 activer pour construire votre strat\u00e9gie compl\u00e8te de marque employeur.\u00a0<\/strong><\/p>\n<p><!-- \/wp:paragraph --><\/p>\n<p><!-- wp:custom-blog\/block {\"showIcon\":false,\"title\":\"En bref\"} --><\/p>\n<div class=\"bloc-en-bref bloc-flex\">\n<div class=\"bloc-content\">\n<h3>En bref<\/h3>\n<div class=\"bloc-description\"><!-- wp:paragraph {\"placeholder\":\"Votre description...\"} --><\/p>\n<p>\u2022 <strong>Un levier strat\u00e9gique pour attirer et fid\u00e9liser<\/strong> : une marque employeur solide am\u00e9liore l\u2019exp\u00e9rience collaborateur, attire des profils align\u00e9s avec vos valeurs et r\u00e9duit jusqu\u2019\u00e0 50 % les co\u00fbts de recrutement.<\/p>\n<p><!-- \/wp:paragraph --><\/p>\n<p><!-- wp:paragraph --><\/p>\n<p>\u2022 <strong>Un \u00e9quilibre cl\u00e9 entre interne et externe<\/strong> : visibilit\u00e9 digitale, exp\u00e9rience candidat et e-r\u00e9putation d\u2019un c\u00f4t\u00e9 ; management, bien-\u00eatre, formation et flexibilit\u00e9 de l\u2019autre\u2026 Les deux dimensions doivent avancer ensemble.<\/p>\n<p><!-- \/wp:paragraph --><\/p>\n<p><!-- wp:paragraph {\"placeholder\":\"Votre description...\"} --><\/p>\n<p>\u2022 <strong>Des attentes collaborateurs en forte \u00e9volution<\/strong> : qu\u00eate de sens, \u00e9quilibre de vie, flexibilit\u00e9, mont\u00e9e en comp\u00e9tences et engagement RSE sont d\u00e9sormais au c\u0153ur de l\u2019attractivit\u00e9 et de la r\u00e9tention des talents.<\/p>\n<p><!-- \/wp:paragraph --><\/div>\n<\/div>\n<\/div>\n<p><!-- \/wp:custom-blog\/block --><\/p>\n<p><!-- wp:heading --><\/p>\n<h2 class=\"wp-block-heading\">Marque employeur\u00a0: d\u00e9finition<\/h2>\n<p><!-- \/wp:heading --><\/p>\n<p><!-- wp:paragraph --><\/p>\n<p>La notion de <strong>marque employeur d\u00e9signe la r\u00e9putation d\u2019une entreprise ou organisation vis-\u00e0-vis de l\u2019ensemble de ses parties prenantes<\/strong>&nbsp;: collaborateurs pr\u00e9sents et futurs, \u00e9coles, cabinets de recrutement, et m\u00eame concurrents. Elle r\u00e9unit la notion de \u00ab&nbsp;marque&nbsp;\u00bb, un terme marketing, avec celle d\u2019\u00ab employeur&nbsp;\u00bb, une notion RH.<\/p>\n<p><!-- \/wp:paragraph --><\/p>\n<p><!-- wp:paragraph --><\/p>\n<p><strong>Elle constitue le pendant indissociable de la marque commerciale<\/strong>, utilis\u00e9e pour promouvoir les produits ou services propos\u00e9s par l\u2019organisation. De m\u00eame que la marque commerciale a pour mission de convaincre les clients, <strong>la marque employeur constitue un \u00e9l\u00e9ment diff\u00e9renciant par rapport \u00e0 ses concurrents pour mieux attirer des talents, fid\u00e9liser les collaborateurs et renforcer le sentiment d\u2019appartenance<\/strong> en valorisant sa culture d\u2019entreprise. Elle englobe des outils de communication internes et externes pour faire rayonner ses valeurs, sa vision de son march\u00e9, ses ambitions et son identit\u00e9.<\/p>\n<p><!-- \/wp:paragraph --><\/p>\n<p><!-- wp:heading --><\/p>\n<h2 class=\"wp-block-heading\">Pourquoi d\u00e9velopper sa marque employeur&nbsp;?<\/h2>\n<p><!-- \/wp:heading --><\/p>\n<p><!-- wp:paragraph --><\/p>\n<p>Cette question a pris une importance croissante ces derni\u00e8res ann\u00e9es. Les barom\u00e8tres mondiaux men\u00e9s par JLL<sup>1<\/sup> le confirment ann\u00e9e apr\u00e8s ann\u00e9e&nbsp;: <strong>plus des deux tiers des employ\u00e9s attendent d\u00e9sormais de leur employeur la garantie d\u2019un bon \u00e9quilibre entre leur vie personnelle et professionnelle<\/strong>. Une attente qui prime m\u00eame sur la r\u00e9mun\u00e9ration, et pourrait les pousser \u00e0 quitter l\u2019entreprise si elle n\u2019est pas prise en compte.<\/p>\n<p><!-- \/wp:paragraph --><\/p>\n<p><!-- wp:paragraph --><\/p>\n<p><strong>L\u2019objectif d\u2019une marque employeur forte est donc d\u2019am\u00e9liorer l\u2019exp\u00e9rience collaborateur.<\/strong> Cela passe par une ambiance de travail bienveillante et conviviale favorisant le bien-\u00eatre. Cela implique aussi de veiller \u00e0 reconna\u00eetre la qualit\u00e9 du travail effectu\u00e9 et \u00e0 faire preuve de respect et d\u2019\u00e9quit\u00e9 envers tous les salari\u00e9s.<\/p>\n<p><!-- \/wp:paragraph --><\/p>\n<p><!-- wp:paragraph --><\/p>\n<p><strong>Ce branding employeur se refl\u00e8te enfin dans la strat\u00e9gie de recrutement et l\u2019exp\u00e9rience candidats<\/strong>. Il contribue \u00e0 attirer des talents qualifi\u00e9s, qui partagent les valeurs et la vision de l\u2019organisation.<\/p>\n<p><!-- \/wp:paragraph --><\/p>\n<p><!-- wp:heading --><\/p>\n<h2 class=\"wp-block-heading\">Diminuer le co\u00fbt du recrutement de talents gr\u00e2ce \u00e0 sa marque employeur<\/h2>\n<p><!-- \/wp:heading --><\/p>\n<p><!-- wp:paragraph --><\/p>\n<p><strong>Investir dans sa marque employeur permettrait de r\u00e9duire de pr\u00e8s de 50 % le co\u00fbt d\u2019un recrutement pour un poste \u00e0 pourvoir<\/strong>, selon une \u00e9tude men\u00e9e par Seekube et LinkedIn<sup>2<\/sup>. Si recruter les meilleurs candidats co\u00fbte cher, <strong>embaucher un mauvais profil repr\u00e9sente aussi une tr\u00e8s mauvaise op\u00e9ration. Un montant qui grimpe vite, <\/strong>si l\u2019on additionneles co\u00fbts directs (cabinet, jobboards, co\u00fbt de licenciement, etc.) et indirects (retard sur les objectifs, perte de motivation dans l\u2019\u00e9quipe, formation de la nouvelle recrue, etc.). Helloworkplace<sup>3<\/sup> donne ainsi l\u2019exemple de l\u2019embauche d\u2019un collaborateur embauch\u00e9 \u00e0 50K bruts annuels. S\u2019il quitte la soci\u00e9t\u00e9 apr\u00e8s six mois, le co\u00fbt total de ce mauvais recrutement s\u2019\u00e9l\u00e8ve \u00e0 43 000 \u20ac. Plus le niveau de r\u00e9mun\u00e9ration est \u00e9lev\u00e9, et plus un mauvais recrutement co\u00fbte cher.\u00a0<\/p>\n<p><!-- \/wp:paragraph --><\/p>\n<p><!-- wp:paragraph --><\/p>\n<p><strong>Une marque employeur forte permettra de recruter des candidats en accord avec les valeurs et la vision de l\u2019entreprise<\/strong>. Ils s\u2019y projettent \u00e0 plus long terme, ce qui r\u00e9duit le turn-over et les co\u00fbts associ\u00e9s. Conserver les talents n\u00e9cessite ensuite une mise en pratique des promesses faites par l\u2019organisation.<\/p>\n<p><!-- \/wp:paragraph --><\/p>\n<p><!-- wp:heading --><\/p>\n<h2 class=\"wp-block-heading\">Et fid\u00e9liser ses clients<\/h2>\n<p><!-- \/wp:heading --><\/p>\n<p><!-- wp:paragraph --><\/p>\n<p>La marque employeur est intrins\u00e8quement li\u00e9e \u00e0 la marque commerciale. Les clients sont aujourd\u2019hui soucieux de consommer des produits et services \u00e9manant d\u2019entreprises qui prennent soin de leurs collaborateurs. N\u00e9gliger cet aspect a des cons\u00e9quences \u00e0 moyen et long terme sur les performances commerciales.&nbsp;<\/p>\n<p><!-- \/wp:paragraph --><\/p>\n<p><!-- wp:heading --><\/p>\n<h2 class=\"wp-block-heading\">Comment d\u00e9velopper sa marque employeur&nbsp;en externe ?<\/h2>\n<p><!-- \/wp:heading --><\/p>\n<p><!-- wp:paragraph --><\/p>\n<p>Les outils sont vari\u00e9s. Ils touchent la strat\u00e9gie digitale, la strat\u00e9gie de recrutement, la r\u00e9putation de l\u2019employeur et son implantation dans l\u2019\u00e9cosyst\u00e8me local.<\/p>\n<p><!-- \/wp:paragraph --><\/p>\n<p><!-- wp:heading {\"level\":3} --><\/p>\n<h3 class=\"wp-block-heading\">Levier externe n\u00b01&nbsp;: Am\u00e9liorer l\u2019exp\u00e9rience sur son site web<\/h3>\n<p><!-- \/wp:heading --><\/p>\n<p><!-- wp:paragraph --><\/p>\n<p>D\u00e9velopper sa marque employeur commence par un <strong>site web<\/strong> qui refl\u00e8te l\u2019identit\u00e9, les valeurs et la vision de l\u2019entreprise via une charte graphique et \u00e9ditoriale forte. Augmenter sa visibilit\u00e9 passe par une strat\u00e9gie de contenus qui augmente le r\u00e9f\u00e9rencement naturel SEO sur les moteurs de recherche. Ces contenus doivent mettre en avant les valeurs susceptibles de r\u00e9pondre aux attentes des candidats, afin qu\u2019ils \u00e9valuent leur affinit\u00e9 avec elles lors de leur recherche d\u2019emploi.<\/p>\n<p><!-- \/wp:paragraph --><\/p>\n<p><!-- wp:heading {\"level\":3} --><\/p>\n<h3 class=\"wp-block-heading\">Levier externe n\u00b02&nbsp;: Renforcer sa pr\u00e9sence sur les r\u00e9seaux sociaux<\/h3>\n<p><!-- \/wp:heading --><\/p>\n<p><!-- wp:paragraph --><\/p>\n<p>Pour attirer des profils qualifi\u00e9s, <strong>l\u2019entreprise doit cr\u00e9er une page entreprise sur les r\u00e9seaux sociaux pertinents selon son activit\u00e9<\/strong>. Si LinkedIn est incontournable, elle peut ensuite investir sur Instagram, Pinterest, TikTok ou X. Ces pages contribuent \u00e0 cr\u00e9er des communaut\u00e9s engag\u00e9es autour de la marque employeur gr\u00e2ce \u00e0 des contenus inspirants&nbsp;sur&nbsp;:<\/p>\n<p><!-- \/wp:paragraph --><\/p>\n<p><!-- wp:list --><\/p>\n<ul class=\"wp-block-list\"><!-- wp:list-item --><\/p>\n<li>Ses bureaux (locaux modernes, conviviaux, dot\u00e9s d\u2019ext\u00e9rieurs et d\u2019espaces r\u00e9serv\u00e9s \u00e0 la d\u00e9tente) ;<\/li>\n<p><!-- \/wp:list-item --><\/p>\n<p><!-- wp:list-item --><\/p>\n<li>Les \u00e9v\u00e9nements de la vie de l\u2019entreprise (lancement produit, team building, salon, etc.) ;<\/li>\n<p><!-- \/wp:list-item --><\/p>\n<p><!-- wp:list-item --><\/p>\n<li>Les collaborateurs (portraits, interviews, tribune, etc.) ;<\/li>\n<p><!-- \/wp:list-item --><\/p>\n<p><!-- wp:list-item --><\/p>\n<li>Ses succ\u00e8s (nouveaux contrats, embauches, etc.) ;<\/li>\n<p><!-- \/wp:list-item --><\/p>\n<p><!-- wp:list-item --><\/p>\n<li>Les offres d\u2019emploi bien s\u00fbr.<\/li>\n<p><!-- \/wp:list-item --><\/ul>\n<p><!-- \/wp:list --><\/p>\n<p><!-- wp:buttons --><\/p>\n<div class=\"wp-block-buttons\"><!-- wp:button {\"backgroundColor\":\"vivid-cyan-blue\"} --><\/p>\n<div class=\"wp-block-button\"><a class=\"wp-block-button__link has-vivid-cyan-blue-background-color has-background wp-element-button\" href=\"https:\/\/www.wojo.com\/fr-FR\" target=\"_blank\" rel=\"noreferrer noopener\">D\u00e9couvrir le design des espaces de travail Wojo<\/a><\/div>\n<p><!-- \/wp:button --><\/div>\n<p><!-- \/wp:buttons --><\/p>\n<p><!-- wp:heading {\"level\":3} --><\/p>\n<h3 class=\"wp-block-heading\">Levier externe n\u00b03&nbsp;: Travailler son exp\u00e9rience candidat<\/h3>\n<p><!-- \/wp:heading --><\/p>\n<p><!-- wp:paragraph --><\/p>\n<p><strong>L\u2019exp\u00e9rience candidat, aussi appel\u00e9e exp\u00e9rience recrutement, nourrit la marque employeur et son rayonnement \u00e0 l\u2019externe<\/strong>. Elle passe par un process de recrutement court et efficace, qui commence par des offres d\u2019emploi bien diffus\u00e9es. La fiche de poste doit \u00eatre facile \u00e0 trouver et aller \u00e0 l\u2019essentiel. Elle donne des informations sur l\u2019organisation du travail dans la soci\u00e9t\u00e9, notamment le nombre de jours de t\u00e9l\u00e9travail, la flexibilit\u00e9 accord\u00e9e, etc.<\/p>\n<p><!-- \/wp:paragraph --><\/p>\n<p><!-- wp:paragraph --><\/p>\n<p>Chaque postulant, y compris les non retenus, doit recevoir une r\u00e9ponse. Un point essentiel quand on sait que, selon une enqu\u00eate Robert Half (2025)<sup>4<\/sup>, l'efficacit\u00e9 et la rapidit\u00e9 du processus sont devenues les crit\u00e8res de r\u00e9assurance majeurs. <strong>Une majorit\u00e9 de candidats se retirent d\u00e9sormais du process si le retour n'est pas imm\u00e9diat<\/strong>, percevant la lenteur comme un manque d'agilit\u00e9 de la culture d'entreprise.<\/p>\n<p><!-- \/wp:paragraph --><\/p>\n<p><!-- wp:image {\"id\":304552,\"width\":\"671px\",\"height\":\"auto\",\"aspectRatio\":\"1.4614095970787864\",\"sizeSlug\":\"full\",\"linkDestination\":\"none\",\"align\":\"center\"} --><\/p>\n<figure class=\"wp-block-image aligncenter size-full is-resized\"><img src=\"https:\/\/www.wojo.com\/blog\/wp-content\/uploads\/2022\/12\/image.png\" alt=\"\" class=\"wp-image-304552\" style=\"aspect-ratio:1.4614095970787864;width:671px;height:auto\"\/><\/figure>\n<p><!-- \/wp:image --><\/p>\n<p><!-- wp:heading {\"level\":3} --><\/p>\n<h3 class=\"wp-block-heading\">Levier externe n\u00b04&nbsp;: Cr\u00e9er un programme ambassadeurs<\/h3>\n<p><!-- \/wp:heading --><\/p>\n<p><!-- wp:paragraph --><\/p>\n<p>Qui mieux que les collaborateurs peut parler de l\u2019exp\u00e9rience collaborateur dans l\u2019entreprise&nbsp;? <strong>Un programme d\u2019<em>employee advocacy <\/em>les transforme en ambassadeurs de l\u2019entreprise<\/strong>. Afin de faire rayonner leur exp\u00e9rience positive, elle peut mettre \u00e0 leur disposition des outils d\u00e9di\u00e9s. Ces plateformes, comme <a href=\"https:\/\/haiilo.com\/fr\/employee-advocacy\/\" target=\"_blank\" rel=\"noreferrer noopener\">Haiilo<\/a>, <a href=\"https:\/\/www.sprinklr.com\/fr\/features\/employee-advocacy\/\" target=\"_blank\" rel=\"noreferrer noopener\">Sprinklr<\/a> ou encore <a href=\"https:\/\/www.lumapps.com\/fr\/plateforme\/employee-social-advocacy\/\" target=\"_blank\" rel=\"noreferrer noopener\">Lumapps<\/a> facilitent leur implication en leur permettant de diffuser des contenus en quelques secondes sur les r\u00e9seaux sociaux, tout en mesurant leur engagement.<\/p>\n<p><!-- \/wp:paragraph --><\/p>\n<p><!-- wp:paragraph --><\/p>\n<p><strong>Ils relaient les actualit\u00e9s de leur employeur sur leurs propres r\u00e9seaux sociaux, interviennent dans des \u00e9v\u00e9nements ou \u00e9coles au nom de l\u2019entreprise.<\/strong> Proposer une formation au bon usage des r\u00e9seaux sociaux et \u00e0 la prise de parole en public les aidera \u00e0 tirer le meilleur de cette implication.<\/p>\n<p><!-- \/wp:paragraph --><\/p>\n<p><!-- wp:heading {\"level\":3} --><\/p>\n<h3 class=\"wp-block-heading\">Levier externe n\u00b05&nbsp;: G\u00e9rer la e-r\u00e9putation de l\u2019entreprise<\/h3>\n<p><!-- \/wp:heading --><\/p>\n<p><!-- wp:paragraph --><\/p>\n<p>De nombreux candidats consultent d\u00e9sormais des sites d\u2019\u00e9valuation des employeurs, comme Glassdoor. <strong>Les avis d\u00e9pos\u00e9s par des employ\u00e9s impactent leur d\u00e9cision de postuler ou pas dans une entreprise.<\/strong> Chaque employeur peut r\u00e9pondre aux avis d\u00e9pos\u00e9s, positifs ou n\u00e9gatifs, en se cr\u00e9ant un compte. <strong>Remercier pour les commentaires et y r\u00e9pondre montre l\u2019int\u00e9r\u00eat port\u00e9 aux ressentis de ses collaborateurs, et sa volont\u00e9 de les \u00e9couter<\/strong>. Face aux commentaires n\u00e9gatifs, il peut \u00eatre bon de rappeler que personne n\u2019est parfait, mais que l\u2019entreprise travaille \u00e0 s\u2019am\u00e9liorer. Lister les actions prises pour r\u00e9soudre un probl\u00e8me \u00e9voqu\u00e9 rassurera aussi des candidats potentiels.<\/p>\n<p><!-- \/wp:paragraph --><\/p>\n<p><!-- wp:heading --><\/p>\n<h2 class=\"wp-block-heading\">Comment d\u00e9velopper sa marque employeur&nbsp;en interne ?<\/h2>\n<p><!-- \/wp:heading --><\/p>\n<p><!-- wp:paragraph --><\/p>\n<p>Cela revient \u00e0 mettre en pratique les promesses de l\u2019entreprise dans le quotidien des collaborateurs, renforcer son talent management et le d\u00e9veloppement de carri\u00e8re. La d\u00e9marche implique la communication interne, la gestion des ressources humaines, la formation, la mobilit\u00e9 interne, l\u2019accompagnement \u00e0 la parentalit\u00e9 et l\u2019am\u00e9nagement des espaces de travail.<\/p>\n<p><!-- \/wp:paragraph --><\/p>\n<p><!-- wp:heading {\"level\":3} --><\/p>\n<h3 class=\"wp-block-heading\">Levier interne n\u00b01&nbsp;: Faire du bien-\u00eatre des collaborateurs une priorit\u00e9<\/h3>\n<p><!-- \/wp:heading --><\/p>\n<p><!-- wp:paragraph --><\/p>\n<p>Les salari\u00e9s ont de fortes attentes en mati\u00e8re de bien-\u00eatre au travail et d\u2019\u00e9quilibre entre vie professionnelle et vie personnelle. Le choix des bureaux joue un r\u00f4le cl\u00e9 dans cette perception. <strong>Des locaux modernes, bien desservis, dot\u00e9s de services de restauration, d\u2019espaces de d\u00e9tente, d\u2019une s\u00e9lection d\u2019activit\u00e9s sportives et bien-\u00eatre renforcent l\u2019attractivit\u00e9 de l\u2019entreprise.<\/strong><\/p>\n<p><!-- \/wp:paragraph --><\/p>\n<p><!-- wp:paragraph --><\/p>\n<p>Cette derni\u00e8re peut aussi faciliter le travail \u00e0 distance en proposant \u00e0 ses \u00e9quipes de rejoindre des espaces de coworking proches de chez eux pour leurs jours de t\u00e9l\u00e9travail. C\u2019est le mod\u00e8le choisi par certains clients de Wojo. Ils privil\u00e9gient un si\u00e8ge central avec une empreinte immobili\u00e8re ajust\u00e9e \u00e0 leurs besoins r\u00e9els, combin\u00e9 \u00e0 la flexibilit\u00e9 de bureaux \u00e0 la journ\u00e9e dans le r\u00e9seau Wojo lorsque leurs collaborateurs sont \u00e0 distance.<\/p>\n<p><!-- \/wp:paragraph --><\/p>\n<p><!-- wp:buttons --><\/p>\n<div class=\"wp-block-buttons\"><!-- wp:button {\"backgroundColor\":\"vivid-cyan-blue\"} --><\/p>\n<div class=\"wp-block-button\"><a class=\"wp-block-button__link has-vivid-cyan-blue-background-color has-background wp-element-button\" href=\"https:\/\/calendly.com\/wojo-hub-fr\/blog?month=2022-03\" target=\"_blank\" rel=\"noreferrer noopener\">\u00c9changer avec un expert Wojo sur mes besoins en bureaux<\/a><\/div>\n<p><!-- \/wp:button --><\/div>\n<p><!-- \/wp:buttons --><\/p>\n<p><!-- wp:heading {\"level\":3} --><\/p>\n<h3 class=\"wp-block-heading\">Levier interne n\u00b02&nbsp;: Manager par la confiance<\/h3>\n<p><!-- \/wp:heading --><\/p>\n<p><!-- wp:paragraph --><\/p>\n<p>D\u00e9velopper sa marque employeur implique de d\u00e9velopper un management bienveillant, bas\u00e9 sur la confiance et l\u2019autonomie. <strong>L\u2019essor des outils digitaux favorise la collaboration tout en laissant \u00e0 chacun la latitude de s\u2019organiser dans son travail. Les managers doivent \u00eatre form\u00e9s \u00e0 ce nouveau style de leadership<\/strong> pour d\u00e9velopper leurs soft skills et leurs modes de communication.<\/p>\n<p><!-- \/wp:paragraph --><\/p>\n<p><!-- wp:heading {\"level\":3} --><\/p>\n<h3 class=\"wp-block-heading\">Levier interne n\u00b03&nbsp;: Valoriser ses collaborateurs<\/h3>\n<p><!-- \/wp:heading --><\/p>\n<p><!-- wp:paragraph --><\/p>\n<p>Les \u00e9quipes ont besoin d\u2019une reconnaissance de leur action sur les r\u00e9sultats de l\u2019entreprise. <strong>Cette reconnaissance vient \u00e0 la fois des managers, mais aussi de l\u2019organisation. Par exemple avec une newsletter r\u00e9guli\u00e8re listant les succ\u00e8s ou les \u00e9checs constructifs v\u00e9cus par les collaborateurs.<\/strong> Des vid\u00e9os ou articles de pr\u00e9sentation permettent aussi de valoriser la diversit\u00e9 de vos talents, et renforcer la coh\u00e9sion interne en se connaissant mieux. Autre id\u00e9e&nbsp;: envoyer un mail \u00e0 chaque collaborateur le jour de son anniversaire, une attention qui fera toujours plaisir&nbsp;!<\/p>\n<p><!-- \/wp:paragraph --><\/p>\n<p><!-- wp:heading {\"level\":3} --><\/p>\n<h3 class=\"wp-block-heading\">Levier interne n\u00b04&nbsp;: D\u00e9velopper l\u2019employabilit\u00e9 des collaborateurs<\/h3>\n<p><!-- \/wp:heading --><\/p>\n<p><!-- wp:paragraph --><\/p>\n<p>Le d\u00e9fi est de taille : selon le Work Change Report 2025 de LinkedIn<sup>5<\/sup>, on estime que <strong>70 % des comp\u00e9tences m\u00e9tiers<\/strong> seront transform\u00e9es par l'IA d'ici 2030. Face \u00e0 cette obsolescence acc\u00e9l\u00e9r\u00e9e, le rapport Workplace Learning Report 2025<sup>6<\/sup> r\u00e9v\u00e8le que <strong>l'acc\u00e8s \u00e0 la formation (upskilling) est devenu la motivation n\u00b01 des salari\u00e9s, pla\u00e7ant la responsabilit\u00e9 de l'employabilit\u00e9 au c\u0153ur de la promesse de la marque employeur<\/strong>. Cette gestion des talents par la mont\u00e9e en comp\u00e9tences passe par des formations, des programmes de mentoring et de la mobilit\u00e9 interne.<\/p>\n<p><!-- \/wp:paragraph --><\/p>\n<p><!-- wp:custom-blog\/block {\"type\":\"a-lire\",\"icon\":\"&#x1f4d6;\",\"title\":\"\u00c0 lire aussi\u00a0:\",\"linkText\":\"7 formations professionnelles qui font vraiment envie\",\"linkUrl\":\"https:\/\/www.wojo.com\/blog\/fr\/du-bonheur-en-boite\/top-formation-professionnelle-utile-originale-inspirante\/\",\"openInNewTab\":true} --><\/p>\n<div class=\"bloc-a-lire bloc-flex\">\n<p>\u00c0 lire aussi\u00a0:<\/p>\n<p><a href=\"https:\/\/www.wojo.com\/blog\/fr\/du-bonheur-en-boite\/top-formation-professionnelle-utile-originale-inspirante\/\" target=\"_blank\" rel=\"noopener noreferrer\"><span>7 formations professionnelles qui font vraiment envie<\/span><\/a><\/div>\n<p><!-- \/wp:custom-blog\/block --><\/p>\n<p><!-- wp:heading {\"level\":3} --><\/p>\n<h3 class=\"wp-block-heading\">Levier n\u00b05&nbsp;: Renforcer la diversit\u00e9 et l\u2019inclusion<\/h3>\n<p><!-- \/wp:heading --><\/p>\n<p><!-- wp:paragraph --><\/p>\n<p>La richesse des profils constitue une force pour l\u2019entreprise. La tendance \u00ab&nbsp;DEIB&nbsp;\u00bb, pour \u00ab&nbsp;Diversity, Equity, Inclusion, Belonging&nbsp;\u00bb est tr\u00e8s pr\u00e9sente dans les attentes des collaborateurs. Ils comptent sur des progr\u00e8s de leur entreprise dans les mois \u00e0 venir.&nbsp; 43% des salari\u00e9s fran\u00e7ais, selon une \u00e9tude Future of Work<sup>7<\/sup>, s\u2019attendent \u00e0 \u00eatre tenus inform\u00e9s des efforts de leur entreprise en mati\u00e8re de diversit\u00e9 et d\u2019inclusion. <strong>Mais<\/strong> <strong>pr\u00e8s d\u2019un employeur fran\u00e7ais sur deux (45%) d\u00e9clare ne pas avoir de strat\u00e9gie particuli\u00e8re en la mati\u00e8re<\/strong>\u2026 Il y a de la marge de progression&nbsp;!<\/p>\n<p><!-- \/wp:paragraph --><\/p>\n<p><!-- wp:heading {\"level\":3} --><\/p>\n<h3 class=\"wp-block-heading\">Levier n\u00b06&nbsp;: Muscler sa politique RSE<\/h3>\n<p><!-- \/wp:heading --><\/p>\n<p><!-- wp:paragraph --><\/p>\n<p>La Responsabilit\u00e9 Soci\u00e9tale et Environnementale (RSE) d\u2019une entreprise traduit son engagement au sein de la soci\u00e9t\u00e9, le r\u00f4le qu\u2019elle entend jouer, et de quelle mani\u00e8re. <strong>Aujourd\u2019hui, les candidats scrutent de pr\u00e8s la sinc\u00e9rit\u00e9 de leurs employeurs. 6 salari\u00e9s sur 10 seraient pr\u00eats \u00e0 d\u00e9missionner s\u2019ils ressentent un conflit entre leur vision et celle de leur entreprise<\/strong>, selon une \u00e9tude Helloworkplace<sup>8<\/sup>. Et plus d\u2019un collaborateur sur deux (54 %) en d\u00e9saccord avec la strat\u00e9gie RSE de l\u2019entreprise n\u2019h\u00e9site pas \u00e0 la remettre en cause ou la critiquer ouvertement.<\/p>\n<p><!-- \/wp:paragraph --><\/p>\n<p><!-- wp:heading {\"level\":3} --><\/p>\n<h3 class=\"wp-block-heading\">Levier n\u00b07&nbsp;: Gagner en flexibilit\u00e9 dans l\u2019organisation<\/h3>\n<p><!-- \/wp:heading --><\/p>\n<p><!-- wp:paragraph --><\/p>\n<p>Pour les talents d\u2019aujourd\u2019hui, le t\u00e9l\u00e9travail n'est plus un simple avantage, mais un pilier de leur \u00e9quilibre et leur organisation de travail. Selon les donn\u00e9es de l\u2019<strong>APEC (2026)<sup>9<\/sup><\/strong>, <strong>74 % des cadres<\/strong> <strong>seraient m\u00e9contents si leur entreprise r\u00e9duisait le nombre de jours autoris\u00e9s<\/strong>, et ce chiffre grimpe \u00e0 <strong>80 %<\/strong> en cas de suppression totale. Ce besoin d'autonomie est tel que <strong>pr\u00e8s d'un cadre sur deux (50 %)<\/strong> envisagerait de quitter son employeur si cette flexibilit\u00e9 lui \u00e9tait retir\u00e9e. Autre chiffre \u00e0 retenir&nbsp;: en France, la priorit\u00e9 donn\u00e9e \u00e0 l\u2019\u00e9quilibre de vie continue de progresser, atteignant 72 % selon JLL<sup>10<\/sup>, nettement au-dessus de la moyenne mondiale.<\/p>\n<p><!-- \/wp:paragraph --><\/p>\n<p><!-- wp:heading {\"level\":3} --><\/p>\n<h3 class=\"wp-block-heading\">Levier n\u00b08&nbsp;: Gagner en flexibilit\u00e9 aussi dans les locaux<\/h3>\n<p><!-- \/wp:heading --><\/p>\n<p><!-- wp:paragraph --><\/p>\n<p><strong>La flexibilit\u00e9 n\u2019est pas qu\u2019organisationnelle<\/strong>.<strong> Elle se doit aussi d\u2019\u00eatre g\u00e9ographique dans la diversit\u00e9 des espaces de travail propos\u00e9s au sein des bureaux de l\u2019entreprise<\/strong>. Mixer open spaces, bulles de concentration, phone box, lieux d\u00e9di\u00e9s \u00e0 la d\u00e9tente, espaces de restauration et ext\u00e9rieurs r\u00e9pond aux diff\u00e9rents besoins des collaborateurs au fil de la journ\u00e9e. Alors que l\u2019on parle beaucoup de \u00ab&nbsp;retour au bureau&nbsp;\u00bb, notons que selon le barom\u00e8tre JLL 2025<sup>10<\/sup> sur les pr\u00e9f\u00e9rences des salari\u00e9s, <strong>64 % de salari\u00e9s fran\u00e7ais y sont favorables. Autre enseignement de cette \u00e9tude&nbsp;: 48 % des personnes dans le monde ayant une opinion n\u00e9gative de leurs bureaux\u2026 ont aussi une opinion n\u00e9gative de la politique de retour sur site de leur employeur<\/strong>. Mais chez les employ\u00e9s dont l\u2019entreprise propose un environnement en pr\u00e9sentiel adapt\u00e9 et align\u00e9 \u00e0 leurs attentes, seulement 16 % font part d\u2019une perception n\u00e9gative. &nbsp;<\/p>\n<p><!-- \/wp:paragraph --><\/p>\n<p><!-- wp:paragraph --><\/p>\n<p><strong>Flexibilit\u00e9 rime aussi avec possibilit\u00e9 de travailler \u00e0 distance dans des espaces adapt\u00e9s au travail<\/strong>. Les op\u00e9rateurs de bureaux flexibles comme Wojo proposent de mixer bureaux au si\u00e8ge, et postes de travail dans d\u2019autres sites du r\u00e9seau \u00e0 proximit\u00e9 de chez les collaborateurs. Une solution int\u00e9ressante pour les entreprises qui cherchent \u00e0 allier l\u2019utile \u00e0 l\u2019agr\u00e9able.<\/p>\n<p><!-- \/wp:paragraph --><\/p>\n<p><!-- wp:buttons --><\/p>\n<div class=\"wp-block-buttons\"><!-- wp:button {\"backgroundColor\":\"vivid-cyan-blue\"} --><\/p>\n<div class=\"wp-block-button\"><a class=\"wp-block-button__link has-vivid-cyan-blue-background-color has-background wp-element-button\" href=\"https:\/\/www.wojo.com\/fr-FR\" target=\"_blank\" rel=\"noreferrer noopener\">D\u00e9couvrir le r\u00e9seau Wojo<\/a><\/div>\n<p><!-- \/wp:button --><\/div>\n<p><!-- \/wp:buttons --><\/p>\n<p><!-- wp:heading {\"level\":3} --><\/p>\n<h3 class=\"wp-block-heading\">Levier n\u00b09&nbsp;: Renforcer l\u2019accompagnement \u00e0 la parentalit\u00e9 et aux aidants<\/h3>\n<p><!-- \/wp:heading --><\/p>\n<p><!-- wp:paragraph --><\/p>\n<p>Les parents sont une cible \u00e0 ne pas n\u00e9gliger dans une strat\u00e9gie de marque employeur. <strong>Jours enfant malade, retour de cong\u00e9 maternit\u00e9 aux petits oignons, cr\u00e8che d\u2019entreprise, prime naissance, souplesse sur les horaires\u2026 renforcent l\u2019attractivit\u00e9 <\/strong>et la fid\u00e9lisation des talents. Pr\u00e9voir des dispositifs de soutien aux aidants familiaux est aussi un point fort \u00e0 int\u00e9grer dans une strat\u00e9gie de marque employeur.<\/p>\n<p><!-- \/wp:paragraph --><\/p>\n<p><!-- wp:custom-blog\/block {\"type\":\"a-lire\",\"icon\":\"&#x1f4d6;\",\"title\":\"\u00c0 lire aussi\u00a0: \",\"linkText\":\"Parentalit\u00e9 en entreprise, pourquoi et comment chouchouter vos salari\u00e9s\",\"linkUrl\":\"https:\/\/www.wojo.com\/blog\/fr\/du-bonheur-en-boite\/parentalite-en-entreprise-conseils-rse-rh-fideliser-salaries\/\",\"openInNewTab\":true} --><\/p>\n<div class=\"bloc-a-lire bloc-flex\">\n<p>\u00c0 lire aussi\u00a0: <\/p>\n<p><a href=\"https:\/\/www.wojo.com\/blog\/fr\/du-bonheur-en-boite\/parentalite-en-entreprise-conseils-rse-rh-fideliser-salaries\/\" target=\"_blank\" rel=\"noopener noreferrer\"><span>Parentalit\u00e9 en entreprise, pourquoi et comment chouchouter vos salari\u00e9s<\/span><\/a><\/div>\n<p><!-- \/wp:custom-blog\/block --><\/p>\n<p><!-- wp:heading {\"level\":3} --><\/p>\n<h3 class=\"wp-block-heading\">Levier n\u00b010&nbsp;: Encourager la pratique sportive<\/h3>\n<p><!-- \/wp:heading --><\/p>\n<p><!-- wp:paragraph --><\/p>\n<p>On le r\u00e9p\u00e8te encore et encore, <strong>le bien-\u00eatre doit \u00eatre la priorit\u00e9 num\u00e9ro 1 d\u2019une entreprise qui souhaite motiver ses talents.<\/strong> Les id\u00e9es ne manquent pas&nbsp;: activit\u00e9s sportives propos\u00e9es au bureau, r\u00e9duction aupr\u00e8s d\u2019un partenaire, mise en relation entre coll\u00e8gues passionn\u00e9s d\u2019un m\u00eame sport, organisation de comp\u00e9titions internes (foot, endurance, etc.), etc. <strong>Selon AllSessions, encourager ses collaborateurs \u00e0 faire du sport r\u00e9duit les arr\u00eats maladie de 32 % et le turnover de 25 %.<\/strong><\/p>\n<p><!-- \/wp:paragraph --><\/p>\n<p><!-- wp:heading --><\/p>\n<h2 class=\"wp-block-heading\">Le mot de la fin<\/h2>\n<p><!-- \/wp:heading --><\/p>\n<p><!-- wp:paragraph --><\/p>\n<p><strong>D\u00e9velopper sa marque employeur est un chantier de longue haleine. Il doit \u00eatre planifi\u00e9 et orchestr\u00e9 de concert par les \u00e9quipes ressources humaines, direction et communication pour embarquer toutes les sph\u00e8res de l\u2019entreprise. Les leviers sugg\u00e9r\u00e9s plus haut ne sont pas exhaustifs&nbsp;: \u00e0 chaque entreprise d\u2019identifier les plus pertinents selon son secteur et ses enjeux&nbsp;!<\/strong><\/p>\n<p><!-- \/wp:paragraph --><\/p>\n<p><!-- wp:custom-blog\/block {\"type\":\"sources\",\"sourcesList\":[{\"type\":\"link\",\"text\":\"1. JLL Workforce Preference Barometer, 2025\",\"url\":\"https:\/\/www.jll.com\/en-us\/insights\/workforce-preference-barometer\",\"openInNewTab\":true},{\"type\":\"link\",\"text\":\"2. \u00c9tude Seekube et LinkedIn, 2022\",\"url\":\"https:\/\/www.parlonsrh.com\/media\/enjeux-marque-employeur-pourquoi-investir\/\",\"openInNewTab\":true},{\"type\":\"link\",\"text\":\"3. Article Helloworkplace, \\u003cem\\u003eCo\u00fbt d\u2019un recrutement\u00a0: comment le calculer et l\u2019optimiser\u00a0?\\u003c\/em\\u003e, septembre 2025\",\"url\":\"https:\/\/www.helloworkplace.fr\/cout-recrutement-budget\/\",\"openInNewTab\":true},{\"type\":\"link\",\"text\":\"4. Enqu\u00eate Robert Half, \\u003cem\\u003eCe que veulent les candidats\\u003c\/em\\u003e, 2025\",\"url\":\"https:\/\/www.roberthalf.com\/fr\/fr\/a-propos\/espace-presse\/seul-1-professionnel-francais-sur-3-juge-les-processus-de-recrutement-des-entreprises-efficaces\",\"openInNewTab\":true},{\"type\":\"link\",\"text\":\"5. Article LinkedIn, \\u003cem\\u003eWork Change Report: Skills for jobs set to change by 70% by 2030,\\u003c\/em\\u003e 2025\",\"url\":\"https:\/\/news.linkedin.com\/2025\/work-change-report-2025\",\"openInNewTab\":true},{\"type\":\"link\",\"text\":\"6. Rapport LinkedIn, \\u003cem\\u003eWorkplace learning report\\u003c\/em\\u003e, 2025\",\"url\":\"https:\/\/learning.linkedin.com\/content\/dam\/me\/learning\/en-us\/images\/lls-workplace-learning-report\/2025\/full-page\/pdfs\/LinkedIn-Workplace-Learning-Report-2025.pdf\",\"openInNewTab\":true},{\"type\":\"link\",\"text\":\"7. \u00c9tude Future of Work, \\u003cem\\u003eQue r\u00e9serve l\u2019ann\u00e9e 2022 ?,\\u003c\/em\\u003e 2022\",\"url\":\"https:\/\/www.monster.fr\/recruter\/ressources-rh\/actu-rh\/webinars-rh\/etude-future-of-work-que-reserve-l-annee-2022\/\",\"openInNewTab\":true},{\"type\":\"link\",\"text\":\"8. Article Helloworkplance, \\u003cem\\u003ePolitique RSE des entreprises\u00a0: un vecteur d\u2019engagement des collaborateurs au travail\u00a0?, \\u003c\/em\\u003eseptembre 2022\",\"url\":\"https:\/\/www.helloworkplace.fr\/rse-entreprises-engagement-collaborateurs\/\",\"openInNewTab\":true},{\"type\":\"link\",\"text\":\"9. \u00c9tude APEC, \\u003cem\\u003eRegard des cadres et employeurs sur le t\u00e9l\u00e9travail\\u003c\/em\\u003e, 2026\",\"url\":\"https:\/\/corporate.apec.fr\/home\/nos-etudes\/toutes-nos-etudes\/regard-des-cadres-et-employeurs-sur-le-teletravail.html\",\"openInNewTab\":true},{\"type\":\"link\",\"text\":\"10. JLL, \\u003cem\\u003eBarom\u00e8tre des pr\u00e9f\u00e9rences des salari\u00e9s\\u003c\/em\\u003e, 2025\",\"url\":\"https:\/\/www.jll.com\/fr-fr\/newsroom\/barometre-jll-des-preferences-salaries-2025\",\"openInNewTab\":true}]} --><\/p>\n<div class=\"bloc-sources\">\n<h3>Sources :<\/h3>\n<div class=\"sources-list\"><a href=\"https:\/\/www.jll.com\/en-us\/insights\/workforce-preference-barometer\" target=\"_blank\" rel=\"noopener noreferrer\"><span>1. JLL Workforce Preference Barometer, 2025<\/span><\/a><a href=\"https:\/\/www.parlonsrh.com\/media\/enjeux-marque-employeur-pourquoi-investir\/\" target=\"_blank\" rel=\"noopener noreferrer\"><span>2. \u00c9tude Seekube et LinkedIn, 2022<\/span><\/a><a href=\"https:\/\/www.helloworkplace.fr\/cout-recrutement-budget\/\" target=\"_blank\" rel=\"noopener noreferrer\"><span>3. Article Helloworkplace, <em>Co\u00fbt d\u2019un recrutement\u00a0: comment le calculer et l\u2019optimiser\u00a0?<\/em>, septembre 2025<\/span><\/a><a href=\"https:\/\/www.roberthalf.com\/fr\/fr\/a-propos\/espace-presse\/seul-1-professionnel-francais-sur-3-juge-les-processus-de-recrutement-des-entreprises-efficaces\" target=\"_blank\" rel=\"noopener noreferrer\"><span>4. Enqu\u00eate Robert Half, <em>Ce que veulent les candidats<\/em>, 2025<\/span><\/a><a href=\"https:\/\/news.linkedin.com\/2025\/work-change-report-2025\" target=\"_blank\" rel=\"noopener noreferrer\"><span>5. Article LinkedIn, <em>Work Change Report: Skills for jobs set to change by 70% by 2030,<\/em> 2025<\/span><\/a><a href=\"https:\/\/learning.linkedin.com\/content\/dam\/me\/learning\/en-us\/images\/lls-workplace-learning-report\/2025\/full-page\/pdfs\/LinkedIn-Workplace-Learning-Report-2025.pdf\" target=\"_blank\" rel=\"noopener noreferrer\"><span>6. Rapport LinkedIn, <em>Workplace learning report<\/em>, 2025<\/span><\/a><a href=\"https:\/\/www.monster.fr\/recruter\/ressources-rh\/actu-rh\/webinars-rh\/etude-future-of-work-que-reserve-l-annee-2022\/\" target=\"_blank\" rel=\"noopener noreferrer\"><span>7. \u00c9tude Future of Work, <em>Que r\u00e9serve l\u2019ann\u00e9e 2022 ?,<\/em> 2022<\/span><\/a><a href=\"https:\/\/www.helloworkplace.fr\/rse-entreprises-engagement-collaborateurs\/\" target=\"_blank\" rel=\"noopener noreferrer\"><span>8. Article Helloworkplance, <em>Politique RSE des entreprises\u00a0: un vecteur d\u2019engagement des collaborateurs au travail\u00a0?, <\/em>septembre 2022<\/span><\/a><a href=\"https:\/\/corporate.apec.fr\/home\/nos-etudes\/toutes-nos-etudes\/regard-des-cadres-et-employeurs-sur-le-teletravail.html\" target=\"_blank\" rel=\"noopener noreferrer\"><span>9. \u00c9tude APEC, <em>Regard des cadres et employeurs sur le t\u00e9l\u00e9travail<\/em>, 2026<\/span><\/a><a href=\"https:\/\/www.jll.com\/fr-fr\/newsroom\/barometre-jll-des-preferences-salaries-2025\" target=\"_blank\" rel=\"noopener noreferrer\"><span>10. JLL, <em>Barom\u00e8tre des pr\u00e9f\u00e9rences des salari\u00e9s<\/em>, 2025<\/span><\/a><\/div>\n<\/div>\n<p><!-- \/wp:custom-blog\/block --><\/p>\n","protected":false},"excerpt":{"rendered":"<p>Dans un contexte de guerre des talents, d\u00e9velopper sa marque employeur est un atout d\u00e9cisif. Une marque employeur forte contribue \u00e0 attirer les talents, \u00e0 les fid\u00e9liser et renforce le sentiment d\u2019appartenance \u00e0 l\u2019entreprise. Alors comment la d\u00e9velopper, \u00e0 la fois en interne et en externe\u00a0? D\u00e9couvrez en d\u00e9tail les leviers \u00e0 activer pour construire [&hellip;]<\/p>\n","protected":false},"author":1,"featured_media":60386,"comment_status":"closed","ping_status":"open","sticky":false,"template":"","format":"standard","meta":{"podcast_url_v2":"","footnotes":""},"categories":[15],"tags":[478,597,272,596,265,285,249,299,193],"class_list":["post-60383","post","type-post","status-publish","format-standard","has-post-thumbnail","hentry","category-la-boite-a-outils","tag-flex-office-fr","tag-gestion-des-talents","tag-inclusion-fr","tag-motivation-au-travail","tag-nouveaux-modes-de-travail","tag-qvt","tag-livre-blanc-strategie-rse-fr","tag-rh-fr","tag-teletravail"],"yoast_head":"<!-- This site is optimized with the Yoast SEO plugin v27.4 - https:\/\/yoast.com\/product\/yoast-seo-wordpress\/ -->\n<title>D\u00e9velopper sa marque employeur : 15 leviers \u00e0 activer<\/title>\n<meta name=\"description\" content=\"D\u00e9couvrez pourquoi d\u00e9velopper sa marque employeur attire et fid\u00e9lise les talents, et quels leviers activer pour une strat\u00e9gie efficace.\" \/>\n<meta name=\"robots\" content=\"index, follow, max-snippet:-1, max-image-preview:large, max-video-preview:-1\" \/>\n<link rel=\"canonical\" href=\"https:\/\/www.wojo.com\/blog\/fr\/la-boite-a-outils\/developper-sa-marque-employeur-16-leviers-a-activer\/\" \/>\n<meta property=\"og:locale\" content=\"fr_FR\" \/>\n<meta property=\"og:type\" content=\"article\" \/>\n<meta property=\"og:title\" content=\"D\u00e9velopper sa marque employeur : 15 leviers \u00e0 activer\" \/>\n<meta property=\"og:description\" content=\"D\u00e9couvrez pourquoi d\u00e9velopper sa marque employeur attire et fid\u00e9lise les talents, et quels leviers activer pour une strat\u00e9gie efficace.\" \/>\n<meta property=\"og:url\" content=\"https:\/\/www.wojo.com\/blog\/fr\/la-boite-a-outils\/developper-sa-marque-employeur-16-leviers-a-activer\/\" \/>\n<meta property=\"og:site_name\" content=\"Blog Wojo\" \/>\n<meta property=\"article:publisher\" content=\"https:\/\/www.facebook.com\/Wojo.coworking\/\" \/>\n<meta property=\"article:published_time\" content=\"2026-04-23T07:19:00+00:00\" \/>\n<meta property=\"article:modified_time\" content=\"2026-04-24T13:42:26+00:00\" \/>\n<meta property=\"og:image\" content=\"https:\/\/www.wojo.com\/blog\/wp-content\/uploads\/2022\/12\/Developper-sa-marque-employeur-cover-scaled.jpg\" \/>\n\t<meta property=\"og:image:width\" content=\"2560\" \/>\n\t<meta property=\"og:image:height\" content=\"1707\" \/>\n\t<meta property=\"og:image:type\" content=\"image\/jpeg\" \/>\n<meta name=\"author\" content=\"Wojo\" \/>\n<meta name=\"twitter:card\" content=\"summary_large_image\" \/>\n<meta name=\"twitter:creator\" content=\"@Wojo_co\" \/>\n<meta name=\"twitter:site\" content=\"@Wojo_co\" \/>\n<meta name=\"twitter:label1\" content=\"\u00c9crit par\" \/>\n\t<meta name=\"twitter:data1\" content=\"Wojo\" \/>\n\t<meta name=\"twitter:label2\" content=\"Dur\u00e9e de lecture estim\u00e9e\" \/>\n\t<meta name=\"twitter:data2\" content=\"14 minutes\" \/>\n<script type=\"application\/ld+json\" class=\"yoast-schema-graph\">{\"@context\":\"https:\\\/\\\/schema.org\",\"@graph\":[{\"@type\":\"Article\",\"@id\":\"https:\\\/\\\/www.wojo.com\\\/blog\\\/fr\\\/la-boite-a-outils\\\/developper-sa-marque-employeur-16-leviers-a-activer\\\/#article\",\"isPartOf\":{\"@id\":\"https:\\\/\\\/www.wojo.com\\\/blog\\\/fr\\\/la-boite-a-outils\\\/developper-sa-marque-employeur-16-leviers-a-activer\\\/\"},\"author\":{\"name\":\"Wojo\",\"@id\":\"https:\\\/\\\/www.wojo.com\\\/blog\\\/#\\\/schema\\\/person\\\/52175cfaea09e0d3479bdd89e2993639\"},\"headline\":\"D\u00e9velopper sa marque employeur\u00a0: quels leviers activer ?\",\"datePublished\":\"2026-04-23T07:19:00+00:00\",\"dateModified\":\"2026-04-24T13:42:26+00:00\",\"mainEntityOfPage\":{\"@id\":\"https:\\\/\\\/www.wojo.com\\\/blog\\\/fr\\\/la-boite-a-outils\\\/developper-sa-marque-employeur-16-leviers-a-activer\\\/\"},\"wordCount\":2939,\"publisher\":{\"@id\":\"https:\\\/\\\/www.wojo.com\\\/blog\\\/#organization\"},\"image\":{\"@id\":\"https:\\\/\\\/www.wojo.com\\\/blog\\\/fr\\\/la-boite-a-outils\\\/developper-sa-marque-employeur-16-leviers-a-activer\\\/#primaryimage\"},\"thumbnailUrl\":\"https:\\\/\\\/www.wojo.com\\\/blog\\\/wp-content\\\/uploads\\\/2022\\\/12\\\/Developper-sa-marque-employeur-cover-scaled.jpg\",\"keywords\":[\"Flex office - FR\",\"Gestion des talents\",\"Inclusion - FR\",\"Motivation au travail\",\"Nouveaux modes de travail\",\"QVT\",\"Ressource - strat\u00e9gie RSE\",\"RH - FR\",\"T\u00e9l\u00e9travail\"],\"articleSection\":[\"La bo\u00eete \u00e0 outils\"],\"inLanguage\":\"fr-FR\"},{\"@type\":\"WebPage\",\"@id\":\"https:\\\/\\\/www.wojo.com\\\/blog\\\/fr\\\/la-boite-a-outils\\\/developper-sa-marque-employeur-16-leviers-a-activer\\\/\",\"url\":\"https:\\\/\\\/www.wojo.com\\\/blog\\\/fr\\\/la-boite-a-outils\\\/developper-sa-marque-employeur-16-leviers-a-activer\\\/\",\"name\":\"D\u00e9velopper sa marque employeur : 15 leviers \u00e0 activer\",\"isPartOf\":{\"@id\":\"https:\\\/\\\/www.wojo.com\\\/blog\\\/#website\"},\"primaryImageOfPage\":{\"@id\":\"https:\\\/\\\/www.wojo.com\\\/blog\\\/fr\\\/la-boite-a-outils\\\/developper-sa-marque-employeur-16-leviers-a-activer\\\/#primaryimage\"},\"image\":{\"@id\":\"https:\\\/\\\/www.wojo.com\\\/blog\\\/fr\\\/la-boite-a-outils\\\/developper-sa-marque-employeur-16-leviers-a-activer\\\/#primaryimage\"},\"thumbnailUrl\":\"https:\\\/\\\/www.wojo.com\\\/blog\\\/wp-content\\\/uploads\\\/2022\\\/12\\\/Developper-sa-marque-employeur-cover-scaled.jpg\",\"datePublished\":\"2026-04-23T07:19:00+00:00\",\"dateModified\":\"2026-04-24T13:42:26+00:00\",\"description\":\"D\u00e9couvrez pourquoi d\u00e9velopper sa marque employeur attire et fid\u00e9lise les talents, et quels leviers activer pour une strat\u00e9gie efficace.\",\"breadcrumb\":{\"@id\":\"https:\\\/\\\/www.wojo.com\\\/blog\\\/fr\\\/la-boite-a-outils\\\/developper-sa-marque-employeur-16-leviers-a-activer\\\/#breadcrumb\"},\"inLanguage\":\"fr-FR\",\"potentialAction\":[{\"@type\":\"ReadAction\",\"target\":[\"https:\\\/\\\/www.wojo.com\\\/blog\\\/fr\\\/la-boite-a-outils\\\/developper-sa-marque-employeur-16-leviers-a-activer\\\/\"]}]},{\"@type\":\"ImageObject\",\"inLanguage\":\"fr-FR\",\"@id\":\"https:\\\/\\\/www.wojo.com\\\/blog\\\/fr\\\/la-boite-a-outils\\\/developper-sa-marque-employeur-16-leviers-a-activer\\\/#primaryimage\",\"url\":\"https:\\\/\\\/www.wojo.com\\\/blog\\\/wp-content\\\/uploads\\\/2022\\\/12\\\/Developper-sa-marque-employeur-cover-scaled.jpg\",\"contentUrl\":\"https:\\\/\\\/www.wojo.com\\\/blog\\\/wp-content\\\/uploads\\\/2022\\\/12\\\/Developper-sa-marque-employeur-cover-scaled.jpg\",\"width\":2560,\"height\":1707},{\"@type\":\"BreadcrumbList\",\"@id\":\"https:\\\/\\\/www.wojo.com\\\/blog\\\/fr\\\/la-boite-a-outils\\\/developper-sa-marque-employeur-16-leviers-a-activer\\\/#breadcrumb\",\"itemListElement\":[{\"@type\":\"ListItem\",\"position\":1,\"name\":\"Accueil\",\"item\":\"https:\\\/\\\/www.wojo.com\\\/blog\\\/fr\\\/\"},{\"@type\":\"ListItem\",\"position\":2,\"name\":\"La bo\u00eete \u00e0 outils\",\"item\":\"https:\\\/\\\/www.wojo.com\\\/blog\\\/fr\\\/category\\\/la-boite-a-outils\\\/\"},{\"@type\":\"ListItem\",\"position\":3,\"name\":\"D\u00e9velopper sa marque employeur\u00a0: quels leviers activer ?\"}]},{\"@type\":\"WebSite\",\"@id\":\"https:\\\/\\\/www.wojo.com\\\/blog\\\/#website\",\"url\":\"https:\\\/\\\/www.wojo.com\\\/blog\\\/\",\"name\":\"Blog Wojo\",\"description\":\"Work. Share. Live.\",\"publisher\":{\"@id\":\"https:\\\/\\\/www.wojo.com\\\/blog\\\/#organization\"},\"potentialAction\":[{\"@type\":\"SearchAction\",\"target\":{\"@type\":\"EntryPoint\",\"urlTemplate\":\"https:\\\/\\\/www.wojo.com\\\/blog\\\/?s={search_term_string}\"},\"query-input\":{\"@type\":\"PropertyValueSpecification\",\"valueRequired\":true,\"valueName\":\"search_term_string\"}}],\"inLanguage\":\"fr-FR\"},{\"@type\":\"Organization\",\"@id\":\"https:\\\/\\\/www.wojo.com\\\/blog\\\/#organization\",\"name\":\"Wojo\",\"url\":\"https:\\\/\\\/www.wojo.com\\\/blog\\\/\",\"logo\":{\"@type\":\"ImageObject\",\"inLanguage\":\"fr-FR\",\"@id\":\"https:\\\/\\\/www.wojo.com\\\/blog\\\/#\\\/schema\\\/logo\\\/image\\\/\",\"url\":\"\",\"contentUrl\":\"\",\"caption\":\"Wojo\"},\"image\":{\"@id\":\"https:\\\/\\\/www.wojo.com\\\/blog\\\/#\\\/schema\\\/logo\\\/image\\\/\"},\"sameAs\":[\"https:\\\/\\\/www.facebook.com\\\/Wojo.coworking\\\/\",\"https:\\\/\\\/x.com\\\/Wojo_co\",\"https:\\\/\\\/instagram.com\\\/wojo_co\\\/\",\"https:\\\/\\\/www.linkedin.com\\\/company\\\/wojo-co\\\/\",\"https:\\\/\\\/www.youtube.com\\\/channel\\\/UCorVBPUgSsTQ3zUR9CYSp8Q\"]},{\"@type\":\"Person\",\"@id\":\"https:\\\/\\\/www.wojo.com\\\/blog\\\/#\\\/schema\\\/person\\\/52175cfaea09e0d3479bdd89e2993639\",\"name\":\"Wojo\"}]}<\/script>\n<!-- \/ Yoast SEO plugin. -->","yoast_head_json":{"title":"D\u00e9velopper sa marque employeur : 15 leviers \u00e0 activer","description":"D\u00e9couvrez pourquoi d\u00e9velopper sa marque employeur attire et fid\u00e9lise les talents, et quels leviers activer pour une strat\u00e9gie efficace.","robots":{"index":"index","follow":"follow","max-snippet":"max-snippet:-1","max-image-preview":"max-image-preview:large","max-video-preview":"max-video-preview:-1"},"canonical":"https:\/\/www.wojo.com\/blog\/fr\/la-boite-a-outils\/developper-sa-marque-employeur-16-leviers-a-activer\/","og_locale":"fr_FR","og_type":"article","og_title":"D\u00e9velopper sa marque employeur : 15 leviers \u00e0 activer","og_description":"D\u00e9couvrez pourquoi d\u00e9velopper sa marque employeur attire et fid\u00e9lise les talents, et quels leviers activer pour une strat\u00e9gie efficace.","og_url":"https:\/\/www.wojo.com\/blog\/fr\/la-boite-a-outils\/developper-sa-marque-employeur-16-leviers-a-activer\/","og_site_name":"Blog Wojo","article_publisher":"https:\/\/www.facebook.com\/Wojo.coworking\/","article_published_time":"2026-04-23T07:19:00+00:00","article_modified_time":"2026-04-24T13:42:26+00:00","og_image":[{"width":2560,"height":1707,"url":"https:\/\/www.wojo.com\/blog\/wp-content\/uploads\/2022\/12\/Developper-sa-marque-employeur-cover-scaled.jpg","type":"image\/jpeg"}],"author":"Wojo","twitter_card":"summary_large_image","twitter_creator":"@Wojo_co","twitter_site":"@Wojo_co","twitter_misc":{"\u00c9crit par":"Wojo","Dur\u00e9e de lecture estim\u00e9e":"14 minutes"},"schema":{"@context":"https:\/\/schema.org","@graph":[{"@type":"Article","@id":"https:\/\/www.wojo.com\/blog\/fr\/la-boite-a-outils\/developper-sa-marque-employeur-16-leviers-a-activer\/#article","isPartOf":{"@id":"https:\/\/www.wojo.com\/blog\/fr\/la-boite-a-outils\/developper-sa-marque-employeur-16-leviers-a-activer\/"},"author":{"name":"Wojo","@id":"https:\/\/www.wojo.com\/blog\/#\/schema\/person\/52175cfaea09e0d3479bdd89e2993639"},"headline":"D\u00e9velopper sa marque employeur\u00a0: quels leviers activer ?","datePublished":"2026-04-23T07:19:00+00:00","dateModified":"2026-04-24T13:42:26+00:00","mainEntityOfPage":{"@id":"https:\/\/www.wojo.com\/blog\/fr\/la-boite-a-outils\/developper-sa-marque-employeur-16-leviers-a-activer\/"},"wordCount":2939,"publisher":{"@id":"https:\/\/www.wojo.com\/blog\/#organization"},"image":{"@id":"https:\/\/www.wojo.com\/blog\/fr\/la-boite-a-outils\/developper-sa-marque-employeur-16-leviers-a-activer\/#primaryimage"},"thumbnailUrl":"https:\/\/www.wojo.com\/blog\/wp-content\/uploads\/2022\/12\/Developper-sa-marque-employeur-cover-scaled.jpg","keywords":["Flex office - FR","Gestion des talents","Inclusion - FR","Motivation au travail","Nouveaux modes de travail","QVT","Ressource - strat\u00e9gie RSE","RH - FR","T\u00e9l\u00e9travail"],"articleSection":["La bo\u00eete \u00e0 outils"],"inLanguage":"fr-FR"},{"@type":"WebPage","@id":"https:\/\/www.wojo.com\/blog\/fr\/la-boite-a-outils\/developper-sa-marque-employeur-16-leviers-a-activer\/","url":"https:\/\/www.wojo.com\/blog\/fr\/la-boite-a-outils\/developper-sa-marque-employeur-16-leviers-a-activer\/","name":"D\u00e9velopper sa marque employeur : 15 leviers \u00e0 activer","isPartOf":{"@id":"https:\/\/www.wojo.com\/blog\/#website"},"primaryImageOfPage":{"@id":"https:\/\/www.wojo.com\/blog\/fr\/la-boite-a-outils\/developper-sa-marque-employeur-16-leviers-a-activer\/#primaryimage"},"image":{"@id":"https:\/\/www.wojo.com\/blog\/fr\/la-boite-a-outils\/developper-sa-marque-employeur-16-leviers-a-activer\/#primaryimage"},"thumbnailUrl":"https:\/\/www.wojo.com\/blog\/wp-content\/uploads\/2022\/12\/Developper-sa-marque-employeur-cover-scaled.jpg","datePublished":"2026-04-23T07:19:00+00:00","dateModified":"2026-04-24T13:42:26+00:00","description":"D\u00e9couvrez pourquoi d\u00e9velopper sa marque employeur attire et fid\u00e9lise les talents, et quels leviers activer pour une strat\u00e9gie efficace.","breadcrumb":{"@id":"https:\/\/www.wojo.com\/blog\/fr\/la-boite-a-outils\/developper-sa-marque-employeur-16-leviers-a-activer\/#breadcrumb"},"inLanguage":"fr-FR","potentialAction":[{"@type":"ReadAction","target":["https:\/\/www.wojo.com\/blog\/fr\/la-boite-a-outils\/developper-sa-marque-employeur-16-leviers-a-activer\/"]}]},{"@type":"ImageObject","inLanguage":"fr-FR","@id":"https:\/\/www.wojo.com\/blog\/fr\/la-boite-a-outils\/developper-sa-marque-employeur-16-leviers-a-activer\/#primaryimage","url":"https:\/\/www.wojo.com\/blog\/wp-content\/uploads\/2022\/12\/Developper-sa-marque-employeur-cover-scaled.jpg","contentUrl":"https:\/\/www.wojo.com\/blog\/wp-content\/uploads\/2022\/12\/Developper-sa-marque-employeur-cover-scaled.jpg","width":2560,"height":1707},{"@type":"BreadcrumbList","@id":"https:\/\/www.wojo.com\/blog\/fr\/la-boite-a-outils\/developper-sa-marque-employeur-16-leviers-a-activer\/#breadcrumb","itemListElement":[{"@type":"ListItem","position":1,"name":"Accueil","item":"https:\/\/www.wojo.com\/blog\/fr\/"},{"@type":"ListItem","position":2,"name":"La bo\u00eete \u00e0 outils","item":"https:\/\/www.wojo.com\/blog\/fr\/category\/la-boite-a-outils\/"},{"@type":"ListItem","position":3,"name":"D\u00e9velopper sa marque employeur\u00a0: quels leviers activer ?"}]},{"@type":"WebSite","@id":"https:\/\/www.wojo.com\/blog\/#website","url":"https:\/\/www.wojo.com\/blog\/","name":"Blog Wojo","description":"Work. Share. Live.","publisher":{"@id":"https:\/\/www.wojo.com\/blog\/#organization"},"potentialAction":[{"@type":"SearchAction","target":{"@type":"EntryPoint","urlTemplate":"https:\/\/www.wojo.com\/blog\/?s={search_term_string}"},"query-input":{"@type":"PropertyValueSpecification","valueRequired":true,"valueName":"search_term_string"}}],"inLanguage":"fr-FR"},{"@type":"Organization","@id":"https:\/\/www.wojo.com\/blog\/#organization","name":"Wojo","url":"https:\/\/www.wojo.com\/blog\/","logo":{"@type":"ImageObject","inLanguage":"fr-FR","@id":"https:\/\/www.wojo.com\/blog\/#\/schema\/logo\/image\/","url":"","contentUrl":"","caption":"Wojo"},"image":{"@id":"https:\/\/www.wojo.com\/blog\/#\/schema\/logo\/image\/"},"sameAs":["https:\/\/www.facebook.com\/Wojo.coworking\/","https:\/\/x.com\/Wojo_co","https:\/\/instagram.com\/wojo_co\/","https:\/\/www.linkedin.com\/company\/wojo-co\/","https:\/\/www.youtube.com\/channel\/UCorVBPUgSsTQ3zUR9CYSp8Q"]},{"@type":"Person","@id":"https:\/\/www.wojo.com\/blog\/#\/schema\/person\/52175cfaea09e0d3479bdd89e2993639","name":"Wojo"}]}},"_links":{"self":[{"href":"https:\/\/www.wojo.com\/blog\/wp-json\/wp\/v2\/posts\/60383","targetHints":{"allow":["GET"]}}],"collection":[{"href":"https:\/\/www.wojo.com\/blog\/wp-json\/wp\/v2\/posts"}],"about":[{"href":"https:\/\/www.wojo.com\/blog\/wp-json\/wp\/v2\/types\/post"}],"author":[{"embeddable":true,"href":"https:\/\/www.wojo.com\/blog\/wp-json\/wp\/v2\/users\/1"}],"replies":[{"embeddable":true,"href":"https:\/\/www.wojo.com\/blog\/wp-json\/wp\/v2\/comments?post=60383"}],"version-history":[{"count":1,"href":"https:\/\/www.wojo.com\/blog\/wp-json\/wp\/v2\/posts\/60383\/revisions"}],"predecessor-version":[{"id":304556,"href":"https:\/\/www.wojo.com\/blog\/wp-json\/wp\/v2\/posts\/60383\/revisions\/304556"}],"wp:featuredmedia":[{"embeddable":true,"href":"https:\/\/www.wojo.com\/blog\/wp-json\/wp\/v2\/media\/60386"}],"wp:attachment":[{"href":"https:\/\/www.wojo.com\/blog\/wp-json\/wp\/v2\/media?parent=60383"}],"wp:term":[{"taxonomy":"category","embeddable":true,"href":"https:\/\/www.wojo.com\/blog\/wp-json\/wp\/v2\/categories?post=60383"},{"taxonomy":"post_tag","embeddable":true,"href":"https:\/\/www.wojo.com\/blog\/wp-json\/wp\/v2\/tags?post=60383"}],"curies":[{"name":"wp","href":"https:\/\/api.w.org\/{rel}","templated":true}]}}