{"id":60666,"date":"2025-07-09T14:25:26","date_gmt":"2025-07-09T12:25:26","guid":{"rendered":"https:\/\/www.wojo.com\/blog\/?p=60666"},"modified":"2025-10-22T14:26:20","modified_gmt":"2025-10-22T12:26:20","slug":"brown-out-burn-out-epuisement-professionnel-comprendre-et-remedier","status":"publish","type":"post","link":"https:\/\/www.wojo.com\/blog\/fr\/du-bonheur-en-boite\/brown-out-burn-out-epuisement-professionnel-comprendre-et-remedier\/","title":{"rendered":"Brown out\u00a0: parce que l\u2019\u00e9nergie est pr\u00e9cieuse\u2026"},"content":{"rendered":"<p><!-- wp:paragraph --><\/p>\n<p><strong>70 % des Fran\u00e7ais en d\u00e9tresse psychologique estiment que leur \u00e9tat est d\u00fb \u00e0 leur activit\u00e9 professionnelle. Alors que la sant\u00e9 mentale des Fran\u00e7ais a \u00e9t\u00e9 d\u00e9clar\u00e9e grande cause nationale pour 2025, on vous parle d'une des formes de mal-\u00eatre au travail : le brown out.<\/strong><\/p>\n<p>Le brown out est une forme de crise existentielle provoqu\u00e9e par un \u00e9puisement professionnel et une perte de rep\u00e8re au travail. Un abattement \u00e9motionnel intense, identifi\u00e9 depuis longtemps par les RH et les m\u00e9decins, mais dont on reparle aujourd\u2019hui, en raison du ph\u00e9nom\u00e8ne de grande d\u00e9mission qui toucherait (ou pas) la France.<br \/>V\u00e9ritable source de souffrance au travail, le brown out n\u2019est pas encore reconnu comme une maladie professionnelle mais comme un syndrome. Il commence souvent l\u2019air de rien par une simple fatigue \u00e9motionnelle ou une baisse d\u2019\u00e9nergie mais peut conduire \u00e0 la d\u00e9pression, au m\u00eame titre qu\u2019un burn out ou un bore out. Dans les trois cas, le chemin de la r\u00e9mission sera d\u2019autant plus long que l\u2019on aura tard\u00e9 \u00e0 r\u00e9agir.<br \/>Alors, comment d\u00e9tecter le brown out&nbsp;; comment aider ses coll\u00e8gues&nbsp;qui flanchent ; comment couper court avant de ne plus avoir assez d\u2019allant pour repartir&nbsp;? On fait le point.<\/p>\n<p><!-- \/wp:paragraph --><\/p>\n<p><!-- wp:paragraph --><\/p>\n<p><strong>En bref :<\/strong><br \/>- Brown-out, burn-out, bore-out\u2026 Aujourd'hui, <strong>45% des salari\u00e9s fran\u00e7ais sont en d\u00e9tresse psychologique <\/strong>(+ 3 points en un an \/ <a href=\"https:\/\/www.liaisons-sociales.fr\/lsfr\/2025\/04\/01\/le-niveau-de-detresse-psychologique-des-salaries-toujours-aussi-preponderant#:~:text=Alors%20que%20la%20sant%C3%A9%20mentale,du%20barom%C3%A8tre%20en%20juin%202024.\">OpinionWay 2025<\/a>).<br \/>- Les co\u00fbts et les cons\u00e9quences vont bien au-del\u00e0 du mal-\u00eatre du collaborateur. <br \/>- Comment r\u00e9agir face \u00e0 un brown out ? Mieux \u00e9couter, redonner du sens aux missions, et repenser l\u2019organisation pour pr\u00e9venir plut\u00f4t que gu\u00e9rir.<\/p>\n<p><!-- \/wp:paragraph --><\/p>\n<p><!-- wp:heading --><\/p>\n<h2 class=\"wp-block-heading\">Brown out et autres syndromes d\u2019\u00e9puisement professionnel, d\u00e9finitions<\/h2>\n<p><!-- \/wp:heading --><\/p>\n<p><!-- wp:paragraph --><\/p>\n<p>Dans son ouvrage d\u00e9di\u00e9 \u00e0 cette affection (<em>Le brown out, quand le travail n\u2019a plus aucun sens<\/em>, Tr\u00e9nadiel, 2017), Fran\u00e7ois Daumann, m\u00e9decin sp\u00e9cialiste des pathologies li\u00e9es au travail affirmait&nbsp;que <strong>54% des salari\u00e9s seraient atteints de brown out en France contre 37% dans le monde\u2026 Aujourd'hui, 45% sont en d\u00e9tresse psychologique<\/strong>,<strong> 70 % estiment que leur travail en est la cause <\/strong>(<a href=\"https:\/\/www.liaisons-sociales.fr\/lsfr\/2025\/04\/01\/le-niveau-de-detresse-psychologique-des-salaries-toujours-aussi-preponderant#:~:text=Alors%20que%20la%20sant%C3%A9%20mentale,du%20barom%C3%A8tre%20en%20juin%202024.\" target=\"_blank\" rel=\"noreferrer noopener\">Empreinte humaine 2025<\/a>).<br \/>Vous avez donc forc\u00e9ment crois\u00e9 ou aid\u00e9 des coll\u00e8gues \u00e0 la sant\u00e9 mentale vacillante. Mais de quoi parlons-nous&nbsp;?<\/p>\n<p><!-- \/wp:paragraph --><\/p>\n<p><!-- wp:heading --><\/p>\n<h2 class=\"wp-block-heading\">Le brown out, c\u2019est quoi au juste&nbsp;?<\/h2>\n<p><!-- \/wp:heading --><\/p>\n<p><!-- wp:paragraph --><\/p>\n<p>Le terme brown out signifie litt\u00e9ralement baisse de r\u00e9gime. Il d\u00e9signe un processus de baisse progressive de productivit\u00e9 et d\u2019entrain dus \u00e0 une perte de valeurs envers les t\u00e2ches \u00e0 accomplir. Cette affection touche volontiers les jeunes (d\u00e8s 19 ans&nbsp;!), et des salari\u00e9s r\u00e9put\u00e9s motiv\u00e9s et tr\u00e8s performants. Elle entrave leur efficacit\u00e9 jusqu\u2019\u00e0 annihiler leur motivation, provoquant ainsi une usure psychologique et un mal-\u00eatre qui peuvent mener \u00e0 la d\u00e9pression (et selon le poste occup\u00e9, provoquer des accidents du travail).<\/p>\n<p><!-- \/wp:paragraph --><\/p>\n<p><!-- wp:paragraph --><\/p>\n<p>Ce mal de travail n\u2019est pas officiellement reconnu comme une maladie professionnelle. Mais il est bel et bien per\u00e7u comme un v\u00e9ritable risque socioprofessionnel (RSP) par le corps m\u00e9dical et peut faire \u00e0 ce titre l\u2019objet d\u2019un arr\u00eat maladie. Et dans certains cas, \u00eatre indemnis\u00e9 (voir plus bas).<\/p>\n<p><!-- \/wp:paragraph --><\/p>\n<p><!-- wp:paragraph --><\/p>\n<p>\u00c0 lire aussi\u00a0: <a href=\"https:\/\/www.wojo.com\/blog\/fr\/du-bonheur-en-boite\/ressenteisme-ces-salaries-qui-restent-dans-un-job-quils-detestent\/\" target=\"_blank\" rel=\"noreferrer noopener\">Ressent\u00e9isme, le blues des salari\u00e9s qui ne veulent pas d\u00e9missionner<\/a><\/p>\n<p><!-- \/wp:paragraph --><\/p>\n<p><!-- wp:heading {\"level\":3} --><\/p>\n<h3 class=\"wp-block-heading\">Bore out, burn out et brown out&nbsp;: d\u00e9finition des 3 syndromes de l\u2019\u00e9puisement psychologique au travail<\/h3>\n<p><!-- \/wp:heading --><\/p>\n<p><!-- wp:heading {\"level\":4} --><\/p>\n<h4 class=\"wp-block-heading\">Bore out&nbsp;: quand l\u2019ennui donne le vertige<\/h4>\n<p><!-- \/wp:heading --><\/p>\n<p><!-- wp:paragraph --><\/p>\n<p>Le bore out est une forme d'ennui au travail qui se concr\u00e9tise par une perte de motivation, un mal-\u00eatre latent, voire une forme de d\u00e9mission, instaurant ainsi un cercle vicieux. Il survient lorsque le collaborateur est d\u00e9s\u0153uvr\u00e9, sous employ\u00e9 au regard de ses facult\u00e9s ou aspirations, en manque de reconnaissance, etc.<br \/>Un contexte aussi pervers que paradoxal qui :<br \/>- interdit toute forme d\u2019accomplissement au travail,<br \/>- g\u00e9n\u00e8re un sentiment d\u2019inutilit\u00e9, source de stress au travail (si je ne sers \u00e0 rien, je peux perdre mon emploi)<br \/>- peut devenir une v\u00e9ritable source de souffrance au quotidien.<br \/>Vous l\u2019aurez devin\u00e9&nbsp;: par d\u00e9finition, en cas de bore out, la perte de sens n\u2019est pas loin. Du bore out au brown out, il n\u2019y a qu\u2019un pas.<\/p>\n<p>\u00c0 lire aussi&nbsp;: <a href=\"https:\/\/www.wojo.com\/blog\/fr\/du-bonheur-en-boite\/etes-atteint-de-bore-out-syndrome-de-lennui-travail\/\">\u00cates-vous atteint de bore-out&nbsp;?<\/a><\/p>\n<p><!-- \/wp:paragraph --><\/p>\n<p><!-- wp:heading {\"level\":4} --><\/p>\n<h4 class=\"wp-block-heading\">Burn out&nbsp;: lutter contre la saturation<\/h4>\n<p><!-- \/wp:heading --><\/p>\n<p><!-- wp:paragraph --><\/p>\n<p>\u00c0 l\u2019oppos\u00e9, et tout aussi alarmant pour le psychologue, le burn-out est une forme d'\u00e9puisement professionnel aussi bien physique qu\u2019\u00e9motionnel et mental. Il est lui aussi li\u00e9 \u00e0 une charge de travail mal g\u00e9r\u00e9e. Aujourd\u2019hui, 31% de salari\u00e9s seraient en burn-out (Empreinte humaine, 2025)<br \/>En 2019, l\u2019OMS (Organisation mondiale de la sant\u00e9) le d\u00e9finissait comme <a href=\"https:\/\/www.sante-sur-le-net.com\/nouvelle-definition-burn-out\/\">un&nbsp;syndrome<\/a> r\u00e9sultant d\u2019un \u00ab&nbsp;stress chronique professionnel mal g\u00e9r\u00e9&nbsp;\u00bb. Trois \u00e9l\u00e9ments le d\u00e9finissent :<br \/>- l\u2019\u00e9puisement,<br \/>- la diminution de l\u2019efficacit\u00e9 professionnelle,<br \/>- un sentiment n\u00e9gatif vis-\u00e0-vis du travail.<br \/>Il touche le salari\u00e9 expos\u00e9 \u00e0 des niveaux de pression \u00e9lev\u00e9e et constante (pas n\u00e9cessairement malveillante), un rythme de travail excessif ou une situation de harc\u00e8lement moral. Ce dernier finit par \u00ab&nbsp;se consumer&nbsp;\u00bb (burn), g\u00e9n\u00e9rant ainsi une surcharge \u00e9motionnelle n\u00e9gative qui conduit \u00e0 l\u2019effondrement psychologique (et\/ou physique) face \u00e0 des t\u00e2ches dont il lui semble impossible de venir \u00e0 bout.<\/p>\n<p><!-- \/wp:paragraph --><\/p>\n<p><!-- wp:heading {\"level\":4} --><\/p>\n<h4 class=\"wp-block-heading\">Brown out&nbsp;: une remise en question douloureuse<\/h4>\n<p><!-- \/wp:heading --><\/p>\n<p><!-- wp:image {\"id\":60668,\"width\":\"282px\",\"height\":\"276px\",\"sizeSlug\":\"full\",\"linkDestination\":\"none\",\"align\":\"left\"} --><\/p>\n<figure class=\"wp-block-image alignleft size-full is-resized\"><img src=\"https:\/\/www.wojo.com\/blog\/wp-content\/uploads\/2022\/12\/RPS-et-Brown-out-INRS.png\" alt=\"brown out : quelles causes ?\" class=\"wp-image-60668\" style=\"width:282px;height:276px\"\/><figcaption class=\"wp-element-caption\">Source&nbsp;: <a href=\"https:\/\/www.inrs.fr\/risques\/psychosociaux\/ce-qu-il-faut-retenir.html\">INRS<\/a><\/figcaption><\/figure>\n<p><!-- \/wp:image --><\/p>\n<p><!-- wp:paragraph --><\/p>\n<p>Les causes principales du brown out se situent quant \u00e0 elles sur le registre des valeurs et du sens port\u00e9 \u00e0 ses missions quotidiennes, \u00e0 son m\u00e9tier, \u00e0 l\u2019entreprise. ce peut \u00eatre aussi un manque de compr\u00e9hension de la vision de l\u2019entreprise, d\u2019un d\u00e9saccord avec le positionnement de la marque, d\u00e9faut de communication interne ou d\u2019acculturation, monotonie, manque de reconnaissance, relations conflictuelles au travail (voire, harc\u00e8lement moral) ou encore, in\u00e9galit\u00e9s salariales\u2026 Dans le cas d\u2019un jeune tout juste arriv\u00e9 sur le march\u00e9 de l\u2019emploi, ce pourra \u00eatre l\u2019inad\u00e9quation de la r\u00e9alit\u00e9 avec ce qu\u2019il avait imagin\u00e9 de son m\u00e9tier.<\/p>\n<p>La pathologie du brown-out peut aussi \u00eatre la cons\u00e9quence d\u2019une exposition aux risques psychosociaux&nbsp;(RPS), ces situations professionnelles o\u00f9 sont pr\u00e9sents, combin\u00e9s ou non&nbsp;:<br \/>- du stress&nbsp;au travail,<br \/>- des violences internes commises au sein de l\u2019entreprise par des salari\u00e9s&nbsp;(harc\u00e8lement moral ou sexuel, conflits, etc.),<br \/>- des violences commises sur des salari\u00e9s par des personnes externes \u00e0 l\u2019entreprise (insultes, menaces, agressions, etc.).&nbsp;<\/p>\n<p><!-- \/wp:paragraph --><\/p>\n<p><!-- wp:paragraph --><\/p>\n<p>Autant de facteurs d\u00e9l\u00e9t\u00e8res qui, pour peu qu\u2019ils s\u2019ajoutent \u00e0 un contexte de charge psychosociale momentan\u00e9, une p\u00e9riode de surcharge au travail\u2026 g\u00e9n\u00e8rent peu \u00e0 peu un \u00e9tat de souffrance psychologique. Jusqu\u2019\u00e0 ne plus savoir ce que l\u2019on fait l\u00e0, ou se demander \u00ab&nbsp;\u00e0 quoi bon&nbsp;\u00bb.<\/p>\n<p><!-- \/wp:paragraph --><\/p>\n<p><!-- wp:heading --><\/p>\n<h2 class=\"wp-block-heading\">Brown out en entreprise&nbsp;: petites causes, grands effets<\/h2>\n<p><!-- \/wp:heading --><\/p>\n<p><!-- wp:heading {\"level\":3} --><\/p>\n<h3 class=\"wp-block-heading\">Les cons\u00e9quences du brown out sur les salari\u00e9s<\/h3>\n<p><!-- \/wp:heading --><\/p>\n<p><!-- wp:paragraph --><\/p>\n<p>En plus des effets n\u00e9gatifs sur la sant\u00e9 mentale et physique de l\u2019int\u00e9ress\u00e9, le brown out peut provoquer des pathologies l\u00e9g\u00e8res telles que des maux de t\u00eate, de l\u2019anxi\u00e9t\u00e9, des troubles du sommeil (<a href=\"https:\/\/www.wojo.com\/blog\/fr\/la-boite-a-outils\/dodow-compagnon-de-sommeil\/\" target=\"_blank\" rel=\"noreferrer noopener\">une astuce pour y rem\u00e9dier par ici<\/a>) et sans surprise, des troubles de l'humeur. Ce faisant, il entra\u00eene g\u00e9n\u00e9ralement une baisse de la productivit\u00e9 et des performances, entravant souvent la prise d\u2019initiatives ou la cr\u00e9ativit\u00e9. Dans des cas extr\u00eames, le d\u00e9sinvestissement et son corollaire, l\u2019inattention, peuvent provoquer des accidents du travail.<\/p>\n<p><!-- \/wp:paragraph --><\/p>\n<p><!-- wp:paragraph --><\/p>\n<p><strong>Par ricochet, cette pathologie affecte aussi le reste de l\u2019\u00e9quipe<\/strong>. Cette derni\u00e8re se retrouve face \u00e0 un coll\u00e8gue qui ne voit plus l\u2019int\u00e9r\u00eat \u00e0 accomplir sa t\u00e2che, n\u2019a souvent plus l\u2019\u00e9nergie de le faire et n\u2018appellera pas n\u00e9cessairement \u00e0 l\u2019aide. Sans une gestion adapt\u00e9e par le manager, c\u2019est toute l\u2019\u00e9quipe qui peut souffrir des cons\u00e9quences du brow out&nbsp;de l\u2019un de siens. Les objectifs, la qualit\u00e9 de vie au travail (QVT) et la sant\u00e9 mentale de chacun sont alors susceptibles d\u2019\u00eatre compromis.<\/p>\n<p><!-- \/wp:paragraph --><\/p>\n<p><!-- wp:paragraph --><\/p>\n<p>\u00c0 lire aussi\u00a0: <a href=\"https:\/\/www.wojo.com\/blog\/fr\/du-bonheur-en-boite\/cohrence-cardiaque-reduire-le-stress-au-travail\/\" target=\"_blank\" rel=\"noreferrer noopener\">Simple et efficace, r\u00e9duisez votre stress en pratiquant la coh\u00e9rence cardiaque<\/a><\/p>\n<p><!-- \/wp:paragraph --><\/p>\n<p><!-- wp:heading {\"level\":4} --><\/p>\n<h4 class=\"wp-block-heading\">Reconna\u00eetre le brown out&nbsp;d\u2019un coll\u00e8gue : les sympt\u00f4mes visibles<\/h4>\n<p><!-- \/wp:heading --><\/p>\n<p><!-- wp:paragraph --><\/p>\n<p>Il est donc essentiel de pr\u00e9venir cette crise existentielle. S\u2019il est d\u00e9licat de mesurer l\u2019\u00e9tat de souffrance mentale (et ses causes profondes) d\u2019un coll\u00e8gue, certains sympt\u00f4mes peuvent n\u00e9anmoins alerter :&nbsp;<br \/>- l\u2019ex\u00e9cution m\u00e9canique et sans r\u00e9flexion de ses t\u00e2ches quotidiennes,&nbsp;<br \/>- un manque manifeste de motivation et d\u2019enthousiasme,<br \/>- une tendance \u00e0 la procrastination et une perte de productivit\u00e9,&nbsp;<br \/>- une d\u00e9saffection grandissante pour la vie de l\u2019entreprise&nbsp;: ne plus venir aux moments informels, s\u2019isoler, etc.<br \/>- l\u2019expression d\u2019un manque de sens quant aux missions ou envers les valeurs de l\u2019organisation dans sa globalit\u00e9<br \/>- des commentaires sur un \u00e9ventuel manque d\u2019utilit\u00e9, ou sur l\u2019absurdit\u00e9 d\u2019une t\u00e2che.&nbsp;<\/p>\n<p><!-- \/wp:paragraph --><\/p>\n<p><!-- wp:heading {\"level\":3} --><\/p>\n<h3 class=\"wp-block-heading\">Les cons\u00e9quences brown out pour l\u2019employeur<\/h3>\n<p><!-- \/wp:heading --><\/p>\n<p><!-- wp:paragraph --><\/p>\n<p>Le brown out des collaborateurs peut entra\u00eener une perte de productivit\u00e9, un manque d\u2019int\u00e9r\u00eat dans le travail et un \u00e9tat de souffrance palpable pour les coll\u00e8gues. <strong>Ce sont donc les performances de la soci\u00e9t\u00e9 qui peuvent \u00eatre compromises<\/strong>&nbsp;:<br \/>- retards, erreurs, approximations,<br \/>- baisse de la qualit\u00e9 des produits et services fournis,<br \/>- image de marque d\u00e9grad\u00e9e dans le cas d\u2019un employ\u00e9 au contact de la client\u00e8le,<br \/>- des difficult\u00e9s au sein de l\u2019\u00e9quipe qui peut se retrouver surcharg\u00e9e de travail,<br \/>- une tension croissante et un sentiment d\u2019injustice de la part des autres collaborateurs en raison d\u2019une mauvaise interpr\u00e9tation de l\u2019attitude du coll\u00e8gue victime de mal-\u00eatre.<\/p>\n<p>L\u2019\u00e9puisement professionnel peut finalement entra\u00eener une hausse des co\u00fbts, les entreprises devant mobiliser des ressources suppl\u00e9mentaires pour compenser les \u00e9ventuels d\u00e9g\u00e2ts, former du personnel pour compenser la baisse de productivit\u00e9 des collaborateurs, etc.<\/p>\n<p><!-- \/wp:paragraph --><\/p>\n<p><!-- wp:heading --><\/p>\n<h2 class=\"wp-block-heading\">Peut-on pr\u00e9venir le ph\u00e9nom\u00e8ne du brown out&nbsp;?<\/h2>\n<p><!-- \/wp:heading --><\/p>\n<p><!-- wp:paragraph --><\/p>\n<p>Peut-on vraiment emp\u00eacher un collaborateur de consid\u00e9rer que son travail n\u2019a plus aucun sens&nbsp;? Oui, qu\u2019importe la t\u00e2che ! Plusieurs actions peuvent au moins aider \u00e0 le contenir ou en limiter les effets, \u00e0 condition de les conjuguer et ne pas se contenter d\u2019une seule.<\/p>\n<p>On pourra au pr\u00e9alable se pencher sa proposition de valeur, s\u2019assurer qu\u2019elle est comprise par le salari\u00e9\u2026 Et lui donner la parole sur ce qu\u2019il entend par \u00ab&nbsp;trouver du sens dans leur travail&nbsp;\u00bb .<\/p>\n<p><!-- \/wp:paragraph --><\/p>\n<p><!-- wp:image {\"id\":60667,\"width\":\"482px\",\"height\":\"221px\",\"sizeSlug\":\"full\",\"linkDestination\":\"none\",\"align\":\"center\"} --><\/p>\n<figure class=\"wp-block-image aligncenter size-full is-resized\"><img src=\"https:\/\/www.wojo.com\/blog\/wp-content\/uploads\/2022\/12\/Sens-au-travail-Brown-out-Info-Deloitte.png\" alt=\"brown out et perte de sens au travail : d\u00e9codage\" class=\"wp-image-60667\" style=\"width:482px;height:221px\"\/><figcaption class=\"wp-element-caption\">Source&nbsp;: Deloitte, sens au travail ou sens interdit 2017<\/figcaption><\/figure>\n<p><!-- \/wp:image --><\/p>\n<p><!-- wp:heading {\"level\":3} --><\/p>\n<h3 class=\"wp-block-heading\">Premier levier pour parer au brown out&nbsp;: qualit\u00e9 de la relation et du lien social propos\u00e9<\/h3>\n<p><!-- \/wp:heading --><\/p>\n<p><!-- wp:paragraph --><\/p>\n<p>En France, \u00e0 l\u2019issue des confinements 72% affirmaient que cet \u00e9pisode avait \u00e9t\u00e9 favorable \u00e0 la r\u00e9flexion sur \u00ab&nbsp;l\u2019int\u00e9r\u00eat qu\u2019ils \u00e9prouvent \u00e0 croiser du monde tous les jours au travail&nbsp;\u00bb (Source Odoxa 2020). Tout est dit !<br \/>Autrement dit, de l\u2019estime, de la reconnaissance, une attention port\u00e9e \u00e0 l\u2019individu, au-del\u00e0 du coll\u00e8gue, que diable&nbsp;! Travailler la communication au sein de l\u2019entreprise. Pr\u00f4ner plus de transparence, plus d\u2019\u00e9coute entre la hi\u00e9rarchie et les \u00e9quipes, de sorte \u00e0 identifier d\u2019\u00e9ventuelles sources d\u2019incompr\u00e9hension envers le positionnement de la marque.<\/p>\n<p><!-- \/wp:paragraph --><\/p>\n<p><!-- wp:heading {\"level\":3} --><\/p>\n<h3 class=\"wp-block-heading\">Deuxi\u00e8me&nbsp;levier&nbsp;: inculquer les bonnes postures entre coll\u00e8gues<\/h3>\n<p><!-- \/wp:heading --><\/p>\n<p><!-- wp:paragraph --><\/p>\n<p>Plus de la moiti\u00e9 des employ\u00e9s estiment que les pratiques manag\u00e9riales encouragent l'individualisme en favorisant les objectifs professionnels individuels au d\u00e9triment des r\u00e9sultats collectifs (<a href=\"https:\/\/www.liaisons-sociales.fr\/lsfr\/2025\/04\/01\/le-niveau-de-detresse-psychologique-des-salaries-toujours-aussi-preponderant#:~:text=Alors%20que%20la%20sant%C3%A9%20mentale,du%20barom%C3%A8tre%20en%20juin%202024.\" target=\"_blank\" rel=\"noreferrer noopener\">Empreinte humaine 2025<\/a>). Et si on r\u00e9 apprenait \u00e0 faire des retours positifs, instaurer un r\u00e9flexe de r\u00e9compense pour les efforts fournis, veiller \u00e0 une bienveillance de chaque instant en particulier en p\u00e9riode de surcharge (lancement de produit, fin de saison, etc.). Plus de conversations informelles peuvent aussi \u00eatre aussi le moyen de relever un \u00e9ventuel sentiment d\u2019impuissance face \u00e0 un mal-\u00eatre qui gagne du terrain chaque jour.<\/p>\n<p><!-- \/wp:paragraph --><\/p>\n<p><!-- wp:heading {\"level\":3} --><\/p>\n<h3 class=\"wp-block-heading\">Troisi\u00e8me levier&nbsp;: sensibiliser et former les managers \u00e0 cette affection<\/h3>\n<p><!-- \/wp:heading --><\/p>\n<p><!-- wp:paragraph --><\/p>\n<p>Micro management, harc\u00e8lement au travail, surcharge de travail, manque d\u2019encadrement ou de reconnaissance\u2026 certaines attitudes auront h\u00e9las un effet catalyseur sur un employ\u00e9 en posture de souffrance psychologique. Il convient donc&nbsp;:<br \/>- d\u2019alerter les managers sur ces pratiques qui peuvent avoir des cons\u00e9quences graves&nbsp;;<br \/>- de les former \u00e0 d\u00e9tecter les signes pr\u00e9curseurs de fragilit\u00e9 mentale sous toutes ses formes.<\/p>\n<p><!-- \/wp:paragraph --><\/p>\n<p><!-- wp:paragraph --><\/p>\n<p>\u00c0 lire aussi&nbsp;: <a href=\"https:\/\/www.wojo.com\/blog\/fr\/du-bonheur-en-boite\/lien-social-au-travail-ou-en-teletravail-cest-quoi\/\" target=\"_blank\" rel=\"noreferrer noopener\">Le lien social au travail&nbsp;: l\u2019affaire de tous<\/a><\/p>\n<p><!-- \/wp:paragraph --><\/p>\n<p><!-- wp:heading {\"level\":3} --><\/p>\n<h3 class=\"wp-block-heading\">Quatri\u00e8me levier&nbsp;: installer l\u2019entreprise dans un environnement de travail convivial !<\/h3>\n<p><!-- \/wp:heading --><\/p>\n<p><!-- wp:paragraph --><\/p>\n<p>C\u2019est-\u00e0-dire des bureaux o\u00f9 l\u2019on prend plaisir \u00e0 se rendre, o\u00f9 l\u2019on peut acc\u00e9der \u00e0 des services enrichissants et\/ou ressour\u00e7ants (comme par exemple l'acc\u00e8s \u00e0 une offre de <a href=\"https:\/\/www.wojo.com\/blog\/fr\/du-bonheur-en-boite\/massage-antistress-vertus-techniques\/\" target=\"_blank\" rel=\"noreferrer noopener\">massage... anti-stress <\/a>directement sur le lieu de travail). Ce peut \u00eatre un quartier attractif, des locaux relook\u00e9s pour am\u00e9liorer la qualit\u00e9 de vie au travail, ou le choix d\u2019un espace de coworking. Cette derni\u00e8re option permet \u00e0 ses collaborateurs de fr\u00e9quenter les lieux dynamiques o\u00f9 ils peuvent \u00e9largir leur r\u00e9seau, faire de nouvelles rencontres, acc\u00e9der \u00e0 des ateliers, se retrouver autour de valeurs communes, etc.<\/p>\n<p><!-- \/wp:paragraph --><\/p>\n<p><!-- wp:buttons {\"layout\":{\"type\":\"flex\",\"justifyContent\":\"center\"}} --><\/p>\n<div class=\"wp-block-buttons\"><!-- wp:button {\"backgroundColor\":\"vivid-cyan-blue\"} --><\/p>\n<div class=\"wp-block-button\"><a class=\"wp-block-button__link has-vivid-cyan-blue-background-color has-background wp-element-button\" href=\"https:\/\/calendly.com\/wojo-hub-fr\/blog?month=2022-1\" target=\"_blank\" rel=\"noreferrer noopener\">Parler avec un expert du coworking<\/a><\/div>\n<p><!-- \/wp:button --><\/div>\n<p><!-- \/wp:buttons --><\/p>\n<p><!-- wp:heading {\"level\":3} --><\/p>\n<h3 class=\"wp-block-heading\">Cinqui\u00e8me levier&nbsp;: analyser le ressenti suite au d\u00e9ploiement du t\u00e9l\u00e9travail<\/h3>\n<p><!-- \/wp:heading --><\/p>\n<p><!-- wp:paragraph --><\/p>\n<p>Cette nouvelle organisation du travail ne convient pas de la m\u00eame fa\u00e7on \u00e0 toutes et tous. Il convient donc de se pencher attentivement sur le ressenti des collaborateurs au sein de l\u2019entreprise. Ceci afin de d\u00e9tecter d\u2019\u00e9ventuelles situations d\u2019isolement social, de souffrance mentale ou autres difficult\u00e9s. Le cas \u00e9ch\u00e9ant, revoir l\u2019organisation tant pour am\u00e9liorer les process, que pour valoriser l\u2019autonomie ou la responsabilisation du salari\u00e9.<\/p>\n<p><!-- \/wp:paragraph --><\/p>\n<p><!-- wp:heading {\"level\":3} --><\/p>\n<h3 class=\"wp-block-heading\">Sixi\u00e8me levier : accentuer la formation<\/h3>\n<p><!-- \/wp:heading --><\/p>\n<p><!-- wp:paragraph --><\/p>\n<p>Redonner du sens et de la motivation passe aussi par renforcer les programmes d'am\u00e9lioration des comp\u00e9tences pour encourager les employ\u00e9s \u00e0 progresser, se positionner sur les projets ambitieux, ou s\u2019autoriser \u00e0 \u00eatre force de proposition.<\/p>\n<p><!-- \/wp:paragraph --><\/p>\n<p><!-- wp:heading --><\/p>\n<h2 class=\"wp-block-heading\">Quand le brown out est l\u00e0&nbsp;: que faire<\/h2>\n<p><!-- \/wp:heading --><\/p>\n<p><!-- wp:paragraph --><\/p>\n<p>On ne le dira jamais assez, la pr\u00e9vention est essentielle, tant pour l\u2019entreprise que pour le salari\u00e9.<br \/>Non seulement parce qu\u2019il est long ensuite pour ce dernier d\u2019en sortir une fois que le mal-\u00eatre est install\u00e9. Mais aussi parce qu\u2019en France, cette pathologie est tr\u00e8s difficile \u00e0 faire reconna\u00eetre comme maladie professionnelle (comme \u00e9voqu\u00e9 plus haut le brown-out n\u2019est pas inscrit au tableau des maladies professionnelles indemnisables).<\/p>\n<p>Pour pr\u00e9tendre \u00e0 une prise en charge, le salari\u00e9 doit prouver au Comit\u00e9 r\u00e9gional de reconnaissance des maladies professionnelles (CRRMP)&nbsp;:<br \/>- que sa maladie est la cons\u00e9quence de son seul travail,<br \/>- qu\u2019elle a entra\u00een\u00e9 chez lui une incapacit\u00e9 d\u2019au moins 25 %,<br \/>Un combat que la personne \u00e9motionnellement \u00e9prouv\u00e9e aura bien du mal \u00e0 mener.<\/p>\n<p><!-- \/wp:paragraph --><\/p>\n<p><!-- wp:heading {\"level\":3} --><\/p>\n<h3 class=\"wp-block-heading\">Accompagner, soulager, se montrer patient<\/h3>\n<p><!-- \/wp:heading --><\/p>\n<p><!-- wp:paragraph --><\/p>\n<p>Vous avez un doute sur la sant\u00e9 mentale de l\u2019un de vos coll\u00e8gues et vous pensez que cet \u00e9tat est li\u00e9 \u00e0 son environnement professionnel&nbsp;?<\/p>\n<p>- Engagez la conversation sur ses valeurs et aspirations&nbsp;: ne parlez pas, \u00e9coutez simplement. Le but est d\u2019offrir une oreille bienveillante et r\u00e9ceptive qui peut faire lieu d\u2019ancrage quand le moral s\u2019en va et que la vie perd tout son sens. Assurez-vous que la personne a une vie personnelle stable et du monde autour d\u2019elle pour la soutenir.<\/p>\n<p>- Int\u00e9ressez-vous \u00e0 son m\u00e9tier&nbsp;: a-telle le sentiment de faire un bullshit job, ces m\u00e9tiers qui n\u2019ont pas vraiment d\u2019utilit\u00e9 dans certaines organisations mais servent simplement l\u2019image de marque. Pourrait-elle envisager une reconversion ou \u00e9volution&nbsp;? Souhaiterait-elle changer d\u2019\u00e9quipe ou \u00e9voluer<\/p>\n<p>- Essayez de l\u2019encourager sans insistance \u00e0 consulter la m\u00e9decine du travail. Il y a fort \u00e0 parier qu\u2019il y aura un travail psychologique \u00e0 faire pour recouvrer la sant\u00e9. Ce qui peut en rebuter plus d\u2019un et inciter \u00e0 se voiler la face. Le sujet est donc \u00e0 \u00e9voquer par le m\u00e9decin et non entre collaborateurs.<\/p>\n<p>- Si vous en avez les moyens&nbsp;: r\u00e9-\u00e9valuez les t\u00e2ches, pensez \u00ab&nbsp;valeurs et attrait&nbsp;\u00bb des missions confi\u00e9es. Alertez le management ou les RH. Le but \u00e9tant de pr\u00e9venir le stress, remobiliser l\u2019investissement \u00e9motionnel de l\u2019int\u00e9ress\u00e9 et renouer avec la motivation. Faites des feedbacks, des compliments et demandez de l\u2019aide sur certains projets afin de donner le sentiment d\u2019\u00eatre utile et d\u2019avoir un emploi qui a un impact positif sur son petit monde.<\/p>\n<p><!-- \/wp:paragraph --><\/p>\n","protected":false},"excerpt":{"rendered":"<p>70 % des Fran\u00e7ais en d\u00e9tresse psychologique estiment que leur \u00e9tat est d\u00fb \u00e0 leur activit\u00e9 professionnelle. Alors que la sant\u00e9 mentale des Fran\u00e7ais a \u00e9t\u00e9 d\u00e9clar\u00e9e grande cause nationale pour 2025, on vous parle d'une des formes de mal-\u00eatre au travail : le brown out. Le brown out est une forme de crise existentielle [&hellip;]<\/p>\n","protected":false},"author":1,"featured_media":60670,"comment_status":"closed","ping_status":"open","sticky":false,"template":"","format":"standard","meta":{"podcast_url_v2":"","footnotes":""},"categories":[14],"tags":[281,285,299],"class_list":["post-60666","post","type-post","status-publish","format-standard","has-post-thumbnail","hentry","category-du-bonheur-en-boite","tag-management-fr","tag-qvt","tag-rh-fr"],"yoast_head":"<!-- This site is optimized with the Yoast SEO plugin v27.4 - https:\/\/yoast.com\/product\/yoast-seo-wordpress\/ -->\n<title>Brown out : une perte de sens lourde de cons\u00e9quences<\/title>\n<meta name=\"description\" content=\"Le brown out gagne du terrain avec 41% de salari\u00e9s en d\u00e9tresse psychologique. De quoi s&#039;agit-il, quelles cons\u00e9quences et comment y rem\u00e9dier.\" \/>\n<meta name=\"robots\" content=\"index, follow, max-snippet:-1, max-image-preview:large, max-video-preview:-1\" \/>\n<link rel=\"canonical\" href=\"https:\/\/www.wojo.com\/blog\/fr\/du-bonheur-en-boite\/brown-out-burn-out-epuisement-professionnel-comprendre-et-remedier\/\" \/>\n<meta property=\"og:locale\" content=\"fr_FR\" \/>\n<meta property=\"og:type\" content=\"article\" \/>\n<meta property=\"og:title\" content=\"Brown out : une perte de sens lourde de cons\u00e9quences\" \/>\n<meta property=\"og:description\" content=\"Le brown out gagne du terrain avec 41% de salari\u00e9s en d\u00e9tresse psychologique. De quoi s&#039;agit-il, quelles cons\u00e9quences et comment y rem\u00e9dier.\" \/>\n<meta property=\"og:url\" content=\"https:\/\/www.wojo.com\/blog\/fr\/du-bonheur-en-boite\/brown-out-burn-out-epuisement-professionnel-comprendre-et-remedier\/\" \/>\n<meta property=\"og:site_name\" content=\"Blog Wojo\" \/>\n<meta property=\"article:publisher\" content=\"https:\/\/www.facebook.com\/Wojo.coworking\/\" \/>\n<meta property=\"article:published_time\" content=\"2025-07-09T12:25:26+00:00\" \/>\n<meta property=\"article:modified_time\" content=\"2025-10-22T12:26:20+00:00\" \/>\n<meta property=\"og:image\" content=\"https:\/\/www.wojo.com\/blog\/wp-content\/uploads\/2022\/12\/Brown-out-article-Wojo.jpg\" \/>\n\t<meta property=\"og:image:width\" content=\"1920\" \/>\n\t<meta property=\"og:image:height\" content=\"1056\" \/>\n\t<meta property=\"og:image:type\" content=\"image\/jpeg\" \/>\n<meta name=\"author\" content=\"Wojo\" \/>\n<meta name=\"twitter:card\" content=\"summary_large_image\" \/>\n<meta name=\"twitter:creator\" content=\"@Wojo_co\" \/>\n<meta name=\"twitter:site\" content=\"@Wojo_co\" \/>\n<meta name=\"twitter:label1\" content=\"\u00c9crit par\" \/>\n\t<meta name=\"twitter:data1\" content=\"Wojo\" \/>\n\t<meta name=\"twitter:label2\" content=\"Dur\u00e9e de lecture estim\u00e9e\" \/>\n\t<meta name=\"twitter:data2\" content=\"14 minutes\" \/>\n<script type=\"application\/ld+json\" class=\"yoast-schema-graph\">{\"@context\":\"https:\\\/\\\/schema.org\",\"@graph\":[{\"@type\":\"Article\",\"@id\":\"https:\\\/\\\/www.wojo.com\\\/blog\\\/fr\\\/du-bonheur-en-boite\\\/brown-out-burn-out-epuisement-professionnel-comprendre-et-remedier\\\/#article\",\"isPartOf\":{\"@id\":\"https:\\\/\\\/www.wojo.com\\\/blog\\\/fr\\\/du-bonheur-en-boite\\\/brown-out-burn-out-epuisement-professionnel-comprendre-et-remedier\\\/\"},\"author\":{\"name\":\"Wojo\",\"@id\":\"https:\\\/\\\/www.wojo.com\\\/blog\\\/#\\\/schema\\\/person\\\/52175cfaea09e0d3479bdd89e2993639\"},\"headline\":\"Brown out\u00a0: parce que l\u2019\u00e9nergie est pr\u00e9cieuse\u2026\",\"datePublished\":\"2025-07-09T12:25:26+00:00\",\"dateModified\":\"2025-10-22T12:26:20+00:00\",\"mainEntityOfPage\":{\"@id\":\"https:\\\/\\\/www.wojo.com\\\/blog\\\/fr\\\/du-bonheur-en-boite\\\/brown-out-burn-out-epuisement-professionnel-comprendre-et-remedier\\\/\"},\"wordCount\":2834,\"publisher\":{\"@id\":\"https:\\\/\\\/www.wojo.com\\\/blog\\\/#organization\"},\"image\":{\"@id\":\"https:\\\/\\\/www.wojo.com\\\/blog\\\/fr\\\/du-bonheur-en-boite\\\/brown-out-burn-out-epuisement-professionnel-comprendre-et-remedier\\\/#primaryimage\"},\"thumbnailUrl\":\"https:\\\/\\\/www.wojo.com\\\/blog\\\/wp-content\\\/uploads\\\/2022\\\/12\\\/Brown-out-article-Wojo.jpg\",\"keywords\":[\"Management - FR\",\"QVT\",\"RH - FR\"],\"articleSection\":[\"Du bonheur en bo\u00eete\"],\"inLanguage\":\"fr-FR\"},{\"@type\":\"WebPage\",\"@id\":\"https:\\\/\\\/www.wojo.com\\\/blog\\\/fr\\\/du-bonheur-en-boite\\\/brown-out-burn-out-epuisement-professionnel-comprendre-et-remedier\\\/\",\"url\":\"https:\\\/\\\/www.wojo.com\\\/blog\\\/fr\\\/du-bonheur-en-boite\\\/brown-out-burn-out-epuisement-professionnel-comprendre-et-remedier\\\/\",\"name\":\"Brown out : une perte de sens lourde de cons\u00e9quences\",\"isPartOf\":{\"@id\":\"https:\\\/\\\/www.wojo.com\\\/blog\\\/#website\"},\"primaryImageOfPage\":{\"@id\":\"https:\\\/\\\/www.wojo.com\\\/blog\\\/fr\\\/du-bonheur-en-boite\\\/brown-out-burn-out-epuisement-professionnel-comprendre-et-remedier\\\/#primaryimage\"},\"image\":{\"@id\":\"https:\\\/\\\/www.wojo.com\\\/blog\\\/fr\\\/du-bonheur-en-boite\\\/brown-out-burn-out-epuisement-professionnel-comprendre-et-remedier\\\/#primaryimage\"},\"thumbnailUrl\":\"https:\\\/\\\/www.wojo.com\\\/blog\\\/wp-content\\\/uploads\\\/2022\\\/12\\\/Brown-out-article-Wojo.jpg\",\"datePublished\":\"2025-07-09T12:25:26+00:00\",\"dateModified\":\"2025-10-22T12:26:20+00:00\",\"description\":\"Le brown out gagne du terrain avec 41% de salari\u00e9s en d\u00e9tresse psychologique. De quoi s'agit-il, quelles cons\u00e9quences et comment y rem\u00e9dier.\",\"breadcrumb\":{\"@id\":\"https:\\\/\\\/www.wojo.com\\\/blog\\\/fr\\\/du-bonheur-en-boite\\\/brown-out-burn-out-epuisement-professionnel-comprendre-et-remedier\\\/#breadcrumb\"},\"inLanguage\":\"fr-FR\",\"potentialAction\":[{\"@type\":\"ReadAction\",\"target\":[\"https:\\\/\\\/www.wojo.com\\\/blog\\\/fr\\\/du-bonheur-en-boite\\\/brown-out-burn-out-epuisement-professionnel-comprendre-et-remedier\\\/\"]}]},{\"@type\":\"ImageObject\",\"inLanguage\":\"fr-FR\",\"@id\":\"https:\\\/\\\/www.wojo.com\\\/blog\\\/fr\\\/du-bonheur-en-boite\\\/brown-out-burn-out-epuisement-professionnel-comprendre-et-remedier\\\/#primaryimage\",\"url\":\"https:\\\/\\\/www.wojo.com\\\/blog\\\/wp-content\\\/uploads\\\/2022\\\/12\\\/Brown-out-article-Wojo.jpg\",\"contentUrl\":\"https:\\\/\\\/www.wojo.com\\\/blog\\\/wp-content\\\/uploads\\\/2022\\\/12\\\/Brown-out-article-Wojo.jpg\",\"width\":1920,\"height\":1056,\"caption\":\"Comprendre et rem\u00e9dier au bronw out\"},{\"@type\":\"BreadcrumbList\",\"@id\":\"https:\\\/\\\/www.wojo.com\\\/blog\\\/fr\\\/du-bonheur-en-boite\\\/brown-out-burn-out-epuisement-professionnel-comprendre-et-remedier\\\/#breadcrumb\",\"itemListElement\":[{\"@type\":\"ListItem\",\"position\":1,\"name\":\"Accueil\",\"item\":\"https:\\\/\\\/www.wojo.com\\\/blog\\\/fr\\\/\"},{\"@type\":\"ListItem\",\"position\":2,\"name\":\"Du bonheur en bo\u00eete\",\"item\":\"https:\\\/\\\/www.wojo.com\\\/blog\\\/fr\\\/category\\\/du-bonheur-en-boite\\\/\"},{\"@type\":\"ListItem\",\"position\":3,\"name\":\"Brown out\u00a0: parce que l\u2019\u00e9nergie est pr\u00e9cieuse\u2026\"}]},{\"@type\":\"WebSite\",\"@id\":\"https:\\\/\\\/www.wojo.com\\\/blog\\\/#website\",\"url\":\"https:\\\/\\\/www.wojo.com\\\/blog\\\/\",\"name\":\"Blog Wojo\",\"description\":\"Work. Share. Live.\",\"publisher\":{\"@id\":\"https:\\\/\\\/www.wojo.com\\\/blog\\\/#organization\"},\"potentialAction\":[{\"@type\":\"SearchAction\",\"target\":{\"@type\":\"EntryPoint\",\"urlTemplate\":\"https:\\\/\\\/www.wojo.com\\\/blog\\\/?s={search_term_string}\"},\"query-input\":{\"@type\":\"PropertyValueSpecification\",\"valueRequired\":true,\"valueName\":\"search_term_string\"}}],\"inLanguage\":\"fr-FR\"},{\"@type\":\"Organization\",\"@id\":\"https:\\\/\\\/www.wojo.com\\\/blog\\\/#organization\",\"name\":\"Wojo\",\"url\":\"https:\\\/\\\/www.wojo.com\\\/blog\\\/\",\"logo\":{\"@type\":\"ImageObject\",\"inLanguage\":\"fr-FR\",\"@id\":\"https:\\\/\\\/www.wojo.com\\\/blog\\\/#\\\/schema\\\/logo\\\/image\\\/\",\"url\":\"\",\"contentUrl\":\"\",\"caption\":\"Wojo\"},\"image\":{\"@id\":\"https:\\\/\\\/www.wojo.com\\\/blog\\\/#\\\/schema\\\/logo\\\/image\\\/\"},\"sameAs\":[\"https:\\\/\\\/www.facebook.com\\\/Wojo.coworking\\\/\",\"https:\\\/\\\/x.com\\\/Wojo_co\",\"https:\\\/\\\/instagram.com\\\/wojo_co\\\/\",\"https:\\\/\\\/www.linkedin.com\\\/company\\\/wojo-co\\\/\",\"https:\\\/\\\/www.youtube.com\\\/channel\\\/UCorVBPUgSsTQ3zUR9CYSp8Q\"]},{\"@type\":\"Person\",\"@id\":\"https:\\\/\\\/www.wojo.com\\\/blog\\\/#\\\/schema\\\/person\\\/52175cfaea09e0d3479bdd89e2993639\",\"name\":\"Wojo\"}]}<\/script>\n<!-- \/ Yoast SEO plugin. -->","yoast_head_json":{"title":"Brown out : une perte de sens lourde de cons\u00e9quences","description":"Le brown out gagne du terrain avec 41% de salari\u00e9s en d\u00e9tresse psychologique. De quoi s'agit-il, quelles cons\u00e9quences et comment y rem\u00e9dier.","robots":{"index":"index","follow":"follow","max-snippet":"max-snippet:-1","max-image-preview":"max-image-preview:large","max-video-preview":"max-video-preview:-1"},"canonical":"https:\/\/www.wojo.com\/blog\/fr\/du-bonheur-en-boite\/brown-out-burn-out-epuisement-professionnel-comprendre-et-remedier\/","og_locale":"fr_FR","og_type":"article","og_title":"Brown out : une perte de sens lourde de cons\u00e9quences","og_description":"Le brown out gagne du terrain avec 41% de salari\u00e9s en d\u00e9tresse psychologique. De quoi s'agit-il, quelles cons\u00e9quences et comment y rem\u00e9dier.","og_url":"https:\/\/www.wojo.com\/blog\/fr\/du-bonheur-en-boite\/brown-out-burn-out-epuisement-professionnel-comprendre-et-remedier\/","og_site_name":"Blog Wojo","article_publisher":"https:\/\/www.facebook.com\/Wojo.coworking\/","article_published_time":"2025-07-09T12:25:26+00:00","article_modified_time":"2025-10-22T12:26:20+00:00","og_image":[{"width":1920,"height":1056,"url":"https:\/\/www.wojo.com\/blog\/wp-content\/uploads\/2022\/12\/Brown-out-article-Wojo.jpg","type":"image\/jpeg"}],"author":"Wojo","twitter_card":"summary_large_image","twitter_creator":"@Wojo_co","twitter_site":"@Wojo_co","twitter_misc":{"\u00c9crit par":"Wojo","Dur\u00e9e de lecture estim\u00e9e":"14 minutes"},"schema":{"@context":"https:\/\/schema.org","@graph":[{"@type":"Article","@id":"https:\/\/www.wojo.com\/blog\/fr\/du-bonheur-en-boite\/brown-out-burn-out-epuisement-professionnel-comprendre-et-remedier\/#article","isPartOf":{"@id":"https:\/\/www.wojo.com\/blog\/fr\/du-bonheur-en-boite\/brown-out-burn-out-epuisement-professionnel-comprendre-et-remedier\/"},"author":{"name":"Wojo","@id":"https:\/\/www.wojo.com\/blog\/#\/schema\/person\/52175cfaea09e0d3479bdd89e2993639"},"headline":"Brown out\u00a0: parce que l\u2019\u00e9nergie est pr\u00e9cieuse\u2026","datePublished":"2025-07-09T12:25:26+00:00","dateModified":"2025-10-22T12:26:20+00:00","mainEntityOfPage":{"@id":"https:\/\/www.wojo.com\/blog\/fr\/du-bonheur-en-boite\/brown-out-burn-out-epuisement-professionnel-comprendre-et-remedier\/"},"wordCount":2834,"publisher":{"@id":"https:\/\/www.wojo.com\/blog\/#organization"},"image":{"@id":"https:\/\/www.wojo.com\/blog\/fr\/du-bonheur-en-boite\/brown-out-burn-out-epuisement-professionnel-comprendre-et-remedier\/#primaryimage"},"thumbnailUrl":"https:\/\/www.wojo.com\/blog\/wp-content\/uploads\/2022\/12\/Brown-out-article-Wojo.jpg","keywords":["Management - FR","QVT","RH - FR"],"articleSection":["Du bonheur en bo\u00eete"],"inLanguage":"fr-FR"},{"@type":"WebPage","@id":"https:\/\/www.wojo.com\/blog\/fr\/du-bonheur-en-boite\/brown-out-burn-out-epuisement-professionnel-comprendre-et-remedier\/","url":"https:\/\/www.wojo.com\/blog\/fr\/du-bonheur-en-boite\/brown-out-burn-out-epuisement-professionnel-comprendre-et-remedier\/","name":"Brown out : une perte de sens lourde de cons\u00e9quences","isPartOf":{"@id":"https:\/\/www.wojo.com\/blog\/#website"},"primaryImageOfPage":{"@id":"https:\/\/www.wojo.com\/blog\/fr\/du-bonheur-en-boite\/brown-out-burn-out-epuisement-professionnel-comprendre-et-remedier\/#primaryimage"},"image":{"@id":"https:\/\/www.wojo.com\/blog\/fr\/du-bonheur-en-boite\/brown-out-burn-out-epuisement-professionnel-comprendre-et-remedier\/#primaryimage"},"thumbnailUrl":"https:\/\/www.wojo.com\/blog\/wp-content\/uploads\/2022\/12\/Brown-out-article-Wojo.jpg","datePublished":"2025-07-09T12:25:26+00:00","dateModified":"2025-10-22T12:26:20+00:00","description":"Le brown out gagne du terrain avec 41% de salari\u00e9s en d\u00e9tresse psychologique. De quoi s'agit-il, quelles cons\u00e9quences et comment y rem\u00e9dier.","breadcrumb":{"@id":"https:\/\/www.wojo.com\/blog\/fr\/du-bonheur-en-boite\/brown-out-burn-out-epuisement-professionnel-comprendre-et-remedier\/#breadcrumb"},"inLanguage":"fr-FR","potentialAction":[{"@type":"ReadAction","target":["https:\/\/www.wojo.com\/blog\/fr\/du-bonheur-en-boite\/brown-out-burn-out-epuisement-professionnel-comprendre-et-remedier\/"]}]},{"@type":"ImageObject","inLanguage":"fr-FR","@id":"https:\/\/www.wojo.com\/blog\/fr\/du-bonheur-en-boite\/brown-out-burn-out-epuisement-professionnel-comprendre-et-remedier\/#primaryimage","url":"https:\/\/www.wojo.com\/blog\/wp-content\/uploads\/2022\/12\/Brown-out-article-Wojo.jpg","contentUrl":"https:\/\/www.wojo.com\/blog\/wp-content\/uploads\/2022\/12\/Brown-out-article-Wojo.jpg","width":1920,"height":1056,"caption":"Comprendre et rem\u00e9dier au bronw out"},{"@type":"BreadcrumbList","@id":"https:\/\/www.wojo.com\/blog\/fr\/du-bonheur-en-boite\/brown-out-burn-out-epuisement-professionnel-comprendre-et-remedier\/#breadcrumb","itemListElement":[{"@type":"ListItem","position":1,"name":"Accueil","item":"https:\/\/www.wojo.com\/blog\/fr\/"},{"@type":"ListItem","position":2,"name":"Du bonheur en bo\u00eete","item":"https:\/\/www.wojo.com\/blog\/fr\/category\/du-bonheur-en-boite\/"},{"@type":"ListItem","position":3,"name":"Brown out\u00a0: parce que l\u2019\u00e9nergie est pr\u00e9cieuse\u2026"}]},{"@type":"WebSite","@id":"https:\/\/www.wojo.com\/blog\/#website","url":"https:\/\/www.wojo.com\/blog\/","name":"Blog Wojo","description":"Work. Share. Live.","publisher":{"@id":"https:\/\/www.wojo.com\/blog\/#organization"},"potentialAction":[{"@type":"SearchAction","target":{"@type":"EntryPoint","urlTemplate":"https:\/\/www.wojo.com\/blog\/?s={search_term_string}"},"query-input":{"@type":"PropertyValueSpecification","valueRequired":true,"valueName":"search_term_string"}}],"inLanguage":"fr-FR"},{"@type":"Organization","@id":"https:\/\/www.wojo.com\/blog\/#organization","name":"Wojo","url":"https:\/\/www.wojo.com\/blog\/","logo":{"@type":"ImageObject","inLanguage":"fr-FR","@id":"https:\/\/www.wojo.com\/blog\/#\/schema\/logo\/image\/","url":"","contentUrl":"","caption":"Wojo"},"image":{"@id":"https:\/\/www.wojo.com\/blog\/#\/schema\/logo\/image\/"},"sameAs":["https:\/\/www.facebook.com\/Wojo.coworking\/","https:\/\/x.com\/Wojo_co","https:\/\/instagram.com\/wojo_co\/","https:\/\/www.linkedin.com\/company\/wojo-co\/","https:\/\/www.youtube.com\/channel\/UCorVBPUgSsTQ3zUR9CYSp8Q"]},{"@type":"Person","@id":"https:\/\/www.wojo.com\/blog\/#\/schema\/person\/52175cfaea09e0d3479bdd89e2993639","name":"Wojo"}]}},"_links":{"self":[{"href":"https:\/\/www.wojo.com\/blog\/wp-json\/wp\/v2\/posts\/60666","targetHints":{"allow":["GET"]}}],"collection":[{"href":"https:\/\/www.wojo.com\/blog\/wp-json\/wp\/v2\/posts"}],"about":[{"href":"https:\/\/www.wojo.com\/blog\/wp-json\/wp\/v2\/types\/post"}],"author":[{"embeddable":true,"href":"https:\/\/www.wojo.com\/blog\/wp-json\/wp\/v2\/users\/1"}],"replies":[{"embeddable":true,"href":"https:\/\/www.wojo.com\/blog\/wp-json\/wp\/v2\/comments?post=60666"}],"version-history":[{"count":0,"href":"https:\/\/www.wojo.com\/blog\/wp-json\/wp\/v2\/posts\/60666\/revisions"}],"wp:featuredmedia":[{"embeddable":true,"href":"https:\/\/www.wojo.com\/blog\/wp-json\/wp\/v2\/media\/60670"}],"wp:attachment":[{"href":"https:\/\/www.wojo.com\/blog\/wp-json\/wp\/v2\/media?parent=60666"}],"wp:term":[{"taxonomy":"category","embeddable":true,"href":"https:\/\/www.wojo.com\/blog\/wp-json\/wp\/v2\/categories?post=60666"},{"taxonomy":"post_tag","embeddable":true,"href":"https:\/\/www.wojo.com\/blog\/wp-json\/wp\/v2\/tags?post=60666"}],"curies":[{"name":"wp","href":"https:\/\/api.w.org\/{rel}","templated":true}]}}