{"id":7596,"date":"2019-11-29T09:30:21","date_gmt":"2019-11-29T08:30:21","guid":{"rendered":"https:\/\/www.wojo.com\/blog\/?p=7596"},"modified":"2023-08-01T19:10:54","modified_gmt":"2023-08-01T17:10:54","slug":"quelles-solutions-a-proposer-a-ses-salaries-pendant-la-greve","status":"publish","type":"post","link":"https:\/\/www.wojo.com\/blog\/fr\/la-boite-a-outils\/quelles-solutions-a-proposer-a-ses-salaries-pendant-la-greve\/","title":{"rendered":"3 solutions \u00e0 proposer \u00e0 ses salari\u00e9s pendant la gr\u00e8ve"},"content":{"rendered":"<p><!-- wp:paragraph --><\/p>\n<p>Vous \u00eates, RH, manager ou chef d\u2019entreprise\u2026 et vous voyez<br \/>\nvos collaborateurs chaque jour un peu plus tendus \u00e0 l\u2019\u00e9vocation de la gr\u00e8ve. \u00ab&nbsp;Faudra-t-il<br \/>\nposer un jour de cong\u00e9&nbsp;? \u00c0 quelle heure pourrai-je d\u00e9baucher pour rentrer<br \/>\nchez moi&nbsp;? Et si \u00e7a dure&nbsp;?&nbsp;\u00bb Autant de questions l\u00e9gitimes, mais<br \/>\nqui commencent \u00e0 constituer une charge mentale pr\u00e9occupante. <\/p>\n<p><!-- \/wp:paragraph --><\/p>\n<p><!-- wp:paragraph --><\/p>\n<p>Consciente \u00ab de la g\u00eane occasionn\u00e9e&nbsp;\u00bb, la RATP a<br \/>\nmissionn\u00e9 un certain nombre d\u2019entreprises en mesure de proposer des solutions<br \/>\nalternatives \u00e0 ses usagers, comme le coworking, par exemple. Alors, pourquoi ne<br \/>\npas profiter de <strong>cette gr\u00e8ve pour proposer \u00e0 vos \u00e9quipes une autre fa\u00e7on de<br \/>\ntravailler<\/strong>, et tester ces solutions qui se banalisent mais que vous n\u2019avez<br \/>\njamais pris le temps de mettre en place&nbsp;?<\/p>\n<p><!-- \/wp:paragraph --><\/p>\n<p><!-- wp:paragraph --><\/p>\n<p>Nous vous proposons trois solutions susceptibles de vous<br \/>\naider \u00e0 contourner la gr\u00e8ve.<\/p>\n<p><!-- \/wp:paragraph --><\/p>\n<p><!-- wp:heading --><\/p>\n<h2 class=\"wp-block-heading\"><strong>1-&nbsp;&nbsp; Ne (presque) pas se d\u00e9placer&nbsp;: le t\u00e9l\u00e9travail pendant la gr\u00e8ve<\/strong><\/h2>\n<p><!-- \/wp:heading --><\/p>\n<p><!-- wp:paragraph --><\/p>\n<p>En janvier 2019, une \u00e9tude r\u00e9v\u00e9lait que 72% des Fran\u00e7ais<br \/>\naimeraient t\u00e9l\u00e9travailler mais qu\u2019ils n\u2019\u00e9taient que 27% \u00e0 le faire r\u00e9ellement.<br \/>\nC\u2019est peut-\u00eatre le moment de faire un essai&nbsp;?<\/p>\n<p><!-- \/wp:paragraph --><\/p>\n<p><!-- wp:heading {\"level\":3} --><\/p>\n<h3 class=\"wp-block-heading\">Quels ont \u00e9t\u00e9 vos freins jusqu\u2019\u00e0 pr\u00e9sent&nbsp;?<\/h3>\n<p><!-- \/wp:heading --><\/p>\n<p><!-- wp:heading {\"level\":4} --><\/p>\n<h4 class=\"wp-block-heading\">1-Le co\u00fbt&nbsp;? <\/h4>\n<p><!-- \/wp:heading --><\/p>\n<p><!-- wp:paragraph {\"align\":\"left\"} --><\/p>\n<p class=\"has-text-align-left\">De nombreux espaces de coworking proposent des formules \u00e0 la carte pour les entreprises et les grands groupes. Avec Wojo, il est possible de permettre \u00e0 vos \u00e9quipes de t\u00e9l\u00e9travailler partout en France, dans des espaces de qualit\u00e9, et de b\u00e9n\u00e9ficier d\u2019avantages et de services contribuant \u00e0 am\u00e9liorer concr\u00e8tement leur exp\u00e9rience collaborateur.<\/p>\n<p><!-- \/wp:paragraph --><\/p>\n<p><!-- wp:paragraph {\"align\":\"left\"} --><\/p>\n<p class=\"has-text-align-left\"><strong>En partenariat avec la RATP, et \u00e0 partir du 5 d\u00e9cembre prochain, 200 espaces de coworking Wojo attendront gratuitement vos collaborateurs<\/strong>. Ces derniers pourront prolonger l\u2018exp\u00e9rience pendant trois mois pour le prix d\u2019un ticket de m\u00e9tro, soit 1,9 \u20ac\/mois.<\/p>\n<p><!-- \/wp:paragraph --><\/p>\n<p><!-- wp:button {\"backgroundColor\":\"vivid-cyan-blue\",\"className\":\"aligncenter\"} --><\/p>\n<div class=\"wp-block-button aligncenter\"><a class=\"wp-block-button__link has-vivid-cyan-blue-background-color has-background wp-element-button\" href=\"https:\/\/www.wojo.com\/landing\/fr\/coworking\/\">En savoir plus sur cette offre<\/a><\/div>\n<p><!-- \/wp:button --><\/p>\n<p><!-- wp:heading {\"level\":4} --><\/p>\n<h4 class=\"wp-block-heading\">2-L\u2019administratif&nbsp;? <\/h4>\n<p><!-- \/wp:heading --><\/p>\n<p><!-- wp:paragraph --><\/p>\n<p>Depuis l\u2019an dernier, le code du Travail a \u00e9t\u00e9 revu de fa\u00e7on \u00e0 faciliter la mise en place du t\u00e9l\u00e9travail en entreprise. Et une fois n\u2019est pas coutume&nbsp;: pour \u00eatre simple, \u00e7a l\u2019est&nbsp;! Un \u00e9change de mail posant le lieu, les jours\u2026 les conditions du travail \u00e0 distance, suffit d\u00e9sormais.<\/p>\n<p><!-- \/wp:paragraph --><\/p>\n<p><!-- wp:heading {\"level\":4} --><\/p>\n<h4 class=\"wp-block-heading\">3-La s\u00e9curit\u00e9&nbsp;? <\/h4>\n<p><!-- \/wp:heading --><\/p>\n<p><!-- wp:paragraph --><\/p>\n<p>C\u00f4t\u00e9 confidentialit\u00e9, s\u00e9curit\u00e9 des donn\u00e9es et des personnes&nbsp;: les 200 espaces Wojo (mais ils ne sont pas les seuls) disposent tous d\u2019une connexion wifi s\u00e9curis\u00e9e et leurs espaces sont accessibles \u00e0 condition de s\u2019identifier.<\/p>\n<p><!-- \/wp:paragraph --><\/p>\n<p><!-- wp:heading {\"level\":4} --><\/p>\n<h4 class=\"wp-block-heading\">4-La qualit\u00e9&nbsp;? <\/h4>\n<p><!-- \/wp:heading --><\/p>\n<p><!-- wp:paragraph --><\/p>\n<p>Vous pensez que vos employ\u00e9s ne pourront pas se concentrer&nbsp;dans un espace de coworking ? Avec sa professionnalisation, le coworking est devenu au contraire un lieu pens\u00e9 par des professionnels, dans lesquels l\u2019acoustique, la circulation des personnes, le mobilier, etc. ont \u00e9t\u00e9 pens\u00e9s pour garantir un calme absolu. Tout d\u00e9pend du type d\u2019espace que vous choisissez&nbsp;: \u00e0 chacun sa promesse et son atmosph\u00e8re.<\/p>\n<p><!-- \/wp:paragraph --><\/p>\n<p><!-- wp:paragraph --><\/p>\n<p>Ainsi, et dans le contexte de mouvement social \u00e0 dur\u00e9e ind\u00e9termin\u00e9e qui nous attend, plus rien de vous retient d\u2019inviter vos \u00e9quipes \u00e0 t\u00e9l\u00e9travailler en coworking le plus pr\u00e8s possible de chez elles&nbsp;: avec <strong>80 espaces de coworking Wojo en Ile-de-France, il y a s\u00fbrement une adresse qui conviendra<\/strong>.<\/p>\n<p><!-- \/wp:paragraph --><\/p>\n<p><!-- wp:heading --><\/p>\n<h2 class=\"wp-block-heading\"><strong>2 - Se d\u00e9placer \u00e0 un autre moment&nbsp;: des horaires assouplis pendant la gr\u00e8ve<\/strong><\/h2>\n<p><!-- \/wp:heading --><\/p>\n<p><!-- wp:paragraph --><\/p>\n<p>Le digital a beau nous fournir une foule d\u2019outils pour<br \/>\ntravailler \u00e0 distance, tout le monde n\u2019a pas des missions qui lui permettent de<br \/>\nse dispenser de se rendre au bureau. Que faire, pour m\u00e9nager les collaborateurs<br \/>\nqui n\u2019\u00e9chapperont pas \u00e0 la gr\u00e8ve&nbsp;?<\/p>\n<p><!-- \/wp:paragraph --><\/p>\n<p><!-- wp:heading {\"level\":3} --><\/p>\n<h3 class=\"wp-block-heading\">Le mal-\u00eatre au travail, un enjeu de taille<\/h3>\n<p><!-- \/wp:heading --><\/p>\n<p><!-- wp:paragraph --><\/p>\n<p>Selon notre \u00e9tude Inkidata plus d\u2019un r\u00e9pondant sur deux<br \/>\nd\u00e9clare que ce qui contribue le plus \u00e0 son \u00e9panouissement au travail est de<br \/>\npouvoir travailler de mani\u00e8re autonome, notamment dans l\u2019organisation de son<br \/>\ntravail et de ses horaires.<\/p>\n<p><!-- \/wp:paragraph --><\/p>\n<p><!-- wp:paragraph --><\/p>\n<p>Or selon l\u2019institut Gallup <strong>85% des employ\u00e9s dans le<br \/>\nmonde se disent d\u00e9sengag\u00e9s<\/strong>. 18% sont fortement d\u00e9sengag\u00e9s et<br \/>\nestiment m\u00eame avoir une relation toxique \u00e0 leur travail\u2026&nbsp;Si l\u2019on recoupe<br \/>\navec le fait que 91% des Fran\u00e7ais se d\u00e9clarent frustr\u00e9s au travail (\u00e9tude JPG).<br \/>\nOn voit bien que l\u2019on arrive au bout de quelque chose\u2026 avant m\u00eame le 5<br \/>\nd\u00e9cembre.<\/p>\n<p><!-- \/wp:paragraph --><\/p>\n<p><!-- wp:heading {\"level\":3} --><\/p>\n<h3 class=\"wp-block-heading\">Donner plus d\u2019autonomie \u00e0 ses collaborateurs, un bon moyen de les fid\u00e9liser<\/h3>\n<p><!-- \/wp:heading --><\/p>\n<p><!-- wp:paragraph --><\/p>\n<p>Les RH et managers sont donc confront\u00e9s \u00e0 un probl\u00e8me de<br \/>\ntaille. Et les entreprises qui sauront se montrer agiles et compr\u00e9hensives en<br \/>\np\u00e9riode de gr\u00e8ve marqueront \u00e0 coup s\u00fbr des points. <\/p>\n<p><!-- \/wp:paragraph --><\/p>\n<p><!-- wp:paragraph --><\/p>\n<p>Pour ceux qui h\u00e9sitent, il faut savoir que <strong>permettre \u00e0<br \/>\nun salari\u00e9 d\u2019arriver le lundi midi n\u2019implique pas de lui \u00ab&nbsp;donner sa<br \/>\nmatin\u00e9e&nbsp;\u00bb&nbsp;<\/strong>: il peut tout autant participer au point hebdomadaire<br \/>\nen visioconf\u00e9rence par le biais d\u2019outils ou autres R\u00e9seaux sociaux d\u2019entreprise,<br \/>\naujourd\u2019hui parfaitement au point. Le seul point de vigilance sera une<br \/>\nconnexion wifi de qualit\u00e9 et un espace de travail adapt\u00e9 chez l\u2019employ\u00e9 en<br \/>\nquestion (ou dans un espace de coworking de son choix).<\/p>\n<p><!-- \/wp:paragraph --><\/p>\n<p><!-- wp:paragraph --><\/p>\n<p>Laisser ses \u00e9quipes s\u2019organiser dans leur emploi du temps pour trouver un \u00e9quilibre vie pro\/vie priv\u00e9e est d\u00e9finitivement un gage de confiance et un signal fort. C\u2019est r\u00e9pondre aux attentes d\u2019un nombre croissant de travailleurs, qui r\u00e9clament plus de participation, plus de sens dans leur travail, obligeant ainsi le <a href=\"https:\/\/www.wojo.com\/blog\/fr\/la-boite-du-futur\/innovation-manageriale-revolution-nextgen-enterprise\/\">management \u00e0 se r\u00e9 inventer<\/a>. <\/p>\n<p><!-- \/wp:paragraph --><\/p>\n<p><!-- wp:paragraph --><\/p>\n<p>C\u2019est aussi une question de bon sens&nbsp;: pourquoi<br \/>\nimposer \u00e0 un commercial ou un voyageur d\u2019affaires de repasser par le bureau<br \/>\nalors qu\u2019il pourrait aussi bien s\u2019arr\u00eater dans un espace de coworking sur le<br \/>\nchemin de la maison&nbsp;? Avec plus de 1800 tiers-lieux recens\u00e9s en France, il<br \/>\nest temps de penser \u00e0 limiter les d\u00e9placements au profit de la micro mobilit\u00e9. <\/p>\n<p><!-- \/wp:paragraph --><\/p>\n<p><!-- wp:paragraph --><\/p>\n<p>Ce qui nous am\u00e8ne \u00e0 notre troisi\u00e8me proposition.<\/p>\n<p><!-- \/wp:paragraph --><\/p>\n<p><!-- wp:heading --><\/p>\n<h2 class=\"wp-block-heading\"><strong>3 - Se d\u00e9placer autrement&nbsp;: la mobilit\u00e9 douce pendant la gr\u00e8ve<\/strong><\/h2>\n<p><!-- \/wp:heading --><\/p>\n<p><!-- wp:paragraph --><\/p>\n<p>Autre piste\u2026 celle que l\u2019on emprunte \u00e0 deux roues. Plaisanterie<br \/>\n\u00e0 part, les solutions de micro mobilit\u00e9 sont l\u00e9gion selon la distance \u00e0<br \/>\nparcourir, la forme physique de l\u2019usager&nbsp;et la m\u00e9t\u00e9o : rollers et autres<br \/>\ncycles plus ou moins \u00e9tranges, trottinettes (\u00e9lectrique), v\u00e9los (\u00e9lectrique)\u2026 <\/p>\n<p><!-- \/wp:paragraph --><\/p>\n<p><!-- wp:paragraph --><\/p>\n<p>Gr\u00e8ve ou non, les bienfaits de ces modes de transports sont<br \/>\nconnus de tous&nbsp;(pr\u00e9vention de la s\u00e9dentarit\u00e9, am\u00e9lioration de la<br \/>\nproductivit\u00e9, limitation des \u00e9missions de CO<sub>2<\/sub>) : \u00e0 charge pour<br \/>\nl\u2019entreprise de trouver le moyen d\u2019encourager ces pratiques, soit en<br \/>\ncontribuant \u00e0 l\u2019achat d\u2019un v\u00e9lo soit en offrant un abonnement\u2026 <strong>Une politique<br \/>\nqui a toute sa place dans un plan de Responsabilit\u00e9 soci\u00e9tale des entreprises<br \/>\n(RSE)<\/strong> et qui donc permettra au passage d\u2019am\u00e9liorer sa marque employeur.<\/p>\n<p><!-- \/wp:paragraph --><\/p>\n<p><!-- wp:paragraph --><\/p>\n<p>N\u2019oublions pas non plus, en particulier en hiver et par temps de gr\u00e8ve, de saluer les initiatives de <a href=\"https:\/\/www.wojo.com\/blog\/fr\/la-boite-du-futur\/vivre-sans-voiture-covoiturage-teletravail-livraison-le-secret-du-bonheur\/\" target=\"_blank\" rel=\"noreferrer noopener\">covoiturage <\/a>avec BlablaCar, ou les VTC qui optent pour des v\u00e9hicules \u00e9lectriques\u00a0: l\u00e0 encore, l\u2019entreprise soucieuse de ses collaborateur provisionnera un budget d\u00e9di\u00e9, afin qu\u2019ils puissent recourir \u00e0 ces solutions sans stress. <\/p>\n<p><!-- \/wp:paragraph --><\/p>\n<p><!-- wp:paragraph --><\/p>\n<p><strong>Finalement, la gr\u00e8ve est l\u2019occasion de soulever la<br \/>\nquestion de l\u2019usure des collaborateurs (et des Franciliens en particulier), de<br \/>\nleur qualit\u00e9 de vie et de leur engagement au sein de l\u2019entreprise. Toutes les<br \/>\n\u00e9tudes montrent que le temps de trajet et l\u2019autonomie sont au centre de leurs<br \/>\npr\u00e9occupations\/revendications&nbsp;: t\u00e9l\u00e9travail, assouplissement des horaires,<br \/>\nou incitation \u00e0 se d\u00e9placer autrement sont autant de pistes \u00e0 creuser\u2026 On veut<br \/>\nbien parier que leurs vertus se feront sentir bien au-del\u00e0 de la gr\u00e8ve.<\/strong><\/p>\n<p><!-- \/wp:paragraph --><\/p>\n","protected":false},"excerpt":{"rendered":"<p>Vous \u00eates, RH, manager ou chef d\u2019entreprise\u2026 et vous voyez vos collaborateurs chaque jour un peu plus tendus \u00e0 l\u2019\u00e9vocation de la gr\u00e8ve. \u00ab&nbsp;Faudra-t-il poser un jour de cong\u00e9&nbsp;? \u00c0 quelle heure pourrai-je d\u00e9baucher pour rentrer chez moi&nbsp;? Et si \u00e7a dure&nbsp;?&nbsp;\u00bb Autant de questions l\u00e9gitimes, mais qui commencent \u00e0 constituer une charge mentale pr\u00e9occupante. [&hellip;]<\/p>\n","protected":false},"author":1,"featured_media":7762,"comment_status":"closed","ping_status":"open","sticky":false,"template":"","format":"standard","meta":{"podcast_url_v2":"","footnotes":""},"categories":[15],"tags":[281,193],"class_list":["post-7596","post","type-post","status-publish","format-standard","has-post-thumbnail","hentry","category-la-boite-a-outils","tag-management-fr","tag-teletravail"],"yoast_head":"<!-- This site is optimized with the Yoast SEO plugin v27.4 - https:\/\/yoast.com\/product\/yoast-seo-wordpress\/ -->\n<title>Gr\u00e8ve : 3 solutions \u00e0 proposer \u00e0 vos salari\u00e9s pendant la gr\u00e8ve<\/title>\n<meta name=\"description\" content=\"Quelles solutions pour vos \u00e9quipes pendant la gr\u00e8ve ? Comment organiser leurs d\u00e9placements et minimiser l&#039;impact de la gr\u00e8ve sur leur quotidien ? Solutions\" \/>\n<meta name=\"robots\" content=\"index, follow, max-snippet:-1, max-image-preview:large, max-video-preview:-1\" \/>\n<link rel=\"canonical\" href=\"https:\/\/www.wojo.com\/blog\/fr\/la-boite-a-outils\/quelles-solutions-a-proposer-a-ses-salaries-pendant-la-greve\/\" \/>\n<meta property=\"og:locale\" content=\"fr_FR\" \/>\n<meta property=\"og:type\" content=\"article\" \/>\n<meta property=\"og:title\" content=\"Gr\u00e8ve : 3 solutions \u00e0 proposer \u00e0 vos salari\u00e9s pendant la gr\u00e8ve\" \/>\n<meta property=\"og:description\" content=\"Quelles solutions pour vos \u00e9quipes pendant la gr\u00e8ve ? Comment organiser leurs d\u00e9placements et minimiser l&#039;impact de la gr\u00e8ve sur leur quotidien ? Solutions\" \/>\n<meta property=\"og:url\" content=\"https:\/\/www.wojo.com\/blog\/fr\/la-boite-a-outils\/quelles-solutions-a-proposer-a-ses-salaries-pendant-la-greve\/\" \/>\n<meta property=\"og:site_name\" content=\"Blog Wojo\" \/>\n<meta property=\"article:publisher\" content=\"https:\/\/www.facebook.com\/Wojo.coworking\/\" \/>\n<meta property=\"article:published_time\" content=\"2019-11-29T08:30:21+00:00\" \/>\n<meta property=\"article:modified_time\" content=\"2023-08-01T17:10:54+00:00\" \/>\n<meta property=\"og:image\" content=\"https:\/\/www.wojo.com\/blog\/wp-content\/uploads\/2019\/11\/fabrizio-verrecchia-BXwbfuM0cdk-unsplash-e1575020169201-scaled.jpg\" \/>\n\t<meta property=\"og:image:width\" content=\"2560\" \/>\n\t<meta property=\"og:image:height\" content=\"1293\" \/>\n\t<meta property=\"og:image:type\" content=\"image\/jpeg\" \/>\n<meta name=\"author\" content=\"Wojo\" \/>\n<meta name=\"twitter:card\" content=\"summary_large_image\" \/>\n<meta name=\"twitter:creator\" content=\"@Wojo_co\" \/>\n<meta name=\"twitter:site\" content=\"@Wojo_co\" \/>\n<meta name=\"twitter:label1\" content=\"\u00c9crit par\" \/>\n\t<meta name=\"twitter:data1\" content=\"Wojo\" \/>\n\t<meta name=\"twitter:label2\" content=\"Dur\u00e9e de lecture estim\u00e9e\" \/>\n\t<meta name=\"twitter:data2\" content=\"6 minutes\" \/>\n<script type=\"application\/ld+json\" class=\"yoast-schema-graph\">{\"@context\":\"https:\\\/\\\/schema.org\",\"@graph\":[{\"@type\":\"Article\",\"@id\":\"https:\\\/\\\/www.wojo.com\\\/blog\\\/fr\\\/la-boite-a-outils\\\/quelles-solutions-a-proposer-a-ses-salaries-pendant-la-greve\\\/#article\",\"isPartOf\":{\"@id\":\"https:\\\/\\\/www.wojo.com\\\/blog\\\/fr\\\/la-boite-a-outils\\\/quelles-solutions-a-proposer-a-ses-salaries-pendant-la-greve\\\/\"},\"author\":{\"name\":\"Wojo\",\"@id\":\"https:\\\/\\\/www.wojo.com\\\/blog\\\/#\\\/schema\\\/person\\\/52175cfaea09e0d3479bdd89e2993639\"},\"headline\":\"3 solutions \u00e0 proposer \u00e0 ses salari\u00e9s pendant la gr\u00e8ve\",\"datePublished\":\"2019-11-29T08:30:21+00:00\",\"dateModified\":\"2023-08-01T17:10:54+00:00\",\"mainEntityOfPage\":{\"@id\":\"https:\\\/\\\/www.wojo.com\\\/blog\\\/fr\\\/la-boite-a-outils\\\/quelles-solutions-a-proposer-a-ses-salaries-pendant-la-greve\\\/\"},\"wordCount\":1307,\"publisher\":{\"@id\":\"https:\\\/\\\/www.wojo.com\\\/blog\\\/#organization\"},\"image\":{\"@id\":\"https:\\\/\\\/www.wojo.com\\\/blog\\\/fr\\\/la-boite-a-outils\\\/quelles-solutions-a-proposer-a-ses-salaries-pendant-la-greve\\\/#primaryimage\"},\"thumbnailUrl\":\"https:\\\/\\\/www.wojo.com\\\/blog\\\/wp-content\\\/uploads\\\/2019\\\/11\\\/fabrizio-verrecchia-BXwbfuM0cdk-unsplash-e1575020169201-scaled.jpg\",\"keywords\":[\"Management - FR\",\"T\u00e9l\u00e9travail\"],\"articleSection\":[\"La bo\u00eete \u00e0 outils\"],\"inLanguage\":\"fr-FR\"},{\"@type\":\"WebPage\",\"@id\":\"https:\\\/\\\/www.wojo.com\\\/blog\\\/fr\\\/la-boite-a-outils\\\/quelles-solutions-a-proposer-a-ses-salaries-pendant-la-greve\\\/\",\"url\":\"https:\\\/\\\/www.wojo.com\\\/blog\\\/fr\\\/la-boite-a-outils\\\/quelles-solutions-a-proposer-a-ses-salaries-pendant-la-greve\\\/\",\"name\":\"Gr\u00e8ve : 3 solutions \u00e0 proposer \u00e0 vos salari\u00e9s pendant la gr\u00e8ve\",\"isPartOf\":{\"@id\":\"https:\\\/\\\/www.wojo.com\\\/blog\\\/#website\"},\"primaryImageOfPage\":{\"@id\":\"https:\\\/\\\/www.wojo.com\\\/blog\\\/fr\\\/la-boite-a-outils\\\/quelles-solutions-a-proposer-a-ses-salaries-pendant-la-greve\\\/#primaryimage\"},\"image\":{\"@id\":\"https:\\\/\\\/www.wojo.com\\\/blog\\\/fr\\\/la-boite-a-outils\\\/quelles-solutions-a-proposer-a-ses-salaries-pendant-la-greve\\\/#primaryimage\"},\"thumbnailUrl\":\"https:\\\/\\\/www.wojo.com\\\/blog\\\/wp-content\\\/uploads\\\/2019\\\/11\\\/fabrizio-verrecchia-BXwbfuM0cdk-unsplash-e1575020169201-scaled.jpg\",\"datePublished\":\"2019-11-29T08:30:21+00:00\",\"dateModified\":\"2023-08-01T17:10:54+00:00\",\"description\":\"Quelles solutions pour vos \u00e9quipes pendant la gr\u00e8ve ? Comment organiser leurs d\u00e9placements et minimiser l'impact de la gr\u00e8ve sur leur quotidien ? Solutions\",\"breadcrumb\":{\"@id\":\"https:\\\/\\\/www.wojo.com\\\/blog\\\/fr\\\/la-boite-a-outils\\\/quelles-solutions-a-proposer-a-ses-salaries-pendant-la-greve\\\/#breadcrumb\"},\"inLanguage\":\"fr-FR\",\"potentialAction\":[{\"@type\":\"ReadAction\",\"target\":[\"https:\\\/\\\/www.wojo.com\\\/blog\\\/fr\\\/la-boite-a-outils\\\/quelles-solutions-a-proposer-a-ses-salaries-pendant-la-greve\\\/\"]}]},{\"@type\":\"ImageObject\",\"inLanguage\":\"fr-FR\",\"@id\":\"https:\\\/\\\/www.wojo.com\\\/blog\\\/fr\\\/la-boite-a-outils\\\/quelles-solutions-a-proposer-a-ses-salaries-pendant-la-greve\\\/#primaryimage\",\"url\":\"https:\\\/\\\/www.wojo.com\\\/blog\\\/wp-content\\\/uploads\\\/2019\\\/11\\\/fabrizio-verrecchia-BXwbfuM0cdk-unsplash-e1575020169201-scaled.jpg\",\"contentUrl\":\"https:\\\/\\\/www.wojo.com\\\/blog\\\/wp-content\\\/uploads\\\/2019\\\/11\\\/fabrizio-verrecchia-BXwbfuM0cdk-unsplash-e1575020169201-scaled.jpg\",\"width\":2560,\"height\":1293,\"caption\":\"Wojo Spot, solution de travail pendant la gr\u00e8ve\"},{\"@type\":\"BreadcrumbList\",\"@id\":\"https:\\\/\\\/www.wojo.com\\\/blog\\\/fr\\\/la-boite-a-outils\\\/quelles-solutions-a-proposer-a-ses-salaries-pendant-la-greve\\\/#breadcrumb\",\"itemListElement\":[{\"@type\":\"ListItem\",\"position\":1,\"name\":\"Accueil\",\"item\":\"https:\\\/\\\/www.wojo.com\\\/blog\\\/fr\\\/\"},{\"@type\":\"ListItem\",\"position\":2,\"name\":\"La bo\u00eete \u00e0 outils\",\"item\":\"https:\\\/\\\/www.wojo.com\\\/blog\\\/fr\\\/category\\\/la-boite-a-outils\\\/\"},{\"@type\":\"ListItem\",\"position\":3,\"name\":\"3 solutions \u00e0 proposer \u00e0 ses salari\u00e9s pendant la gr\u00e8ve\"}]},{\"@type\":\"WebSite\",\"@id\":\"https:\\\/\\\/www.wojo.com\\\/blog\\\/#website\",\"url\":\"https:\\\/\\\/www.wojo.com\\\/blog\\\/\",\"name\":\"Blog Wojo\",\"description\":\"Work. Share. Live.\",\"publisher\":{\"@id\":\"https:\\\/\\\/www.wojo.com\\\/blog\\\/#organization\"},\"potentialAction\":[{\"@type\":\"SearchAction\",\"target\":{\"@type\":\"EntryPoint\",\"urlTemplate\":\"https:\\\/\\\/www.wojo.com\\\/blog\\\/?s={search_term_string}\"},\"query-input\":{\"@type\":\"PropertyValueSpecification\",\"valueRequired\":true,\"valueName\":\"search_term_string\"}}],\"inLanguage\":\"fr-FR\"},{\"@type\":\"Organization\",\"@id\":\"https:\\\/\\\/www.wojo.com\\\/blog\\\/#organization\",\"name\":\"Wojo\",\"url\":\"https:\\\/\\\/www.wojo.com\\\/blog\\\/\",\"logo\":{\"@type\":\"ImageObject\",\"inLanguage\":\"fr-FR\",\"@id\":\"https:\\\/\\\/www.wojo.com\\\/blog\\\/#\\\/schema\\\/logo\\\/image\\\/\",\"url\":\"\",\"contentUrl\":\"\",\"caption\":\"Wojo\"},\"image\":{\"@id\":\"https:\\\/\\\/www.wojo.com\\\/blog\\\/#\\\/schema\\\/logo\\\/image\\\/\"},\"sameAs\":[\"https:\\\/\\\/www.facebook.com\\\/Wojo.coworking\\\/\",\"https:\\\/\\\/x.com\\\/Wojo_co\",\"https:\\\/\\\/instagram.com\\\/wojo_co\\\/\",\"https:\\\/\\\/www.linkedin.com\\\/company\\\/wojo-co\\\/\",\"https:\\\/\\\/www.youtube.com\\\/channel\\\/UCorVBPUgSsTQ3zUR9CYSp8Q\"]},{\"@type\":\"Person\",\"@id\":\"https:\\\/\\\/www.wojo.com\\\/blog\\\/#\\\/schema\\\/person\\\/52175cfaea09e0d3479bdd89e2993639\",\"name\":\"Wojo\"}]}<\/script>\n<!-- \/ Yoast SEO plugin. -->","yoast_head_json":{"title":"Gr\u00e8ve : 3 solutions \u00e0 proposer \u00e0 vos salari\u00e9s pendant la gr\u00e8ve","description":"Quelles solutions pour vos \u00e9quipes pendant la gr\u00e8ve ? Comment organiser leurs d\u00e9placements et minimiser l'impact de la gr\u00e8ve sur leur quotidien ? Solutions","robots":{"index":"index","follow":"follow","max-snippet":"max-snippet:-1","max-image-preview":"max-image-preview:large","max-video-preview":"max-video-preview:-1"},"canonical":"https:\/\/www.wojo.com\/blog\/fr\/la-boite-a-outils\/quelles-solutions-a-proposer-a-ses-salaries-pendant-la-greve\/","og_locale":"fr_FR","og_type":"article","og_title":"Gr\u00e8ve : 3 solutions \u00e0 proposer \u00e0 vos salari\u00e9s pendant la gr\u00e8ve","og_description":"Quelles solutions pour vos \u00e9quipes pendant la gr\u00e8ve ? Comment organiser leurs d\u00e9placements et minimiser l'impact de la gr\u00e8ve sur leur quotidien ? Solutions","og_url":"https:\/\/www.wojo.com\/blog\/fr\/la-boite-a-outils\/quelles-solutions-a-proposer-a-ses-salaries-pendant-la-greve\/","og_site_name":"Blog Wojo","article_publisher":"https:\/\/www.facebook.com\/Wojo.coworking\/","article_published_time":"2019-11-29T08:30:21+00:00","article_modified_time":"2023-08-01T17:10:54+00:00","og_image":[{"width":2560,"height":1293,"url":"https:\/\/www.wojo.com\/blog\/wp-content\/uploads\/2019\/11\/fabrizio-verrecchia-BXwbfuM0cdk-unsplash-e1575020169201-scaled.jpg","type":"image\/jpeg"}],"author":"Wojo","twitter_card":"summary_large_image","twitter_creator":"@Wojo_co","twitter_site":"@Wojo_co","twitter_misc":{"\u00c9crit par":"Wojo","Dur\u00e9e de lecture estim\u00e9e":"6 minutes"},"schema":{"@context":"https:\/\/schema.org","@graph":[{"@type":"Article","@id":"https:\/\/www.wojo.com\/blog\/fr\/la-boite-a-outils\/quelles-solutions-a-proposer-a-ses-salaries-pendant-la-greve\/#article","isPartOf":{"@id":"https:\/\/www.wojo.com\/blog\/fr\/la-boite-a-outils\/quelles-solutions-a-proposer-a-ses-salaries-pendant-la-greve\/"},"author":{"name":"Wojo","@id":"https:\/\/www.wojo.com\/blog\/#\/schema\/person\/52175cfaea09e0d3479bdd89e2993639"},"headline":"3 solutions \u00e0 proposer \u00e0 ses salari\u00e9s pendant la gr\u00e8ve","datePublished":"2019-11-29T08:30:21+00:00","dateModified":"2023-08-01T17:10:54+00:00","mainEntityOfPage":{"@id":"https:\/\/www.wojo.com\/blog\/fr\/la-boite-a-outils\/quelles-solutions-a-proposer-a-ses-salaries-pendant-la-greve\/"},"wordCount":1307,"publisher":{"@id":"https:\/\/www.wojo.com\/blog\/#organization"},"image":{"@id":"https:\/\/www.wojo.com\/blog\/fr\/la-boite-a-outils\/quelles-solutions-a-proposer-a-ses-salaries-pendant-la-greve\/#primaryimage"},"thumbnailUrl":"https:\/\/www.wojo.com\/blog\/wp-content\/uploads\/2019\/11\/fabrizio-verrecchia-BXwbfuM0cdk-unsplash-e1575020169201-scaled.jpg","keywords":["Management - FR","T\u00e9l\u00e9travail"],"articleSection":["La bo\u00eete \u00e0 outils"],"inLanguage":"fr-FR"},{"@type":"WebPage","@id":"https:\/\/www.wojo.com\/blog\/fr\/la-boite-a-outils\/quelles-solutions-a-proposer-a-ses-salaries-pendant-la-greve\/","url":"https:\/\/www.wojo.com\/blog\/fr\/la-boite-a-outils\/quelles-solutions-a-proposer-a-ses-salaries-pendant-la-greve\/","name":"Gr\u00e8ve : 3 solutions \u00e0 proposer \u00e0 vos salari\u00e9s pendant la gr\u00e8ve","isPartOf":{"@id":"https:\/\/www.wojo.com\/blog\/#website"},"primaryImageOfPage":{"@id":"https:\/\/www.wojo.com\/blog\/fr\/la-boite-a-outils\/quelles-solutions-a-proposer-a-ses-salaries-pendant-la-greve\/#primaryimage"},"image":{"@id":"https:\/\/www.wojo.com\/blog\/fr\/la-boite-a-outils\/quelles-solutions-a-proposer-a-ses-salaries-pendant-la-greve\/#primaryimage"},"thumbnailUrl":"https:\/\/www.wojo.com\/blog\/wp-content\/uploads\/2019\/11\/fabrizio-verrecchia-BXwbfuM0cdk-unsplash-e1575020169201-scaled.jpg","datePublished":"2019-11-29T08:30:21+00:00","dateModified":"2023-08-01T17:10:54+00:00","description":"Quelles solutions pour vos \u00e9quipes pendant la gr\u00e8ve ? Comment organiser leurs d\u00e9placements et minimiser l'impact de la gr\u00e8ve sur leur quotidien ? Solutions","breadcrumb":{"@id":"https:\/\/www.wojo.com\/blog\/fr\/la-boite-a-outils\/quelles-solutions-a-proposer-a-ses-salaries-pendant-la-greve\/#breadcrumb"},"inLanguage":"fr-FR","potentialAction":[{"@type":"ReadAction","target":["https:\/\/www.wojo.com\/blog\/fr\/la-boite-a-outils\/quelles-solutions-a-proposer-a-ses-salaries-pendant-la-greve\/"]}]},{"@type":"ImageObject","inLanguage":"fr-FR","@id":"https:\/\/www.wojo.com\/blog\/fr\/la-boite-a-outils\/quelles-solutions-a-proposer-a-ses-salaries-pendant-la-greve\/#primaryimage","url":"https:\/\/www.wojo.com\/blog\/wp-content\/uploads\/2019\/11\/fabrizio-verrecchia-BXwbfuM0cdk-unsplash-e1575020169201-scaled.jpg","contentUrl":"https:\/\/www.wojo.com\/blog\/wp-content\/uploads\/2019\/11\/fabrizio-verrecchia-BXwbfuM0cdk-unsplash-e1575020169201-scaled.jpg","width":2560,"height":1293,"caption":"Wojo Spot, solution de travail pendant la gr\u00e8ve"},{"@type":"BreadcrumbList","@id":"https:\/\/www.wojo.com\/blog\/fr\/la-boite-a-outils\/quelles-solutions-a-proposer-a-ses-salaries-pendant-la-greve\/#breadcrumb","itemListElement":[{"@type":"ListItem","position":1,"name":"Accueil","item":"https:\/\/www.wojo.com\/blog\/fr\/"},{"@type":"ListItem","position":2,"name":"La bo\u00eete \u00e0 outils","item":"https:\/\/www.wojo.com\/blog\/fr\/category\/la-boite-a-outils\/"},{"@type":"ListItem","position":3,"name":"3 solutions \u00e0 proposer \u00e0 ses salari\u00e9s pendant la gr\u00e8ve"}]},{"@type":"WebSite","@id":"https:\/\/www.wojo.com\/blog\/#website","url":"https:\/\/www.wojo.com\/blog\/","name":"Blog Wojo","description":"Work. Share. Live.","publisher":{"@id":"https:\/\/www.wojo.com\/blog\/#organization"},"potentialAction":[{"@type":"SearchAction","target":{"@type":"EntryPoint","urlTemplate":"https:\/\/www.wojo.com\/blog\/?s={search_term_string}"},"query-input":{"@type":"PropertyValueSpecification","valueRequired":true,"valueName":"search_term_string"}}],"inLanguage":"fr-FR"},{"@type":"Organization","@id":"https:\/\/www.wojo.com\/blog\/#organization","name":"Wojo","url":"https:\/\/www.wojo.com\/blog\/","logo":{"@type":"ImageObject","inLanguage":"fr-FR","@id":"https:\/\/www.wojo.com\/blog\/#\/schema\/logo\/image\/","url":"","contentUrl":"","caption":"Wojo"},"image":{"@id":"https:\/\/www.wojo.com\/blog\/#\/schema\/logo\/image\/"},"sameAs":["https:\/\/www.facebook.com\/Wojo.coworking\/","https:\/\/x.com\/Wojo_co","https:\/\/instagram.com\/wojo_co\/","https:\/\/www.linkedin.com\/company\/wojo-co\/","https:\/\/www.youtube.com\/channel\/UCorVBPUgSsTQ3zUR9CYSp8Q"]},{"@type":"Person","@id":"https:\/\/www.wojo.com\/blog\/#\/schema\/person\/52175cfaea09e0d3479bdd89e2993639","name":"Wojo"}]}},"_links":{"self":[{"href":"https:\/\/www.wojo.com\/blog\/wp-json\/wp\/v2\/posts\/7596","targetHints":{"allow":["GET"]}}],"collection":[{"href":"https:\/\/www.wojo.com\/blog\/wp-json\/wp\/v2\/posts"}],"about":[{"href":"https:\/\/www.wojo.com\/blog\/wp-json\/wp\/v2\/types\/post"}],"author":[{"embeddable":true,"href":"https:\/\/www.wojo.com\/blog\/wp-json\/wp\/v2\/users\/1"}],"replies":[{"embeddable":true,"href":"https:\/\/www.wojo.com\/blog\/wp-json\/wp\/v2\/comments?post=7596"}],"version-history":[{"count":0,"href":"https:\/\/www.wojo.com\/blog\/wp-json\/wp\/v2\/posts\/7596\/revisions"}],"wp:featuredmedia":[{"embeddable":true,"href":"https:\/\/www.wojo.com\/blog\/wp-json\/wp\/v2\/media\/7762"}],"wp:attachment":[{"href":"https:\/\/www.wojo.com\/blog\/wp-json\/wp\/v2\/media?parent=7596"}],"wp:term":[{"taxonomy":"category","embeddable":true,"href":"https:\/\/www.wojo.com\/blog\/wp-json\/wp\/v2\/categories?post=7596"},{"taxonomy":"post_tag","embeddable":true,"href":"https:\/\/www.wojo.com\/blog\/wp-json\/wp\/v2\/tags?post=7596"}],"curies":[{"name":"wp","href":"https:\/\/api.w.org\/{rel}","templated":true}]}}