{"id":8955,"date":"2020-05-07T14:14:30","date_gmt":"2020-05-07T12:14:30","guid":{"rendered":"https:\/\/www.wojo.com\/blog\/?p=8955"},"modified":"2023-08-01T16:47:13","modified_gmt":"2023-08-01T14:47:13","slug":"temps-de-travail-reduction-pour-reussir","status":"publish","type":"post","link":"https:\/\/www.wojo.com\/blog\/fr\/du-bonheur-en-boite\/temps-de-travail-reduction-pour-reussir\/","title":{"rendered":"Travailler moins pour r\u00e9ussir mieux : \u00e7a marche !"},"content":{"rendered":"<p><!-- wp:paragraph --><\/p>\n<p><strong>La p\u00e9riode exceptionnelle que nous traversons, et les bouleversements qu\u2019elle entra\u00eene dans l\u2019organisation des entreprises invite \u00e0 rouvrir un vieux d\u00e9bat&nbsp;: la r\u00e9duction du temps de travail. A-t-on vraiment besoin de travailler cinq jours par semaine, sept heures par jour, pour \u00eatre efficace&nbsp;? La productivit\u00e9 est-elle li\u00e9e au nombre d\u2019heures pass\u00e9es devant son poste de travail&nbsp;? Pas du tout, si l\u2019on en croit les tenants de la semaine de 4 jours et des journ\u00e9es de 5 heures, dont les r\u00e9sultats laissent r\u00eaveurs\u2026<\/strong><\/p>\n<p><!-- \/wp:paragraph --><\/p>\n<p><!-- wp:heading --><\/p>\n<h2 class=\"wp-block-heading\">Les Fran\u00e7ais sur le podium europ\u00e9en du temps de travail<\/h2>\n<p><!-- \/wp:heading --><\/p>\n<p><!-- wp:paragraph --><\/p>\n<p>D\u2019apr\u00e8s la <a href=\"http:\/\/www.leparisien.fr\/economie\/emploi\/temps-de-travail-les-francais-travaillent-ils-moins-que-leurs-voisins-22-04-2019-8058300.php\">derni\u00e8re<br \/>\n\u00e9tude europ\u00e9enne compl\u00e8te<\/a> men\u00e9e sur le sujet (2016), les salari\u00e9s fran\u00e7ais<br \/>\ntravaillent en moyenne 36,3 heures par semaine, et sont donc le troisi\u00e8me pays<br \/>\nle plus \u00ab&nbsp;travailleur&nbsp;\u00bb derri\u00e8re le Royaume-Uni (36,8) et l\u2019Espagne<br \/>\n(36,4). Les Allemands, eux, ne passent que 34,8 heures au travail en moyenne,<br \/>\net les Pays-Bas seulement 29,3 heures. <\/p>\n<p><!-- \/wp:paragraph --><\/p>\n<p><!-- wp:paragraph --><\/p>\n<p>Et les 35 heures dans tout \u00e7a, alors&nbsp;? Les attentes<br \/>\nn\u2019ayant pas diminu\u00e9 avec le nombre d\u2019heures travaill\u00e9es, la r\u00e9duction du temps<br \/>\nde travail n\u2019a fait qu\u2019intensifier la charge de travail dans les heures de<br \/>\npr\u00e9sence. Certes, on r\u00e9cup\u00e8re avec les R.T.T., mais sans doute pas assez,<br \/>\npuisqu\u2019en 2019, le cabinet Technologia, sp\u00e9cialis\u00e9 dans la pr\u00e9vention des<br \/>\nrisques au travail, estimait \u00e0 15% la part de la population active fran\u00e7aise<br \/>\npr\u00e9sentant un risque de burn-out. <\/p>\n<p><!-- \/wp:paragraph --><\/p>\n<p><!-- wp:paragraph --><\/p>\n<p><em>\u00c0 lire aussi&nbsp;: <\/em><a href=\"ttps:\/\/www.wojo.com\/blog\/du-bonheur-en-boite\/2020\/02\/28\/temps-de-travail-et-surmenage-trois-conseils\/\"><em>Temps<br \/>\nde travail et surmenage, gare aux d\u00e9rives<\/em><\/a><\/p>\n<p><!-- \/wp:paragraph --><\/p>\n<p><!-- wp:heading --><\/p>\n<h2 class=\"wp-block-heading\">Faut-il associer productivit\u00e9 et temps de travail&nbsp;? <\/h2>\n<p><!-- \/wp:heading --><\/p>\n<p><!-- wp:paragraph --><\/p>\n<p>\u00c0 en croire une \u00e9tude men\u00e9e par le cabinet anglais<br \/>\nInvitation Digital Ltd sur la productivit\u00e9, ce serait se fourrer le doigt dans<br \/>\nl\u2019\u0153il. Leur sondage r\u00e9v\u00e8le que les r\u00e9pondants ont travaill\u00e9 en moyenne\u2026 2<br \/>\nheures et 53 minutes sur toute leur journ\u00e9e de travail&nbsp;! Et le reste du<br \/>\ntemps alors&nbsp;? Ils ont pass\u00e9 44 minutes sur les r\u00e9seaux sociaux, surf\u00e9 1h05<br \/>\nsur des sites d\u2019actualit\u00e9s, chatt\u00e9 40 minutes sur des sujets non professionnels<br \/>\navec les coll\u00e8gues, consacr\u00e9 17 minutes \u00e0 leurs pauses caf\u00e9 \/ th\u00e9, 7 minutes \u00e0<br \/>\npr\u00e9parer leur repas, 23 minutes \u00e0 leurs pauses cigarettes, 14 \u00e0 l\u2019envoi de SMS,<br \/>\n18 \u00e0 textoter ou appeler leur.e ch\u00e9ri.e, 8 minutes \u00e0 grignoter et 26 minutes \u00e0<br \/>\nchercher un nouveau job. Un tiers d\u2019efficacit\u00e9 pour deux tiers de distractions,<br \/>\n\u00e7a<br \/>\nm\u00e9rite de se pencher sur la question, non&nbsp;? <\/p>\n<p><!-- \/wp:paragraph --><\/p>\n<p><!-- wp:paragraph --><\/p>\n<p>Alex Soojung Kim Pang, auteur de <a rel=\"noreferrer noopener\" aria-label=\" (s\u2019ouvre dans un nouvel onglet)\" href=\"http:\/\/www.strategy.rest\/?page_id=8645\" target=\"_blank\"><em>SHORTER -Work Better, Smarter, and Less<\/em><\/a> (2020) rench\u00e9rit&nbsp;: nous sommes efficaces au mieux 4 heures par jour, tandis que le repos stimule la cr\u00e9ativit\u00e9 et la pens\u00e9e innovante. Quant \u00e0 l\u2019\u00e9conomise italien Vilfredo Pareto, il rappelle que 80% des r\u00e9sultats obtenus reposent sur seulement 20% du travail fourni&nbsp;: il invite donc \u00e0 se concentrer sur ces 20%, en attaquant la journ\u00e9e par les t\u00e2ches les plus impactantes. &nbsp;<\/p>\n<p><!-- \/wp:paragraph --><\/p>\n<p><!-- wp:paragraph --><\/p>\n<p>Si on r\u00e9sume, travailler moins permettrait de booster la cr\u00e9ativit\u00e9 et le bien-\u00eatre des salari\u00e9s, en r\u00e9duisant leur stress. Un meilleur \u00e9quilibre vie professionnelle \/ vie personnelle am\u00e9liore leur moral, ce qui se ressent sur leur motivation et l\u2019\u00e9nergie investie dans leur travail&nbsp;: en bref, l\u2019entreprise y gagne. Alors, qu\u2019est-ce qu\u2019on attend&nbsp;? <\/p>\n<p><!-- \/wp:paragraph --><\/p>\n<p><!-- wp:heading --><\/p>\n<h2 class=\"wp-block-heading\">Le pr\u00e9sent\u00e9isme, un mal fran\u00e7ais ennemi de la r\u00e9duction du temps de travail  <\/h2>\n<p><!-- \/wp:heading --><\/p>\n<p><!-- wp:paragraph --><\/p>\n<p>Mais pour r\u00e9ussir \u00e0 envisager cette r\u00e9duction du temps de travail<br \/>\nen France, il serait temps de faire tomber des pr\u00e9jug\u00e9s tenaces. Selon une <a href=\"https:\/\/www.glassdoor.fr\/blog\/presenteisme-vous-sentez-vous-juge-de-quitter-le-bureau-avant-18h\/\">\u00e9tude<br \/>\nmen\u00e9e par GlassDoor<\/a>, un salari\u00e9 fran\u00e7ais sur trois se sent jug\u00e9 s\u2019il part<br \/>\navant 18h, m\u00eame s\u2019il a termin\u00e9 toutes ses t\u00e2ches, et un sur six (16%) pense<br \/>\nqu\u2019il est important d\u2019\u00eatre vu \u00e0 son poste de travail par ses coll\u00e8gues et son<br \/>\nmanager. <\/p>\n<p><!-- \/wp:paragraph --><\/p>\n<p><!-- wp:paragraph --><\/p>\n<p>La r\u00e9flexion sur la r\u00e9duction du temps de travail doit s\u2019accompagner<br \/>\nchez nous d\u2019une \u00e9volution dans l\u2019\u00e9valuation de la productivit\u00e9, en passant<br \/>\nd\u2019une culture de la pr\u00e9sence \u00e0 une culture des r\u00e9sultats. \u00c0<br \/>\nceux qui ricanent en lisant cela, remontez au paragraphe ci-dessus&nbsp;: de<br \/>\ntoutes fa\u00e7ons, on ne travaille vraiment qu\u2019un tiers de nos journ\u00e9es, alors\u2026 si<br \/>\non s\u2019organisait en fonction de cette r\u00e9alit\u00e9 plut\u00f4t que de s\u2019ent\u00eater \u00e0 la<br \/>\nnier&nbsp;? <\/p>\n<p><!-- \/wp:paragraph --><\/p>\n<p><!-- wp:heading --><\/p>\n<h2 class=\"wp-block-heading\">Travailler moins pour vivre mieux&nbsp;: les Fran\u00e7ais sont pr\u00eats !<\/h2>\n<p><!-- \/wp:heading --><\/p>\n<p><!-- wp:paragraph --><\/p>\n<p>En 2019, la jeune premi\u00e8re ministre finlandaise Sanna Marin suscitait <a href=\"https:\/\/www.lexpress.fr\/actualite\/monde\/finlande-le-passage-a-la-semaine-de-quatre-jours-finalement-pas-au-programme_2113750.html\" target=\"_blank\" rel=\"noreferrer noopener\" aria-label=\" (s\u2019ouvre dans un nouvel onglet)\">un buzz mondial<\/a> en sugg\u00e9rant que son pays passe \u00e0 la semaine de 4 jours, \u00e0 salaires \u00e9quivalents bien entendu. \u00c0 la cl\u00e9, plus de temps pour sa famille, ses amis, ses hobbies, ses loisirs, la culture\u2026 Bref, que des trucs importants et qui contribuent \u00e0 notre \u00e9quilibre personnel. S\u00e9duisant, non&nbsp;? <a href=\"https:\/\/www.nouvelobs.com\/societe\/20190528.OBS13602\/travailler-4-jours-par-semaine-60-des-francais-sont-pour.html\" target=\"_blank\" rel=\"noreferrer noopener\" aria-label=\" (s\u2019ouvre dans un nouvel onglet)\">60% des Fran\u00e7ais<\/a> sont bien d\u2019accord et seraient partant pour s\u2019y mettre. En Finlande, l\u2019id\u00e9e a suscit\u00e9 de tels d\u00e9bats qu\u2019elle a pour l\u2019instant \u00e9t\u00e9 rang\u00e9e au placard, mais certaines entreprises ont d\u00e9j\u00e0 adopt\u00e9 la semaine de 4 jours (voire moins) et s\u2019en f\u00e9licitent. <\/p>\n<p><!-- \/wp:paragraph --><\/p>\n<p><!-- wp:heading --><\/p>\n<h2 class=\"wp-block-heading\">La semaine de 4 jours \u00e0 volont\u00e9 ou une partie de l\u2019ann\u00e9e <\/h2>\n<p><!-- \/wp:heading --><\/p>\n<p><!-- wp:paragraph --><\/p>\n<p>L\u2019entreprise am\u00e9ricaine Basecamp et la PME fran\u00e7aise Love Radius, sp\u00e9cialis\u00e9e dans la confection et la commercialisation de porte-b\u00e9b\u00e9s, ont un point commun&nbsp;: de mai \u00e0 ao\u00fbt, leurs salari\u00e9s passent \u00e0 la semaine de 4 jours, sans baisse de salaire bien entendu. Gr\u00e2ce \u00e0 des outils de gestion performants et une solide organisation, ils profitent pleinement des beaux jours, et lissent la charge de travail sur l\u2019ensemble de l\u2019ann\u00e9e. \u00ab&nbsp;<em>Ce temps, on ne pourrait pas l\u2019offrir en salaire. <\/em>[\u2026] <em>Les salari\u00e9s sont plus autonomes, et d\u00e9veloppent donc une meilleure organisation<\/em>&nbsp;\u00bb explique Olivier S\u00e2les, fondateur de Love Radius, dans une <a href=\"https:\/\/start.lesechos.fr\/travailler-mieux\/vie-entreprise\/ces-entreprises-qui-travaillent-4-jours-par-semaine-1175575\" target=\"_blank\" rel=\"noreferrer noopener\" aria-label=\" (s\u2019ouvre dans un nouvel onglet)\">interview accord\u00e9e aux \u00c9chos<\/a>. <\/p>\n<p><!-- \/wp:paragraph --><\/p>\n<p><!-- wp:paragraph --><\/p>\n<p>En ao\u00fbt 2019, Microsoft a propos\u00e9 \u00e0 ses 2&nbsp;300 salari\u00e9s<br \/>\nau Japon de tester la semaine de 4 jours pendant un mois. Les r\u00e9sultats sont<br \/>\nimpressionnants&nbsp;: une hausse de 40% de la productivit\u00e9 par rapport \u00e0 ao\u00fbt<br \/>\n2018, 92% des salari\u00e9s s\u00e9duits par la semaine de 4 jours, et une consommation<br \/>\n\u00e9lectrique en baisse de 23%. Vu le succ\u00e8s, l\u2019entreprise a pr\u00e9vu de renouveler<br \/>\nl\u2019exp\u00e9rience. <\/p>\n<p><!-- \/wp:paragraph --><\/p>\n<p><!-- wp:heading --><\/p>\n<h2 class=\"wp-block-heading\">La semaine de 4 jours \u00e0 temps complet<\/h2>\n<p><!-- \/wp:heading --><\/p>\n<p><!-- wp:paragraph --><\/p>\n<p>Yprema, entreprise fran\u00e7aise de recyclage de mat\u00e9riaux, a mis en place la semaine de 4 jours depuis\u2026 1997&nbsp;! 80% des salari\u00e9s sont \u00e0 la semaine de quatre jours, et choisissent eux-m\u00eames leur troisi\u00e8me jour de cong\u00e9, en s\u2019organisant avec des bin\u00f4mes ou des trin\u00f4mes pour le suivi des en-cours. Si cela tient depuis plus de 20 ans, c\u2019est que \u00e7a fonctionne&nbsp;! <\/p>\n<p><!-- \/wp:paragraph --><\/p>\n<p><!-- wp:paragraph --><\/p>\n<p>Ce n\u2019est pas Andrew Barnes qui dira le contraire. Il a mis en place la semaine de 4 jours chez Perpetual Guardian, soci\u00e9t\u00e9 d\u2019investissement n\u00e9oz\u00e9landaise. Depuis 2018, 80% des 240 salari\u00e9s s\u2019octroient un jour de repos suppl\u00e9mentaire (et 20% non, mais c\u2019est leur choix&nbsp;!). Une \u00e9tude men\u00e9e avec l\u2019universit\u00e9 d\u2019Auckland a montr\u00e9 que la soci\u00e9t\u00e9 \u00e9tait pass\u00e9e de 54 \u00e0 78% de salari\u00e9s satisfaits de leur \u00e9quilibre de vie, et 20% se d\u00e9clarent plus impliqu\u00e9s. Leur productivit\u00e9 suit&nbsp;: en un an, elle a augment\u00e9 de 24%. Fort de ces r\u00e9sultats, Andrew a lanc\u00e9 le <a href=\"https:\/\/4dayweek.com\/\" target=\"_blank\" rel=\"noreferrer noopener\" aria-label=\" (s\u2019ouvre dans un nouvel onglet)\">4 Day Week<\/a> Global Campaign et arpente le globe pour convaincre les dirigeants de tenter l\u2019exp\u00e9rience. <\/p>\n<p><!-- \/wp:paragraph --><\/p>\n<p><!-- wp:paragraph --><\/p>\n<p>\u00c0 Nantes, l\u2019association Alis\u00e9e, qui sensibilise aux<br \/>\nquestions \u00e9nerg\u00e9tiques et environnementales, a fait le pari de l\u2019autonomie et<br \/>\nde la flexibilit\u00e9 en proposant \u00e0 ses salari\u00e9s de travailler seulement 32 heures<br \/>\npar semaine. Chacun s\u2019organise comme il le souhaite gr\u00e2ce \u00e0 un outil de gestion<br \/>\ndu temps. Les collaborateurs peuvent donc alterner des semaines de 40 heures<br \/>\navec des semaines de 3 jours, ou garder du temps pour rallonger leurs cong\u00e9s<br \/>\nd\u2019\u00e9t\u00e9\u2026 Une libert\u00e9 susceptible d\u2019attirer des talents en qu\u00eate d\u2019\u00e9quilibre vie<br \/>\nprofessionnelle \/ vie personnelle malgr\u00e9 des salaires \u00ab&nbsp;associatifs&nbsp;\u00bb&nbsp;!\n<\/p>\n<p><!-- \/wp:paragraph --><\/p>\n<p><!-- wp:heading --><\/p>\n<h2 class=\"wp-block-heading\">Travailler moins chaque jour, c\u2019est possible&nbsp;?  <\/h2>\n<p><!-- \/wp:heading --><\/p>\n<p><!-- wp:paragraph --><\/p>\n<p>Autre alternative pour les entreprises qui envisagent une r\u00e9duction du temps de travail : r\u00e9duire sa dur\u00e9e quotidienne. L\u2019entreprise Tower Paddle Boards, qui fabrique des paddles comme son nom l\u2019indique, a adopt\u00e9 la journ\u00e9e de 5 heures. Stephan Aarstol, son CEO, en a m\u00eame fait un livre, <a href=\"http:\/\/www.fivehourworkday.com\/\" target=\"_blank\" rel=\"noreferrer noopener\" aria-label=\" (s\u2019ouvre dans un nouvel onglet)\"><em>The Five Hour workday<\/em><\/a><em>. <\/em>Il y raconte comment ses employ\u00e9s travaillent de 8h \u00e0 13h, en s\u2019appuyant sur des outils et m\u00e9thodes performants. Pas de pause d\u00e9j\u2026 mais ensuite, ils sont libres&nbsp;! Au bout de trois mois, l\u2019entreprise affichait la plus forte croissance de San Diego. <\/p>\n<p><!-- \/wp:paragraph --><\/p>\n<p><!-- wp:paragraph --><\/p>\n<p>M\u00eame exp\u00e9rience en Australie chez Collins SBA, tr\u00e8s s\u00e9rieux<br \/>\ncabinet de conseil financier&nbsp;: depuis 2015, les salari\u00e9s travaillent en<br \/>\nmoyenne cinq heures par jour, et terminent au plus tard \u00e0 14h. Pour y parvenir,<br \/>\nils disposent d\u2019un logiciel de gestion du temps, ont \u00e9t\u00e9 form\u00e9s au stand-up<br \/>\nmeeting (les r\u00e9unions debout) et \u00e0 la gestion de leur bo\u00eete mail. Si les<br \/>\nr\u00e9sultats de l\u2019entreprise n\u2019ont pas p\u00e2ti de cette nouvelle organisation, les<br \/>\ncong\u00e9s maladie, eux, ont diminu\u00e9 de 12%&nbsp;!<\/p>\n<p><!-- \/wp:paragraph --><\/p>\n<p><!-- wp:paragraph --><\/p>\n<p><em>\u00c0 lire aussi&nbsp;: <\/em><a href=\"https:\/\/www.wojo.com\/blog\/la-boite-a-outils\/2018\/04\/19\/stand-up-meeting\/\" target=\"_blank\" rel=\"noreferrer noopener\" aria-label=\" (s\u2019ouvre dans un nouvel onglet)\"><em>\u00c7a sert \u00e0 quoi de faire des r\u00e9unions debout&nbsp;?<\/em><\/a><\/p>\n<p><!-- \/wp:paragraph --><\/p>\n<p><!-- wp:heading --><\/p>\n<h2 class=\"wp-block-heading\">La r\u00e9duction du temps de travail, une r\u00e9ponse \u00e0 la crise sanitaire ?<\/h2>\n<p><!-- \/wp:heading --><\/p>\n<p><!-- wp:paragraph --><\/p>\n<p>\u00c0 l\u2019heure o\u00f9 les entreprises doivent se r\u00e9inventer pour faire face aux mesures sanitaires, l\u2019<a href=\"https:\/\/www.wojo.com\/blog\/fr\/la-boite-a-outils\/gestion-du-temps-comment-lameliorer-bonnes-pratiques-et-outils\/\" target=\"_blank\" rel=\"noreferrer noopener\">optimisation <\/a>du temps de travail constitue une piste \u00e0 explorer. Les prouesses de productivit\u00e9 des salari\u00e9s pendant le confinement, qui ont r\u00e9ussi \u00e0 maintenir le cap malgr\u00e9 les enfants et l\u2019\u00e9cole \u00e0 la maison, ont d\u00e9montr\u00e9 que les Fran\u00e7ais sont parfaitement capables d\u2019optimiser leurs journ\u00e9es. Si vous n\u2019\u00eates pas encore pr\u00eats pour le grand saut de la semaine de 4 jours, pourquoi ne pas tenter d\u2019\u00e9voluer en douceur en creusant ces quelques pistes\u00a0? <\/p>\n<p><!-- \/wp:paragraph --><\/p>\n<p><!-- wp:list --><\/p>\n<ul><!-- wp:list-item --><\/p>\n<li><strong>Instaurez un reporting au r\u00e9sultat,<\/strong> avec des \u00e9tapes cl\u00e9s \u00e0 valider sur les projets et des d\u00e9lais \u00e0 respecter, plut\u00f4t qu\u2019un reporting au temps pass\u00e9. <\/li>\n<p><!-- \/wp:list-item --><\/p>\n<p><!-- wp:list-item --><\/p>\n<li><strong>Offrez de la flexibilit\u00e9 horaire \u00e0 vos salari\u00e9s<\/strong>, en gardant un tronc commun de quelques heures le matin o\u00f9 tous peuvent \u00e9changer facilement. <\/li>\n<p><!-- \/wp:list-item --><\/p>\n<p><!-- wp:list-item --><\/p>\n<li><strong>Offrez de la flexibilit\u00e9 physique<\/strong> en g\u00e9n\u00e9ralisant le recours au t\u00e9l\u00e9travail une fois sortis de la crise sanitaire, de pr\u00e9f\u00e9rence en espace de coworking \u00e0 proximit\u00e9 de leur domicile pour garantir un cadre de travail adapt\u00e9 \u00e0 vos salari\u00e9s. <\/li>\n<p><!-- \/wp:list-item --><\/p>\n<p><!-- wp:list-item --><\/p>\n<li><strong>F\u00e9licitez vos collaborateurs <\/strong>s\u2019ils terminent un dossier plus t\u00f4t que pr\u00e9vu\u2026 Et invitez-les \u00e0 profiter de leur temps libre plut\u00f4t que de leur confier un travail suppl\u00e9mentaire.&nbsp; <\/li>\n<p><!-- \/wp:list-item --><\/p>\n<p><!-- wp:list-item --><\/p>\n<li><strong>Formez-les \u00e0 la conduite efficace de r\u00e9union&nbsp;: <\/strong>invit\u00e9s, ordre du jour, dur\u00e9e, si tous les param\u00e8tres sont optimis\u00e9s, elles ne doivent pas durer plus d\u2019une heure. <\/li>\n<p><!-- \/wp:list-item --><\/ul>\n<p><!-- \/wp:list --><\/p>\n<p><!-- wp:paragraph --><\/p>\n<p>Profitez bien du temps libre que tout ceci va vous<br \/>\nd\u00e9gager&nbsp;!<\/p>\n<p><!-- \/wp:paragraph --><\/p>\n<p><!-- wp:button {\"backgroundColor\":\"vivid-cyan-blue\",\"className\":\"aligncenter\"} --><\/p>\n<div class=\"wp-block-button aligncenter\"><a class=\"wp-block-button__link has-vivid-cyan-blue-background-color has-background wp-element-button\" href=\"https:\/\/www.wojo.com\/\"> T\u00e9l\u00e9travail&nbsp;: d\u00e9couvrez les espaces Wojo partout en France <\/a><\/div>\n<p><!-- \/wp:button --><\/p>\n<p><!-- wp:paragraph --><\/p>\n<p><!-- \/wp:paragraph --><\/p>\n","protected":false},"excerpt":{"rendered":"<p>La p\u00e9riode exceptionnelle que nous traversons, et les bouleversements qu\u2019elle entra\u00eene dans l\u2019organisation des entreprises invite \u00e0 rouvrir un vieux d\u00e9bat&nbsp;: la r\u00e9duction du temps de travail. A-t-on vraiment besoin de travailler cinq jours par semaine, sept heures par jour, pour \u00eatre efficace&nbsp;? La productivit\u00e9 est-elle li\u00e9e au nombre d\u2019heures pass\u00e9es devant son poste de [&hellip;]<\/p>\n","protected":false},"author":1,"featured_media":8959,"comment_status":"closed","ping_status":"open","sticky":false,"template":"","format":"standard","meta":{"podcast_url_v2":"","footnotes":""},"categories":[14],"tags":[297,281,285,193],"class_list":["post-8955","post","type-post","status-publish","format-standard","has-post-thumbnail","hentry","category-du-bonheur-en-boite","tag-confinement","tag-management-fr","tag-qvt","tag-teletravail"],"yoast_head":"<!-- This site is optimized with the Yoast SEO plugin v27.4 - https:\/\/yoast.com\/product\/yoast-seo-wordpress\/ -->\n<title>Temps de travail : peut-on r\u00e9ussir en travaillant moins ?<\/title>\n<meta name=\"description\" content=\"Semaine de 4 jours, petites journ\u00e9es : r\u00e9duire le temps de travail permettrait-il de mieux r\u00e9ussir ? D&#039;apr\u00e8s ceux qui l&#039;ont test\u00e9, oui !\" \/>\n<meta name=\"robots\" content=\"index, follow, max-snippet:-1, max-image-preview:large, max-video-preview:-1\" \/>\n<link rel=\"canonical\" href=\"https:\/\/www.wojo.com\/blog\/fr\/du-bonheur-en-boite\/temps-de-travail-reduction-pour-reussir\/\" \/>\n<meta property=\"og:locale\" content=\"fr_FR\" \/>\n<meta property=\"og:type\" content=\"article\" \/>\n<meta property=\"og:title\" content=\"Temps de travail : peut-on r\u00e9ussir en travaillant moins ?\" \/>\n<meta property=\"og:description\" content=\"Semaine de 4 jours, petites journ\u00e9es : r\u00e9duire le temps de travail permettrait-il de mieux r\u00e9ussir ? D&#039;apr\u00e8s ceux qui l&#039;ont test\u00e9, oui !\" \/>\n<meta property=\"og:url\" content=\"https:\/\/www.wojo.com\/blog\/fr\/du-bonheur-en-boite\/temps-de-travail-reduction-pour-reussir\/\" \/>\n<meta property=\"og:site_name\" content=\"Blog Wojo\" \/>\n<meta property=\"article:publisher\" content=\"https:\/\/www.facebook.com\/Wojo.coworking\/\" \/>\n<meta property=\"article:published_time\" content=\"2020-05-07T12:14:30+00:00\" \/>\n<meta property=\"article:modified_time\" content=\"2023-08-01T14:47:13+00:00\" \/>\n<meta property=\"og:image\" content=\"https:\/\/www.wojo.com\/blog\/wp-content\/uploads\/2020\/05\/jeremy-bishop-xua0NYSuTF4-unsplash-scaled.jpg\" \/>\n\t<meta property=\"og:image:width\" content=\"2560\" \/>\n\t<meta property=\"og:image:height\" content=\"1707\" \/>\n\t<meta property=\"og:image:type\" content=\"image\/jpeg\" \/>\n<meta name=\"author\" content=\"Wojo\" \/>\n<meta name=\"twitter:card\" content=\"summary_large_image\" \/>\n<meta name=\"twitter:creator\" content=\"@Wojo_co\" \/>\n<meta name=\"twitter:site\" content=\"@Wojo_co\" \/>\n<meta name=\"twitter:label1\" content=\"\u00c9crit par\" \/>\n\t<meta name=\"twitter:data1\" content=\"Wojo\" \/>\n\t<meta name=\"twitter:label2\" content=\"Dur\u00e9e de lecture estim\u00e9e\" \/>\n\t<meta name=\"twitter:data2\" content=\"9 minutes\" \/>\n<script type=\"application\/ld+json\" class=\"yoast-schema-graph\">{\"@context\":\"https:\\\/\\\/schema.org\",\"@graph\":[{\"@type\":\"Article\",\"@id\":\"https:\\\/\\\/www.wojo.com\\\/blog\\\/fr\\\/du-bonheur-en-boite\\\/temps-de-travail-reduction-pour-reussir\\\/#article\",\"isPartOf\":{\"@id\":\"https:\\\/\\\/www.wojo.com\\\/blog\\\/fr\\\/du-bonheur-en-boite\\\/temps-de-travail-reduction-pour-reussir\\\/\"},\"author\":{\"name\":\"Wojo\",\"@id\":\"https:\\\/\\\/www.wojo.com\\\/blog\\\/#\\\/schema\\\/person\\\/52175cfaea09e0d3479bdd89e2993639\"},\"headline\":\"Travailler moins pour r\u00e9ussir mieux : \u00e7a marche !\",\"datePublished\":\"2020-05-07T12:14:30+00:00\",\"dateModified\":\"2023-08-01T14:47:13+00:00\",\"mainEntityOfPage\":{\"@id\":\"https:\\\/\\\/www.wojo.com\\\/blog\\\/fr\\\/du-bonheur-en-boite\\\/temps-de-travail-reduction-pour-reussir\\\/\"},\"wordCount\":1868,\"publisher\":{\"@id\":\"https:\\\/\\\/www.wojo.com\\\/blog\\\/#organization\"},\"image\":{\"@id\":\"https:\\\/\\\/www.wojo.com\\\/blog\\\/fr\\\/du-bonheur-en-boite\\\/temps-de-travail-reduction-pour-reussir\\\/#primaryimage\"},\"thumbnailUrl\":\"https:\\\/\\\/www.wojo.com\\\/blog\\\/wp-content\\\/uploads\\\/2020\\\/05\\\/jeremy-bishop-xua0NYSuTF4-unsplash-scaled.jpg\",\"keywords\":[\"Confinement\",\"Management - FR\",\"QVT\",\"T\u00e9l\u00e9travail\"],\"articleSection\":[\"Du bonheur en bo\u00eete\"],\"inLanguage\":\"fr-FR\"},{\"@type\":\"WebPage\",\"@id\":\"https:\\\/\\\/www.wojo.com\\\/blog\\\/fr\\\/du-bonheur-en-boite\\\/temps-de-travail-reduction-pour-reussir\\\/\",\"url\":\"https:\\\/\\\/www.wojo.com\\\/blog\\\/fr\\\/du-bonheur-en-boite\\\/temps-de-travail-reduction-pour-reussir\\\/\",\"name\":\"Temps de travail : peut-on r\u00e9ussir en travaillant moins ?\",\"isPartOf\":{\"@id\":\"https:\\\/\\\/www.wojo.com\\\/blog\\\/#website\"},\"primaryImageOfPage\":{\"@id\":\"https:\\\/\\\/www.wojo.com\\\/blog\\\/fr\\\/du-bonheur-en-boite\\\/temps-de-travail-reduction-pour-reussir\\\/#primaryimage\"},\"image\":{\"@id\":\"https:\\\/\\\/www.wojo.com\\\/blog\\\/fr\\\/du-bonheur-en-boite\\\/temps-de-travail-reduction-pour-reussir\\\/#primaryimage\"},\"thumbnailUrl\":\"https:\\\/\\\/www.wojo.com\\\/blog\\\/wp-content\\\/uploads\\\/2020\\\/05\\\/jeremy-bishop-xua0NYSuTF4-unsplash-scaled.jpg\",\"datePublished\":\"2020-05-07T12:14:30+00:00\",\"dateModified\":\"2023-08-01T14:47:13+00:00\",\"description\":\"Semaine de 4 jours, petites journ\u00e9es : r\u00e9duire le temps de travail permettrait-il de mieux r\u00e9ussir ? D'apr\u00e8s ceux qui l'ont test\u00e9, oui !\",\"breadcrumb\":{\"@id\":\"https:\\\/\\\/www.wojo.com\\\/blog\\\/fr\\\/du-bonheur-en-boite\\\/temps-de-travail-reduction-pour-reussir\\\/#breadcrumb\"},\"inLanguage\":\"fr-FR\",\"potentialAction\":[{\"@type\":\"ReadAction\",\"target\":[\"https:\\\/\\\/www.wojo.com\\\/blog\\\/fr\\\/du-bonheur-en-boite\\\/temps-de-travail-reduction-pour-reussir\\\/\"]}]},{\"@type\":\"ImageObject\",\"inLanguage\":\"fr-FR\",\"@id\":\"https:\\\/\\\/www.wojo.com\\\/blog\\\/fr\\\/du-bonheur-en-boite\\\/temps-de-travail-reduction-pour-reussir\\\/#primaryimage\",\"url\":\"https:\\\/\\\/www.wojo.com\\\/blog\\\/wp-content\\\/uploads\\\/2020\\\/05\\\/jeremy-bishop-xua0NYSuTF4-unsplash-scaled.jpg\",\"contentUrl\":\"https:\\\/\\\/www.wojo.com\\\/blog\\\/wp-content\\\/uploads\\\/2020\\\/05\\\/jeremy-bishop-xua0NYSuTF4-unsplash-scaled.jpg\",\"width\":2560,\"height\":1707,\"caption\":\"Wojo r\u00e9duction du temps de travail\"},{\"@type\":\"BreadcrumbList\",\"@id\":\"https:\\\/\\\/www.wojo.com\\\/blog\\\/fr\\\/du-bonheur-en-boite\\\/temps-de-travail-reduction-pour-reussir\\\/#breadcrumb\",\"itemListElement\":[{\"@type\":\"ListItem\",\"position\":1,\"name\":\"Accueil\",\"item\":\"https:\\\/\\\/www.wojo.com\\\/blog\\\/fr\\\/\"},{\"@type\":\"ListItem\",\"position\":2,\"name\":\"Du bonheur en bo\u00eete\",\"item\":\"https:\\\/\\\/www.wojo.com\\\/blog\\\/fr\\\/category\\\/du-bonheur-en-boite\\\/\"},{\"@type\":\"ListItem\",\"position\":3,\"name\":\"Travailler moins pour r\u00e9ussir mieux : \u00e7a marche !\"}]},{\"@type\":\"WebSite\",\"@id\":\"https:\\\/\\\/www.wojo.com\\\/blog\\\/#website\",\"url\":\"https:\\\/\\\/www.wojo.com\\\/blog\\\/\",\"name\":\"Blog Wojo\",\"description\":\"Work. Share. Live.\",\"publisher\":{\"@id\":\"https:\\\/\\\/www.wojo.com\\\/blog\\\/#organization\"},\"potentialAction\":[{\"@type\":\"SearchAction\",\"target\":{\"@type\":\"EntryPoint\",\"urlTemplate\":\"https:\\\/\\\/www.wojo.com\\\/blog\\\/?s={search_term_string}\"},\"query-input\":{\"@type\":\"PropertyValueSpecification\",\"valueRequired\":true,\"valueName\":\"search_term_string\"}}],\"inLanguage\":\"fr-FR\"},{\"@type\":\"Organization\",\"@id\":\"https:\\\/\\\/www.wojo.com\\\/blog\\\/#organization\",\"name\":\"Wojo\",\"url\":\"https:\\\/\\\/www.wojo.com\\\/blog\\\/\",\"logo\":{\"@type\":\"ImageObject\",\"inLanguage\":\"fr-FR\",\"@id\":\"https:\\\/\\\/www.wojo.com\\\/blog\\\/#\\\/schema\\\/logo\\\/image\\\/\",\"url\":\"\",\"contentUrl\":\"\",\"caption\":\"Wojo\"},\"image\":{\"@id\":\"https:\\\/\\\/www.wojo.com\\\/blog\\\/#\\\/schema\\\/logo\\\/image\\\/\"},\"sameAs\":[\"https:\\\/\\\/www.facebook.com\\\/Wojo.coworking\\\/\",\"https:\\\/\\\/x.com\\\/Wojo_co\",\"https:\\\/\\\/instagram.com\\\/wojo_co\\\/\",\"https:\\\/\\\/www.linkedin.com\\\/company\\\/wojo-co\\\/\",\"https:\\\/\\\/www.youtube.com\\\/channel\\\/UCorVBPUgSsTQ3zUR9CYSp8Q\"]},{\"@type\":\"Person\",\"@id\":\"https:\\\/\\\/www.wojo.com\\\/blog\\\/#\\\/schema\\\/person\\\/52175cfaea09e0d3479bdd89e2993639\",\"name\":\"Wojo\"}]}<\/script>\n<!-- \/ Yoast SEO plugin. -->","yoast_head_json":{"title":"Temps de travail : peut-on r\u00e9ussir en travaillant moins ?","description":"Semaine de 4 jours, petites journ\u00e9es : r\u00e9duire le temps de travail permettrait-il de mieux r\u00e9ussir ? D'apr\u00e8s ceux qui l'ont test\u00e9, oui !","robots":{"index":"index","follow":"follow","max-snippet":"max-snippet:-1","max-image-preview":"max-image-preview:large","max-video-preview":"max-video-preview:-1"},"canonical":"https:\/\/www.wojo.com\/blog\/fr\/du-bonheur-en-boite\/temps-de-travail-reduction-pour-reussir\/","og_locale":"fr_FR","og_type":"article","og_title":"Temps de travail : peut-on r\u00e9ussir en travaillant moins ?","og_description":"Semaine de 4 jours, petites journ\u00e9es : r\u00e9duire le temps de travail permettrait-il de mieux r\u00e9ussir ? D'apr\u00e8s ceux qui l'ont test\u00e9, oui !","og_url":"https:\/\/www.wojo.com\/blog\/fr\/du-bonheur-en-boite\/temps-de-travail-reduction-pour-reussir\/","og_site_name":"Blog Wojo","article_publisher":"https:\/\/www.facebook.com\/Wojo.coworking\/","article_published_time":"2020-05-07T12:14:30+00:00","article_modified_time":"2023-08-01T14:47:13+00:00","og_image":[{"width":2560,"height":1707,"url":"https:\/\/www.wojo.com\/blog\/wp-content\/uploads\/2020\/05\/jeremy-bishop-xua0NYSuTF4-unsplash-scaled.jpg","type":"image\/jpeg"}],"author":"Wojo","twitter_card":"summary_large_image","twitter_creator":"@Wojo_co","twitter_site":"@Wojo_co","twitter_misc":{"\u00c9crit par":"Wojo","Dur\u00e9e de lecture estim\u00e9e":"9 minutes"},"schema":{"@context":"https:\/\/schema.org","@graph":[{"@type":"Article","@id":"https:\/\/www.wojo.com\/blog\/fr\/du-bonheur-en-boite\/temps-de-travail-reduction-pour-reussir\/#article","isPartOf":{"@id":"https:\/\/www.wojo.com\/blog\/fr\/du-bonheur-en-boite\/temps-de-travail-reduction-pour-reussir\/"},"author":{"name":"Wojo","@id":"https:\/\/www.wojo.com\/blog\/#\/schema\/person\/52175cfaea09e0d3479bdd89e2993639"},"headline":"Travailler moins pour r\u00e9ussir mieux : \u00e7a marche !","datePublished":"2020-05-07T12:14:30+00:00","dateModified":"2023-08-01T14:47:13+00:00","mainEntityOfPage":{"@id":"https:\/\/www.wojo.com\/blog\/fr\/du-bonheur-en-boite\/temps-de-travail-reduction-pour-reussir\/"},"wordCount":1868,"publisher":{"@id":"https:\/\/www.wojo.com\/blog\/#organization"},"image":{"@id":"https:\/\/www.wojo.com\/blog\/fr\/du-bonheur-en-boite\/temps-de-travail-reduction-pour-reussir\/#primaryimage"},"thumbnailUrl":"https:\/\/www.wojo.com\/blog\/wp-content\/uploads\/2020\/05\/jeremy-bishop-xua0NYSuTF4-unsplash-scaled.jpg","keywords":["Confinement","Management - FR","QVT","T\u00e9l\u00e9travail"],"articleSection":["Du bonheur en bo\u00eete"],"inLanguage":"fr-FR"},{"@type":"WebPage","@id":"https:\/\/www.wojo.com\/blog\/fr\/du-bonheur-en-boite\/temps-de-travail-reduction-pour-reussir\/","url":"https:\/\/www.wojo.com\/blog\/fr\/du-bonheur-en-boite\/temps-de-travail-reduction-pour-reussir\/","name":"Temps de travail : peut-on r\u00e9ussir en travaillant moins ?","isPartOf":{"@id":"https:\/\/www.wojo.com\/blog\/#website"},"primaryImageOfPage":{"@id":"https:\/\/www.wojo.com\/blog\/fr\/du-bonheur-en-boite\/temps-de-travail-reduction-pour-reussir\/#primaryimage"},"image":{"@id":"https:\/\/www.wojo.com\/blog\/fr\/du-bonheur-en-boite\/temps-de-travail-reduction-pour-reussir\/#primaryimage"},"thumbnailUrl":"https:\/\/www.wojo.com\/blog\/wp-content\/uploads\/2020\/05\/jeremy-bishop-xua0NYSuTF4-unsplash-scaled.jpg","datePublished":"2020-05-07T12:14:30+00:00","dateModified":"2023-08-01T14:47:13+00:00","description":"Semaine de 4 jours, petites journ\u00e9es : r\u00e9duire le temps de travail permettrait-il de mieux r\u00e9ussir ? D'apr\u00e8s ceux qui l'ont test\u00e9, oui !","breadcrumb":{"@id":"https:\/\/www.wojo.com\/blog\/fr\/du-bonheur-en-boite\/temps-de-travail-reduction-pour-reussir\/#breadcrumb"},"inLanguage":"fr-FR","potentialAction":[{"@type":"ReadAction","target":["https:\/\/www.wojo.com\/blog\/fr\/du-bonheur-en-boite\/temps-de-travail-reduction-pour-reussir\/"]}]},{"@type":"ImageObject","inLanguage":"fr-FR","@id":"https:\/\/www.wojo.com\/blog\/fr\/du-bonheur-en-boite\/temps-de-travail-reduction-pour-reussir\/#primaryimage","url":"https:\/\/www.wojo.com\/blog\/wp-content\/uploads\/2020\/05\/jeremy-bishop-xua0NYSuTF4-unsplash-scaled.jpg","contentUrl":"https:\/\/www.wojo.com\/blog\/wp-content\/uploads\/2020\/05\/jeremy-bishop-xua0NYSuTF4-unsplash-scaled.jpg","width":2560,"height":1707,"caption":"Wojo r\u00e9duction du temps de travail"},{"@type":"BreadcrumbList","@id":"https:\/\/www.wojo.com\/blog\/fr\/du-bonheur-en-boite\/temps-de-travail-reduction-pour-reussir\/#breadcrumb","itemListElement":[{"@type":"ListItem","position":1,"name":"Accueil","item":"https:\/\/www.wojo.com\/blog\/fr\/"},{"@type":"ListItem","position":2,"name":"Du bonheur en bo\u00eete","item":"https:\/\/www.wojo.com\/blog\/fr\/category\/du-bonheur-en-boite\/"},{"@type":"ListItem","position":3,"name":"Travailler moins pour r\u00e9ussir mieux : \u00e7a marche !"}]},{"@type":"WebSite","@id":"https:\/\/www.wojo.com\/blog\/#website","url":"https:\/\/www.wojo.com\/blog\/","name":"Blog Wojo","description":"Work. Share. Live.","publisher":{"@id":"https:\/\/www.wojo.com\/blog\/#organization"},"potentialAction":[{"@type":"SearchAction","target":{"@type":"EntryPoint","urlTemplate":"https:\/\/www.wojo.com\/blog\/?s={search_term_string}"},"query-input":{"@type":"PropertyValueSpecification","valueRequired":true,"valueName":"search_term_string"}}],"inLanguage":"fr-FR"},{"@type":"Organization","@id":"https:\/\/www.wojo.com\/blog\/#organization","name":"Wojo","url":"https:\/\/www.wojo.com\/blog\/","logo":{"@type":"ImageObject","inLanguage":"fr-FR","@id":"https:\/\/www.wojo.com\/blog\/#\/schema\/logo\/image\/","url":"","contentUrl":"","caption":"Wojo"},"image":{"@id":"https:\/\/www.wojo.com\/blog\/#\/schema\/logo\/image\/"},"sameAs":["https:\/\/www.facebook.com\/Wojo.coworking\/","https:\/\/x.com\/Wojo_co","https:\/\/instagram.com\/wojo_co\/","https:\/\/www.linkedin.com\/company\/wojo-co\/","https:\/\/www.youtube.com\/channel\/UCorVBPUgSsTQ3zUR9CYSp8Q"]},{"@type":"Person","@id":"https:\/\/www.wojo.com\/blog\/#\/schema\/person\/52175cfaea09e0d3479bdd89e2993639","name":"Wojo"}]}},"_links":{"self":[{"href":"https:\/\/www.wojo.com\/blog\/wp-json\/wp\/v2\/posts\/8955","targetHints":{"allow":["GET"]}}],"collection":[{"href":"https:\/\/www.wojo.com\/blog\/wp-json\/wp\/v2\/posts"}],"about":[{"href":"https:\/\/www.wojo.com\/blog\/wp-json\/wp\/v2\/types\/post"}],"author":[{"embeddable":true,"href":"https:\/\/www.wojo.com\/blog\/wp-json\/wp\/v2\/users\/1"}],"replies":[{"embeddable":true,"href":"https:\/\/www.wojo.com\/blog\/wp-json\/wp\/v2\/comments?post=8955"}],"version-history":[{"count":0,"href":"https:\/\/www.wojo.com\/blog\/wp-json\/wp\/v2\/posts\/8955\/revisions"}],"wp:featuredmedia":[{"embeddable":true,"href":"https:\/\/www.wojo.com\/blog\/wp-json\/wp\/v2\/media\/8959"}],"wp:attachment":[{"href":"https:\/\/www.wojo.com\/blog\/wp-json\/wp\/v2\/media?parent=8955"}],"wp:term":[{"taxonomy":"category","embeddable":true,"href":"https:\/\/www.wojo.com\/blog\/wp-json\/wp\/v2\/categories?post=8955"},{"taxonomy":"post_tag","embeddable":true,"href":"https:\/\/www.wojo.com\/blog\/wp-json\/wp\/v2\/tags?post=8955"}],"curies":[{"name":"wp","href":"https:\/\/api.w.org\/{rel}","templated":true}]}}